{"id":14444,"date":"2017-10-20T09:26:24","date_gmt":"2017-10-20T13:26:24","guid":{"rendered":"http:\/\/blogdalucianaoliveira.com.br\/blog\/?p=14444"},"modified":"2017-10-20T09:27:26","modified_gmt":"2017-10-20T13:27:26","slug":"a-racao-de-doria-transformou-em-po-as-ambicoes-presidenciais-de-um-mau-prefeito","status":"publish","type":"post","link":"http:\/\/blogdalucianaoliveira.com.br\/blog\/2017\/10\/20\/a-racao-de-doria-transformou-em-po-as-ambicoes-presidenciais-de-um-mau-prefeito\/","title":{"rendered":"A ra\u00e7\u00e3o de Doria transformou em p\u00f3 as ambi\u00e7\u00f5es presidenciais de um mau prefeito"},"content":{"rendered":"<p>&nbsp;<\/p>\n<div class=\"td-a-rec td-a-rec-id-content_inline \">\n<div id=\"Post_Arroba1\" data-google-query-id=\"CJ-0qPGk_9YCFUSGkQodHuUKWg\">\n<div><img data-recalc-dims=\"1\" loading=\"lazy\" decoding=\"async\" data-attachment-id=\"14447\" data-permalink=\"http:\/\/blogdalucianaoliveira.com.br\/blog\/2017\/10\/20\/a-racao-de-doria-transformou-em-po-as-ambicoes-presidenciais-de-um-mau-prefeito\/ra\/\" data-orig-file=\"https:\/\/i0.wp.com\/blogdalucianaoliveira.com.br\/blog\/wp-content\/uploads\/2017\/10\/ra.jpg?fit=650%2C350\" data-orig-size=\"650,350\" data-comments-opened=\"0\" data-image-meta=\"{&quot;aperture&quot;:&quot;0&quot;,&quot;credit&quot;:&quot;&quot;,&quot;camera&quot;:&quot;&quot;,&quot;caption&quot;:&quot;&quot;,&quot;created_timestamp&quot;:&quot;0&quot;,&quot;copyright&quot;:&quot;&quot;,&quot;focal_length&quot;:&quot;0&quot;,&quot;iso&quot;:&quot;0&quot;,&quot;shutter_speed&quot;:&quot;0&quot;,&quot;title&quot;:&quot;&quot;,&quot;orientation&quot;:&quot;0&quot;}\" data-image-title=\"ra\" data-image-description=\"\" data-image-caption=\"\" data-medium-file=\"https:\/\/i0.wp.com\/blogdalucianaoliveira.com.br\/blog\/wp-content\/uploads\/2017\/10\/ra.jpg?fit=300%2C162\" data-large-file=\"https:\/\/i0.wp.com\/blogdalucianaoliveira.com.br\/blog\/wp-content\/uploads\/2017\/10\/ra.jpg?fit=600%2C323\" class=\"alignnone size-full wp-image-14447\" src=\"https:\/\/i0.wp.com\/blogdalucianaoliveira.com.br\/blog\/wp-content\/uploads\/2017\/10\/ra.jpg?resize=600%2C323\" alt=\"ra\" width=\"600\" height=\"323\" srcset=\"https:\/\/i0.wp.com\/blogdalucianaoliveira.com.br\/blog\/wp-content\/uploads\/2017\/10\/ra.jpg?w=650 650w, https:\/\/i0.wp.com\/blogdalucianaoliveira.com.br\/blog\/wp-content\/uploads\/2017\/10\/ra.jpg?resize=300%2C162 300w, https:\/\/i0.wp.com\/blogdalucianaoliveira.com.br\/blog\/wp-content\/uploads\/2017\/10\/ra.jpg?resize=557%2C300 557w\" sizes=\"auto, (max-width: 600px) 100vw, 600px\" \/><\/div>\n<div><\/div>\n<div><\/div>\n<div>O caso da ra\u00e7\u00e3o de Doria \u00e9 uma nova prova, provavelmente n\u00e3o a \u00faltima, de que o \u201cgestor\u201d \u00e9 um dos piores prefeitos que S\u00e3o Paulo jamais ter\u00e1.<\/div>\n<\/div>\n<\/div>\n<p><!--more--><\/p>\n<p class=\"p1\">No DCM, por Kiko Nogueira<\/p>\n<p class=\"p1\"><span class=\"s1\">O problema n\u00e3o \u00e9 o marketing em si. Todo pol\u00edtico \u2014 e ele, apesar da propaganda, \u00e9 um deles, tanto quanto um vereador de Coaraci dos Montes \u2014 faz marketing.<\/span><\/p>\n<div class=\"teads-inread sm-screen\">\n<div class=\"teads-ui-components-label\">A quest\u00e3o \u00e9 que Doria \u00e9 uma fraude at\u00e9 nisso.<\/div>\n<\/div>\n<p class=\"p1\"><span class=\"s1\">O evento de lan\u00e7amento da tal \u201cfarinata\u201d, repleto de padres e freiras a servi\u00e7o de Dom Odilo Scherer, o vasilhame com imagem de Nossa Senhora, o papo furado de que a gororoba era aben\u00e7oada, o gesto de colocar uma das bolinhas na boca e quase vomitar \u2014 n\u00e3o tinha como dar certo.<\/span><\/p>\n<p class=\"p1\"><span class=\"s1\">Doria tem pressa.<\/span><\/p>\n<p class=\"p1\"><span class=\"s1\">Em sua busca por se viabilizar como candidato \u00e0 presid\u00eancia da Rep\u00fablica, sempre subestimando a intelig\u00eancia alheia, ele descuidou da forma e do conte\u00fado.<\/span><\/p>\n<p class=\"p1\"><span class=\"s1\">A ONG Plataforma Digital n\u00e3o tem f\u00e1brica, ningu\u00e9m sabe quem \u00e9 dona Rosana Perrotti, especialistas n\u00e3o foram ouvidos, secret\u00e1rios foram atropelados.<\/span><\/p>\n<div class=\"teads-inread sm-screen\"><\/div>\n<p class=\"p1\"><span class=\"s1\">O Minist\u00e9rio\u00a0<\/span><span class=\"s2\">P\u00fablico<\/span><span class=\"s1\">\u00a0abriu um procedimento para investigar a distribui\u00e7\u00e3o do \u201ccomposto\u201d. Segundo o promotor Jos\u00e9 Carlos Bonilha, a ideia \u00e9 verificar o\u00a0<\/span><span class=\"s3\">valor\u00a0<\/span><span class=\"s1\">nutricional do produto.<\/span><\/p>\n<p class=\"p1\"><span class=\"s1\">\u201c\u00c9 nosso dever zelar pela seguran\u00e7a alimentar da popula\u00e7\u00e3o. Nesse momento a gente precisa entender melhor o que est\u00e1 acontecendo\u201d, diz.<\/span><\/p>\n<p class=\"p1\"><span class=\"s1\">A vereadora S\u00e2mia Bonfim ainda desenterrou um v\u00eddeo de 2011 do programa \u201cO Aprendiz\u201d, aquele em que Jo\u00e3o Doria imitava Donald Trump.<\/span><\/p>\n<figure id=\"attachment_181410\" class=\"wp-caption aligncenter\"><a href=\"http:\/\/www.diariodocentrodomundo.com.br\/a-racao-de-doria-transformou-em-po-as-ambicoes-presidenciais-de-um-mau-prefeito-por-kiko-nogueira\/doria-odilo\/\" rel=\"attachment wp-att-181410\"><img decoding=\"async\" class=\"size-full wp-image-181410\" src=\"https:\/\/i0.wp.com\/www.diariodocentrodomundo.com.br\/wp-content\/uploads\/2017\/10\/doria-odilo.jpg?resize=615%2C470\" sizes=\"(max-width: 615px) 100vw, 615px\" srcset=\"https:\/\/i0.wp.com\/www.diariodocentrodomundo.com.br\/wp-content\/uploads\/2017\/10\/doria-odilo.jpg?w=615 615w, https:\/\/i0.wp.com\/www.diariodocentrodomundo.com.br\/wp-content\/uploads\/2017\/10\/doria-odilo.jpg?resize=300%2C229 300w, https:\/\/i0.wp.com\/www.diariodocentrodomundo.com.br\/wp-content\/uploads\/2017\/10\/doria-odilo.jpg?resize=600%2C459 600w, https:\/\/i0.wp.com\/www.diariodocentrodomundo.com.br\/wp-content\/uploads\/2017\/10\/doria-odilo.jpg?resize=550%2C420 550w, https:\/\/i0.wp.com\/www.diariodocentrodomundo.com.br\/wp-content\/uploads\/2017\/10\/doria-odilo.jpg?resize=80%2C60 80w, https:\/\/i0.wp.com\/www.diariodocentrodomundo.com.br\/wp-content\/uploads\/2017\/10\/doria-odilo.jpg?resize=100%2C75 100w\" alt=\"\" data-attachment-id=\"181410\" data-permalink=\"http:\/\/www.diariodocentrodomundo.com.br\/a-racao-de-doria-transformou-em-po-as-ambicoes-presidenciais-de-um-mau-prefeito-por-kiko-nogueira\/doria-odilo\/\" data-orig-file=\"https:\/\/i0.wp.com\/www.diariodocentrodomundo.com.br\/wp-content\/uploads\/2017\/10\/doria-odilo.jpg?fit=615%2C470\" data-orig-size=\"615,470\" data-comments-opened=\"1\" data-image-meta=\"{&quot;aperture&quot;:&quot;0&quot;,&quot;credit&quot;:&quot;&quot;,&quot;camera&quot;:&quot;&quot;,&quot;caption&quot;:&quot;&quot;,&quot;created_timestamp&quot;:&quot;0&quot;,&quot;copyright&quot;:&quot;&quot;,&quot;focal_length&quot;:&quot;0&quot;,&quot;iso&quot;:&quot;0&quot;,&quot;shutter_speed&quot;:&quot;0&quot;,&quot;title&quot;:&quot;&quot;,&quot;orientation&quot;:&quot;0&quot;}\" data-image-title=\"doria \u2013 odilo\" data-image-description=\"\" data-medium-file=\"https:\/\/i0.wp.com\/www.diariodocentrodomundo.com.br\/wp-content\/uploads\/2017\/10\/doria-odilo.jpg?fit=300%2C229\" data-large-file=\"https:\/\/i0.wp.com\/www.diariodocentrodomundo.com.br\/wp-content\/uploads\/2017\/10\/doria-odilo.jpg?fit=600%2C459\" data-recalc-dims=\"1\" \/><\/a><figcaption class=\"wp-caption-text\">Doria tenta vender sua gororoba sob as b\u00ean\u00e7\u00e3os de Dom Odilo<\/figcaption><\/figure>\n<p>&nbsp;<\/p>\n<p class=\"p1\"><span class=\"s1\">Doria aparece dando uma dura em um dos participantes. \u201cDeixa eu s\u00f3 perguntar uma coisa: h\u00e1bitos alimentares? Voc\u00ea acha que gente humilde, gente pobre, gente miser\u00e1vel, que lamentavelmente est\u00e1 nas ruas de S\u00e3o Paulo, vai ter h\u00e1bito alimentar?\u201d, diz.<\/span><\/p>\n<p class=\"p1\"><span class=\"s1\">\u201cVoc\u00ea acha que algu\u00e9m pobre, humilde, miser\u00e1vel, infelizmente, pode ter h\u00e1bito alimentar? Se ele se alimentar, tem que dizer \u2018gra\u00e7as a Deus\u2019\u201d.<\/span><\/p>\n<p class=\"p1\"><span class=\"s1\">Ele agora recua. J\u00e1 foi anunciado que a coisa foi retirada da merenda escolar. Agora trata-se de dar um fim completo na \u201cfarinata\u201d, mas sem dar muito na pinta. Deixar o assunto morrer.<\/span><\/p>\n<p class=\"p1\"><span class=\"s1\">\u00c9 tarde demais e o estrago est\u00e1 feito. Para sempre o nome de Jo\u00e3o Doria estar\u00e1 atrelado ao termo \u201cra\u00e7\u00e3o humana\u201d.<\/span><\/p>\n<p class=\"p1\"><span class=\"s1\">O alcaide tem uma insensibilidade social invenc\u00edvel casada com mentalidade de milagreiro. Havia tentado \u201cextinguir\u201d a cracol\u00e2ndia com a PM. Faltava acabar com a fome com uma p\u00edlula feita de lixo reciclado.<\/span><\/p>\n<p class=\"p1\"><span class=\"s1\">Um desastre. Como diria seu mentor, rindo em alguma poltrona do Morumbi enquanto toma sua sopinha: o apressado come cru.<\/span><\/p>\n","protected":false},"excerpt":{"rendered":"<p>&nbsp; O caso da ra\u00e7\u00e3o de Doria \u00e9 uma nova prova, provavelmente n\u00e3o a \u00faltima, de que o \u201cgestor\u201d \u00e9 um dos piores prefeitos que S\u00e3o Paulo jamais ter\u00e1.<\/p>\n","protected":false},"author":1,"featured_media":0,"comment_status":"closed","ping_status":"open","sticky":false,"template":"","format":"standard","meta":{"_exactmetrics_skip_tracking":false,"_exactmetrics_sitenote_active":false,"_exactmetrics_sitenote_note":"","_exactmetrics_sitenote_category":0,"jetpack_post_was_ever_published":false,"_jetpack_newsletter_access":"","_jetpack_dont_email_post_to_subs":false,"_jetpack_newsletter_tier_id":0,"_jetpack_memberships_contains_paywalled_content":false,"_jetpack_memberships_contains_paid_content":false,"footnotes":"","jetpack_publicize_message":"","jetpack_publicize_feature_enabled":true,"jetpack_social_post_already_shared":true,"jetpack_social_options":{"image_generator_settings":{"template":"highway","enabled":false},"version":2}},"categories":[1],"tags":[],"class_list":["post-14444","post","type-post","status-publish","format-standard","hentry","category-notas"],"jetpack_publicize_connections":[],"jetpack_sharing_enabled":true,"jetpack_featured_media_url":"","jetpack_shortlink":"https:\/\/wp.me\/p7wKYW-3KY","jetpack-related-posts":[],"_links":{"self":[{"href":"http:\/\/blogdalucianaoliveira.com.br\/blog\/wp-json\/wp\/v2\/posts\/14444","targetHints":{"allow":["GET"]}}],"collection":[{"href":"http:\/\/blogdalucianaoliveira.com.br\/blog\/wp-json\/wp\/v2\/posts"}],"about":[{"href":"http:\/\/blogdalucianaoliveira.com.br\/blog\/wp-json\/wp\/v2\/types\/post"}],"author":[{"embeddable":true,"href":"http:\/\/blogdalucianaoliveira.com.br\/blog\/wp-json\/wp\/v2\/users\/1"}],"replies":[{"embeddable":true,"href":"http:\/\/blogdalucianaoliveira.com.br\/blog\/wp-json\/wp\/v2\/comments?post=14444"}],"version-history":[{"count":4,"href":"http:\/\/blogdalucianaoliveira.com.br\/blog\/wp-json\/wp\/v2\/posts\/14444\/revisions"}],"predecessor-version":[{"id":14449,"href":"http:\/\/blogdalucianaoliveira.com.br\/blog\/wp-json\/wp\/v2\/posts\/14444\/revisions\/14449"}],"wp:attachment":[{"href":"http:\/\/blogdalucianaoliveira.com.br\/blog\/wp-json\/wp\/v2\/media?parent=14444"}],"wp:term":[{"taxonomy":"category","embeddable":true,"href":"http:\/\/blogdalucianaoliveira.com.br\/blog\/wp-json\/wp\/v2\/categories?post=14444"},{"taxonomy":"post_tag","embeddable":true,"href":"http:\/\/blogdalucianaoliveira.com.br\/blog\/wp-json\/wp\/v2\/tags?post=14444"}],"curies":[{"name":"wp","href":"https:\/\/api.w.org\/{rel}","templated":true}]}}