{"id":14453,"date":"2017-10-20T13:26:11","date_gmt":"2017-10-20T17:26:11","guid":{"rendered":"http:\/\/blogdalucianaoliveira.com.br\/blog\/?p=14453"},"modified":"2017-10-20T13:53:00","modified_gmt":"2017-10-20T17:53:00","slug":"como-o-prefeito-vivera-sem-as-redes-sociais-como-espelho","status":"publish","type":"post","link":"http:\/\/blogdalucianaoliveira.com.br\/blog\/2017\/10\/20\/como-o-prefeito-vivera-sem-as-redes-sociais-como-espelho\/","title":{"rendered":"Como o prefeito viver\u00e1 sem as redes sociais como espelho?"},"content":{"rendered":"<p>&nbsp;<\/p>\n<p><img data-recalc-dims=\"1\" loading=\"lazy\" decoding=\"async\" data-attachment-id=\"14456\" data-permalink=\"http:\/\/blogdalucianaoliveira.com.br\/blog\/2017\/10\/20\/como-o-prefeito-vivera-sem-as-redes-sociais-como-espelho\/nar\/\" data-orig-file=\"https:\/\/i0.wp.com\/blogdalucianaoliveira.com.br\/blog\/wp-content\/uploads\/2017\/10\/nar.jpg?fit=1251%2C700\" data-orig-size=\"1251,700\" data-comments-opened=\"0\" data-image-meta=\"{&quot;aperture&quot;:&quot;0&quot;,&quot;credit&quot;:&quot;&quot;,&quot;camera&quot;:&quot;&quot;,&quot;caption&quot;:&quot;&quot;,&quot;created_timestamp&quot;:&quot;0&quot;,&quot;copyright&quot;:&quot;&quot;,&quot;focal_length&quot;:&quot;0&quot;,&quot;iso&quot;:&quot;0&quot;,&quot;shutter_speed&quot;:&quot;0&quot;,&quot;title&quot;:&quot;&quot;,&quot;orientation&quot;:&quot;0&quot;}\" data-image-title=\"nar\" data-image-description=\"\" data-image-caption=\"\" data-medium-file=\"https:\/\/i0.wp.com\/blogdalucianaoliveira.com.br\/blog\/wp-content\/uploads\/2017\/10\/nar.jpg?fit=300%2C168\" data-large-file=\"https:\/\/i0.wp.com\/blogdalucianaoliveira.com.br\/blog\/wp-content\/uploads\/2017\/10\/nar.jpg?fit=600%2C336\" class=\"alignnone size-full wp-image-14456\" src=\"https:\/\/i0.wp.com\/blogdalucianaoliveira.com.br\/blog\/wp-content\/uploads\/2017\/10\/nar.jpg?resize=600%2C336\" alt=\"nar\" width=\"600\" height=\"336\" srcset=\"https:\/\/i0.wp.com\/blogdalucianaoliveira.com.br\/blog\/wp-content\/uploads\/2017\/10\/nar.jpg?w=1251 1251w, https:\/\/i0.wp.com\/blogdalucianaoliveira.com.br\/blog\/wp-content\/uploads\/2017\/10\/nar.jpg?resize=300%2C168 300w, https:\/\/i0.wp.com\/blogdalucianaoliveira.com.br\/blog\/wp-content\/uploads\/2017\/10\/nar.jpg?resize=768%2C430 768w, https:\/\/i0.wp.com\/blogdalucianaoliveira.com.br\/blog\/wp-content\/uploads\/2017\/10\/nar.jpg?resize=1024%2C573 1024w, https:\/\/i0.wp.com\/blogdalucianaoliveira.com.br\/blog\/wp-content\/uploads\/2017\/10\/nar.jpg?resize=536%2C300 536w, https:\/\/i0.wp.com\/blogdalucianaoliveira.com.br\/blog\/wp-content\/uploads\/2017\/10\/nar.jpg?w=1200 1200w\" sizes=\"auto, (max-width: 600px) 100vw, 600px\" \/><\/p>\n<p>Na mitologia grega o personagem Narciso, filho do deus do rio Cefiso e da ninfa Lir\u00edope, era t\u00e3o bonito que n\u00e3o conseguiu corresponder ao amor de ninfas igualmente belas, porque apaixonou-se pela pr\u00f3pria imagem.<\/p>\n<p>Foi amaldi\u00e7oado a definhar na beira do leito de um rio, mirando-se.<!--more--><\/p>\n<p>Freud usou a lenda para classificar o amor exacerbado de um indiv\u00edduo por si pr\u00f3prio e sobretudo, por sua imagem, como um transtorno de personalidade.<\/p>\n<p>Na minha opini\u00e3o, o termo \u2018narcisista\u2019 cai bem ao prefeito de Ariquemes (RO), Thiago Flores (PMDB), que anunciou afastamento tempor\u00e1rio do cargo sem dizer por que, mas fez quest\u00e3o de revelar uma crise emocional por conta do uso das redes sociais.<\/p>\n<p>Foi na sua p\u00e1gina oficial no Facebook que disse estar \u201crefletindo sobre permanecer ou n\u00e3o\u201d com a exposi\u00e7\u00e3o &#8211; exagerada e muitas vezes sem nenhuma utilidade p\u00fablica \u2013 em m\u00eddias digitais.<\/p>\n<p>&nbsp;<\/p>\n<p><em>\u201cBoa noite amigos , passando pra desejar uma boa semana.<\/p>\n<p>Tamb\u00e9m informar sobre o meu pedido de afastamento do cargo de prefeito por alguns dias para resolver problemas de ordem pessoal.<\/p>\n<p>E por \u00faltimo , refletindo aqui sobre permanecer ou n\u00e3o nas redes sociais. Tem dias mais dif\u00edceis que os outros.\u201d<\/em><\/p>\n<p>&nbsp;<\/p>\n<p>Thiago Flores \u00e9 adepto da selfie mania.<\/p>\n<p>Publicou foto com regatinha, malhando ou na bicicleta, em pescarias, no estilo cowboy em arena de rodeio e com o dorso de fora na piscina.<\/p>\n<p><img data-recalc-dims=\"1\" loading=\"lazy\" decoding=\"async\" data-attachment-id=\"14455\" data-permalink=\"http:\/\/blogdalucianaoliveira.com.br\/blog\/2017\/10\/20\/como-o-prefeito-vivera-sem-as-redes-sociais-como-espelho\/aca-2\/\" data-orig-file=\"https:\/\/i0.wp.com\/blogdalucianaoliveira.com.br\/blog\/wp-content\/uploads\/2017\/10\/aca.jpg?fit=898%2C960\" data-orig-size=\"898,960\" data-comments-opened=\"0\" data-image-meta=\"{&quot;aperture&quot;:&quot;0&quot;,&quot;credit&quot;:&quot;&quot;,&quot;camera&quot;:&quot;&quot;,&quot;caption&quot;:&quot;&quot;,&quot;created_timestamp&quot;:&quot;0&quot;,&quot;copyright&quot;:&quot;&quot;,&quot;focal_length&quot;:&quot;0&quot;,&quot;iso&quot;:&quot;0&quot;,&quot;shutter_speed&quot;:&quot;0&quot;,&quot;title&quot;:&quot;&quot;,&quot;orientation&quot;:&quot;0&quot;}\" data-image-title=\"aca\" data-image-description=\"\" data-image-caption=\"\" data-medium-file=\"https:\/\/i0.wp.com\/blogdalucianaoliveira.com.br\/blog\/wp-content\/uploads\/2017\/10\/aca.jpg?fit=281%2C300\" data-large-file=\"https:\/\/i0.wp.com\/blogdalucianaoliveira.com.br\/blog\/wp-content\/uploads\/2017\/10\/aca.jpg?fit=600%2C641\" class=\"alignnone size-full wp-image-14455\" src=\"https:\/\/i0.wp.com\/blogdalucianaoliveira.com.br\/blog\/wp-content\/uploads\/2017\/10\/aca.jpg?resize=600%2C641\" alt=\"aca\" width=\"600\" height=\"641\" srcset=\"https:\/\/i0.wp.com\/blogdalucianaoliveira.com.br\/blog\/wp-content\/uploads\/2017\/10\/aca.jpg?w=898 898w, https:\/\/i0.wp.com\/blogdalucianaoliveira.com.br\/blog\/wp-content\/uploads\/2017\/10\/aca.jpg?resize=281%2C300 281w, https:\/\/i0.wp.com\/blogdalucianaoliveira.com.br\/blog\/wp-content\/uploads\/2017\/10\/aca.jpg?resize=768%2C821 768w\" sizes=\"auto, (max-width: 600px) 100vw, 600px\" \/><\/p>\n<p>&nbsp;<\/p>\n<p>Thiago Flores sabe que tem um belo porte f\u00edsico e explora isso sem modera\u00e7\u00e3o para se autopromover por meio das redes sociais.<\/p>\n<p>J\u00e1 se inscreveu at\u00e9 em campanha de Selfie Premiada para ganhar um pr\u00eamio de mil reais e anunciar como doa\u00e7\u00e3o \u00e0 entidade beneficente.<\/p>\n<p>Quando raspou o cabelo, perguntou: \u201cSer\u00e1 que \u00e9 dos carecas que elas gostam mais?\u201d<\/p>\n<p>&nbsp;<\/p>\n<p><img data-recalc-dims=\"1\" loading=\"lazy\" decoding=\"async\" data-attachment-id=\"14454\" data-permalink=\"http:\/\/blogdalucianaoliveira.com.br\/blog\/2017\/10\/20\/como-o-prefeito-vivera-sem-as-redes-sociais-como-espelho\/raspa\/\" data-orig-file=\"https:\/\/i0.wp.com\/blogdalucianaoliveira.com.br\/blog\/wp-content\/uploads\/2017\/10\/raspa.jpg?fit=720%2C960\" data-orig-size=\"720,960\" data-comments-opened=\"0\" data-image-meta=\"{&quot;aperture&quot;:&quot;0&quot;,&quot;credit&quot;:&quot;&quot;,&quot;camera&quot;:&quot;&quot;,&quot;caption&quot;:&quot;&quot;,&quot;created_timestamp&quot;:&quot;0&quot;,&quot;copyright&quot;:&quot;&quot;,&quot;focal_length&quot;:&quot;0&quot;,&quot;iso&quot;:&quot;0&quot;,&quot;shutter_speed&quot;:&quot;0&quot;,&quot;title&quot;:&quot;&quot;,&quot;orientation&quot;:&quot;0&quot;}\" data-image-title=\"raspa\" data-image-description=\"\" data-image-caption=\"\" data-medium-file=\"https:\/\/i0.wp.com\/blogdalucianaoliveira.com.br\/blog\/wp-content\/uploads\/2017\/10\/raspa.jpg?fit=225%2C300\" data-large-file=\"https:\/\/i0.wp.com\/blogdalucianaoliveira.com.br\/blog\/wp-content\/uploads\/2017\/10\/raspa.jpg?fit=600%2C800\" class=\"alignnone size-full wp-image-14454\" src=\"https:\/\/i0.wp.com\/blogdalucianaoliveira.com.br\/blog\/wp-content\/uploads\/2017\/10\/raspa.jpg?resize=600%2C800\" alt=\"raspa\" width=\"600\" height=\"800\" srcset=\"https:\/\/i0.wp.com\/blogdalucianaoliveira.com.br\/blog\/wp-content\/uploads\/2017\/10\/raspa.jpg?w=720 720w, https:\/\/i0.wp.com\/blogdalucianaoliveira.com.br\/blog\/wp-content\/uploads\/2017\/10\/raspa.jpg?resize=225%2C300 225w\" sizes=\"auto, (max-width: 600px) 100vw, 600px\" \/><\/p>\n<p>Colou a isca para ganhar curtidas, compartilhamentos e elogios por sua beleza.<\/p>\n<p>Foram mil coment\u00e1rios na publica\u00e7\u00e3o, a maioria exaltando a imagem e n\u00e3o o trabalho do prefeito.<\/p>\n<p>N\u00e3o h\u00e1 problema algum em revelar momentos de sua intimidade, mas o peso, o excesso, compromete a imagem como homem p\u00fablico.<\/p>\n<p>Mas, nada deu tanta visibilidade a Flores quanto a pol\u00eamica em que se envolveu ao apoiar a censura de livros did\u00e1ticos na rede p\u00fablica municipal.<\/p>\n<p>A decis\u00e3o da c\u00e2mara de vereadores de suprimir p\u00e1ginas que falavam de temas como diversidade familiar e homossexualidade, ganhou repercuss\u00e3o nacional.<\/p>\n<p>Para amortecer as cr\u00edticas, o prefeito foi \u00e0 Bras\u00edlia e gravou um v\u00eddeo com o deputado Eduardo Bolsonaro e, claro, publicou no Facebook.<\/p>\n<p>N\u00e3o teve jeito, virou marchinha de carnaval e ganhou o &#8216;Trof\u00e9u Pau de Sebo\u2019 do Grupo Gay da Bahia (GGB).<\/p>\n<p><img data-recalc-dims=\"1\" loading=\"lazy\" decoding=\"async\" data-attachment-id=\"14461\" data-permalink=\"http:\/\/blogdalucianaoliveira.com.br\/blog\/2017\/10\/20\/como-o-prefeito-vivera-sem-as-redes-sociais-como-espelho\/li-4\/\" data-orig-file=\"https:\/\/i0.wp.com\/blogdalucianaoliveira.com.br\/blog\/wp-content\/uploads\/2017\/10\/li-1.jpg?fit=620%2C465\" data-orig-size=\"620,465\" data-comments-opened=\"0\" data-image-meta=\"{&quot;aperture&quot;:&quot;0&quot;,&quot;credit&quot;:&quot;&quot;,&quot;camera&quot;:&quot;&quot;,&quot;caption&quot;:&quot;&quot;,&quot;created_timestamp&quot;:&quot;0&quot;,&quot;copyright&quot;:&quot;&quot;,&quot;focal_length&quot;:&quot;0&quot;,&quot;iso&quot;:&quot;0&quot;,&quot;shutter_speed&quot;:&quot;0&quot;,&quot;title&quot;:&quot;&quot;,&quot;orientation&quot;:&quot;0&quot;}\" data-image-title=\"li\" data-image-description=\"\" data-image-caption=\"\" data-medium-file=\"https:\/\/i0.wp.com\/blogdalucianaoliveira.com.br\/blog\/wp-content\/uploads\/2017\/10\/li-1.jpg?fit=300%2C225\" data-large-file=\"https:\/\/i0.wp.com\/blogdalucianaoliveira.com.br\/blog\/wp-content\/uploads\/2017\/10\/li-1.jpg?fit=600%2C450\" src=\"https:\/\/i0.wp.com\/blogdalucianaoliveira.com.br\/blog\/wp-content\/uploads\/2017\/10\/li-1.jpg?resize=600%2C450\" alt=\"li\" width=\"600\" height=\"450\" class=\"alignnone size-full wp-image-14461\" srcset=\"https:\/\/i0.wp.com\/blogdalucianaoliveira.com.br\/blog\/wp-content\/uploads\/2017\/10\/li-1.jpg?w=620 620w, https:\/\/i0.wp.com\/blogdalucianaoliveira.com.br\/blog\/wp-content\/uploads\/2017\/10\/li-1.jpg?resize=300%2C225 300w, https:\/\/i0.wp.com\/blogdalucianaoliveira.com.br\/blog\/wp-content\/uploads\/2017\/10\/li-1.jpg?resize=400%2C300 400w\" sizes=\"auto, (max-width: 600px) 100vw, 600px\" \/><\/p>\n<p>Vereadores e o prefeito foram processados pelos Minist\u00e9rios P\u00fablicos Estadual e Federal. Em primeira inst\u00e2ncia, o pedido foi negado, mas a ju\u00edza federal Maria L\u00facia Gomes de Souza acolheu o recurso e mandou distribuir os livros sem um p\u00e1gina faltando.<\/p>\n<p>\u201cN\u00e3o verifico qualquer apologia ou mesmo incentivo \u00e0 homoafetividade, tampouco h\u00e1 indevida incita\u00e7\u00e3o \u00e0 sexualidade precoce, conforme os fundamentos utilizados pelo prefeito, secret\u00e1rio de ensino e vereadores do munic\u00edpio, para justificar a n\u00e3o distribui\u00e7\u00e3o dos livros did\u00e1ticos\u201d, disse a ju\u00edza em sua decis\u00e3o.<\/p>\n<p>Como ningu\u00e9m sabe o motivo do afastamento do prefeito, resta tomar como \u00fatil, embora desnecess\u00e1ria, a pausa para avaliar sua conduta como internauta.<\/p>\n<p>Se ele abrir m\u00e3o das redes sociais como espelho ningu\u00e9m o achar\u00e1 feio e ter\u00e1 fim a ang\u00fastia virtual que expressa ao comunicar seu afastamento, apesar dos mais de 30 mil seguidores.<\/p>\n<p>Quem sou pra falar de exposi\u00e7\u00e3o demais nas redes sociais? Rsrs<br \/>\nUma pessoa comum.<br \/>\nN\u00e3o tenho cargo p\u00fablico e n\u00e3o estou em crise pelo uso da internet.<\/p>\n<p>&nbsp;<\/p>\n<p>&nbsp;<\/p>\n","protected":false},"excerpt":{"rendered":"<p>&nbsp; Na mitologia grega o personagem Narciso, filho do deus do rio Cefiso e da ninfa Lir\u00edope, era t\u00e3o bonito que n\u00e3o conseguiu corresponder ao amor de ninfas igualmente belas, porque apaixonou-se pela pr\u00f3pria imagem. Foi amaldi\u00e7oado a definhar na beira do leito de um rio, mirando-se.<\/p>\n","protected":false},"author":1,"featured_media":0,"comment_status":"closed","ping_status":"open","sticky":false,"template":"","format":"standard","meta":{"_exactmetrics_skip_tracking":false,"_exactmetrics_sitenote_active":false,"_exactmetrics_sitenote_note":"","_exactmetrics_sitenote_category":0,"jetpack_post_was_ever_published":false,"_jetpack_newsletter_access":"","_jetpack_dont_email_post_to_subs":false,"_jetpack_newsletter_tier_id":0,"_jetpack_memberships_contains_paywalled_content":false,"_jetpack_memberships_contains_paid_content":false,"footnotes":"","jetpack_publicize_message":"","jetpack_publicize_feature_enabled":true,"jetpack_social_post_already_shared":true,"jetpack_social_options":{"image_generator_settings":{"template":"highway","enabled":false},"version":2}},"categories":[1],"tags":[],"class_list":["post-14453","post","type-post","status-publish","format-standard","hentry","category-notas"],"jetpack_publicize_connections":[],"jetpack_sharing_enabled":true,"jetpack_featured_media_url":"","jetpack_shortlink":"https:\/\/wp.me\/p7wKYW-3L7","jetpack-related-posts":[],"_links":{"self":[{"href":"http:\/\/blogdalucianaoliveira.com.br\/blog\/wp-json\/wp\/v2\/posts\/14453","targetHints":{"allow":["GET"]}}],"collection":[{"href":"http:\/\/blogdalucianaoliveira.com.br\/blog\/wp-json\/wp\/v2\/posts"}],"about":[{"href":"http:\/\/blogdalucianaoliveira.com.br\/blog\/wp-json\/wp\/v2\/types\/post"}],"author":[{"embeddable":true,"href":"http:\/\/blogdalucianaoliveira.com.br\/blog\/wp-json\/wp\/v2\/users\/1"}],"replies":[{"embeddable":true,"href":"http:\/\/blogdalucianaoliveira.com.br\/blog\/wp-json\/wp\/v2\/comments?post=14453"}],"version-history":[{"count":8,"href":"http:\/\/blogdalucianaoliveira.com.br\/blog\/wp-json\/wp\/v2\/posts\/14453\/revisions"}],"predecessor-version":[{"id":14465,"href":"http:\/\/blogdalucianaoliveira.com.br\/blog\/wp-json\/wp\/v2\/posts\/14453\/revisions\/14465"}],"wp:attachment":[{"href":"http:\/\/blogdalucianaoliveira.com.br\/blog\/wp-json\/wp\/v2\/media?parent=14453"}],"wp:term":[{"taxonomy":"category","embeddable":true,"href":"http:\/\/blogdalucianaoliveira.com.br\/blog\/wp-json\/wp\/v2\/categories?post=14453"},{"taxonomy":"post_tag","embeddable":true,"href":"http:\/\/blogdalucianaoliveira.com.br\/blog\/wp-json\/wp\/v2\/tags?post=14453"}],"curies":[{"name":"wp","href":"https:\/\/api.w.org\/{rel}","templated":true}]}}