{"id":14475,"date":"2017-10-21T08:37:56","date_gmt":"2017-10-21T12:37:56","guid":{"rendered":"http:\/\/blogdalucianaoliveira.com.br\/blog\/?p=14475"},"modified":"2017-10-21T08:37:56","modified_gmt":"2017-10-21T12:37:56","slug":"filme-que-documenta-a-luta-das-atingidas-por-barragens-entra-em-cartaz-em-sao-paulo","status":"publish","type":"post","link":"http:\/\/blogdalucianaoliveira.com.br\/blog\/2017\/10\/21\/filme-que-documenta-a-luta-das-atingidas-por-barragens-entra-em-cartaz-em-sao-paulo\/","title":{"rendered":"Filme que documenta a luta das atingidas por barragens entra em cartaz em S\u00e3o Paulo"},"content":{"rendered":"<p><img data-recalc-dims=\"1\" loading=\"lazy\" decoding=\"async\" data-attachment-id=\"14476\" data-permalink=\"http:\/\/blogdalucianaoliveira.com.br\/blog\/2017\/10\/21\/filme-que-documenta-a-luta-das-atingidas-por-barragens-entra-em-cartaz-em-sao-paulo\/d9099e2f-e616-4350-8cfd-09c663665b13\/\" data-orig-file=\"https:\/\/i0.wp.com\/blogdalucianaoliveira.com.br\/blog\/wp-content\/uploads\/2017\/10\/D9099E2F-E616-4350-8CFD-09C663665B13.jpeg?fit=640%2C427\" data-orig-size=\"640,427\" data-comments-opened=\"0\" data-image-meta=\"{&quot;aperture&quot;:&quot;0&quot;,&quot;credit&quot;:&quot;&quot;,&quot;camera&quot;:&quot;&quot;,&quot;caption&quot;:&quot;&quot;,&quot;created_timestamp&quot;:&quot;0&quot;,&quot;copyright&quot;:&quot;&quot;,&quot;focal_length&quot;:&quot;0&quot;,&quot;iso&quot;:&quot;0&quot;,&quot;shutter_speed&quot;:&quot;0&quot;,&quot;title&quot;:&quot;&quot;,&quot;orientation&quot;:&quot;0&quot;}\" data-image-title=\"D9099E2F-E616-4350-8CFD-09C663665B13\" data-image-description=\"\" data-image-caption=\"\" data-medium-file=\"https:\/\/i0.wp.com\/blogdalucianaoliveira.com.br\/blog\/wp-content\/uploads\/2017\/10\/D9099E2F-E616-4350-8CFD-09C663665B13.jpeg?fit=300%2C200\" data-large-file=\"https:\/\/i0.wp.com\/blogdalucianaoliveira.com.br\/blog\/wp-content\/uploads\/2017\/10\/D9099E2F-E616-4350-8CFD-09C663665B13.jpeg?fit=600%2C400\" src=\"https:\/\/i0.wp.com\/blogdalucianaoliveira.com.br\/blog\/wp-content\/uploads\/2017\/10\/D9099E2F-E616-4350-8CFD-09C663665B13.jpeg?resize=600%2C400\" alt=\"D9099E2F-E616-4350-8CFD-09C663665B13\" width=\"600\" height=\"400\" class=\"alignnone size-full wp-image-14476\" srcset=\"https:\/\/i0.wp.com\/blogdalucianaoliveira.com.br\/blog\/wp-content\/uploads\/2017\/10\/D9099E2F-E616-4350-8CFD-09C663665B13.jpeg?w=640 640w, https:\/\/i0.wp.com\/blogdalucianaoliveira.com.br\/blog\/wp-content\/uploads\/2017\/10\/D9099E2F-E616-4350-8CFD-09C663665B13.jpeg?resize=300%2C200 300w, https:\/\/i0.wp.com\/blogdalucianaoliveira.com.br\/blog\/wp-content\/uploads\/2017\/10\/D9099E2F-E616-4350-8CFD-09C663665B13.jpeg?resize=450%2C300 450w\" sizes=\"auto, (max-width: 600px) 100vw, 600px\" \/><\/p>\n<p>Brasil de Fato, por Rute Pina &#8211;  Aos 69 anos, Elvira Morato foi ao cinema pela primeira vez nesta quinta-feira (20) no Cine Belas Artes, onde o document\u00e1rio \u201cArpilleras: atingidas por barragens bordando a resist\u00eancia\u201d foi lan\u00e7ado em S\u00e3o Paulo (SP). Na tela, assistiu as hist\u00f3rias de mulheres como ela, que tiveram suas vidas impactadas pela constru\u00e7\u00e3o de barragens. <!--more--><\/p>\n<p>&#8220;Pra mim est\u00e1 sendo uma experi\u00eancia muito boa porque eu nunca tinha participado. Vim pela primeira vez e fiquei muito emocionada porque nunca tinha visto na minha vida&#8221;, contou Elvira, ap\u00f3s a sess\u00e3o.<\/p>\n<p>Ela vive no quilombo S\u00e3o Pedro, regi\u00e3o do Vale do Ribeira, no estado de S\u00e3o Paulo e integra o Movimento dos Atingidos por Barragens (MAB), entidade que organizou o filme de forma coletiva e aut\u00f4noma.<\/p>\n<p>A dire\u00e7\u00e3o \u00e9 assinada pelo coletivo de mulheres do Movimento e a narra\u00e7\u00e3o \u00e9 feita pela atriz Dira Paes. O filme exibe hist\u00f3rias das integrantes do MAB que utilizam t\u00e9cnica de bordado chilena chamada arpillera como meio para denunciar os crimes ambientais e as viola\u00e7\u00f5es aos direitos humanos que as constru\u00e7\u00f5es trazem para as comunidades delas.<\/p>\n<p>&#8220;\u00c9 muito gratificante estar divulgando atrav\u00e9s delas o nosso direito, nossa luta, o pedacinho da hist\u00f3ria que vivemos em cada comunidade. Temos algumas diferen\u00e7as entre uma comunidade e outra, mas vivemos a mesma luta&#8221;, conta Elvira.<\/p>\n<p>Lan\u00e7amento do filme em S\u00e3o Paulo. Foto: Marcelo Aguilar\/MAB<\/p>\n<p>Neudicl\u00e9ia de Oliveira, do coletivo nacional de comunica\u00e7\u00e3o do MAB, pontuou a import\u00e2ncia da exibi\u00e7\u00e3o do filme em um espa\u00e7o tradicional do circuito de cinema paulistano.<\/p>\n<p>&#8220;Para n\u00f3s \u00e9 uma conquista romper esse latif\u00fandio tamb\u00e9m da cultura e da arte. Para o movimento, isso tem uma import\u00e2ncia muito grande porque as pr\u00f3prias personagens do filme, muitas delas n\u00e3o tiveram acesso at\u00e9 hoje a uma sala de cinema&#8221;, relata.<\/p>\n<p>No filme, arpilleras de cinco regi\u00f5es do Brasil tecem em conjunto, trocam cartas e experi\u00eancias. O document\u00e1rio tem depoimentos e cenas fortes que retratam a viol\u00eancia das fam\u00edlias desalojadas de seus territ\u00f3rios por conta de grandes constru\u00e7\u00f5es.<\/p>\n<p>Mas, al\u00e9m das viola\u00e7\u00f5es, o document\u00e1rio tamb\u00e9m foca nas hist\u00f3rias de resist\u00eancia como a Claides Helga Kowahld, \u00fanica mulher entre os 119 homens que participavam do movimento na d\u00e9cada de 1980. <\/p>\n<p>Liciane Andrioli, da coordena\u00e7\u00e3o nacional do MAB, destaca o processo de constru\u00e7\u00e3o coletiva do filme, do financiamento ao roteiro:<\/p>\n<p>&#8220;A gente fez o filme rodando as cinco regi\u00f5es principais do Brasil destacando mulheres atingidas por Barragens, militantes do movimento que s\u00e3o as personagens do filme e abordam sua realidade, do ponto de vista desde a constru\u00e7\u00e3o e da participa\u00e7\u00e3o do movimento at\u00e9 an\u00e1lise delas do modelo energ\u00e9tico e a consequ\u00eancia na vida das mulheres&#8221;, destaca.<\/p>\n<p>O document\u00e1rio \u201cArpilleras: atingidas por barragens bordando a resist\u00eancia\u201d permanece em cartaz no Cine Belas Artes at\u00e9 o dia 26 de novembro. <\/p>\n<div class=\"jetpack-video-wrapper\"><iframe loading=\"lazy\" title=\"Arpilleras: atingidas por barragens bordando a resist\u00eancia (trailer)\" width=\"600\" height=\"338\" src=\"https:\/\/www.youtube.com\/embed\/N-Q3hRtcwiM?feature=oembed\" frameborder=\"0\" allow=\"accelerometer; autoplay; clipboard-write; encrypted-media; gyroscope; picture-in-picture; web-share\" referrerpolicy=\"strict-origin-when-cross-origin\" allowfullscreen><\/iframe><\/div>\n","protected":false},"excerpt":{"rendered":"<p>Brasil de Fato, por Rute Pina &#8211; Aos 69 anos, Elvira Morato foi ao cinema pela primeira vez nesta quinta-feira (20) no Cine Belas Artes, onde o document\u00e1rio \u201cArpilleras: atingidas por barragens bordando a resist\u00eancia\u201d foi lan\u00e7ado em S\u00e3o Paulo (SP). Na tela, assistiu as hist\u00f3rias de mulheres como ela, que tiveram suas vidas impactadas&#8230;<a class=\"more-link\" href=\"http:\/\/blogdalucianaoliveira.com.br\/blog\/2017\/10\/21\/filme-que-documenta-a-luta-das-atingidas-por-barragens-entra-em-cartaz-em-sao-paulo\/\">Continue a leitura <span class=\"meta-nav\">&raquo;<\/span><\/a><\/p>\n","protected":false},"author":1,"featured_media":0,"comment_status":"closed","ping_status":"open","sticky":false,"template":"","format":"standard","meta":{"_exactmetrics_skip_tracking":false,"_exactmetrics_sitenote_active":false,"_exactmetrics_sitenote_note":"","_exactmetrics_sitenote_category":0,"jetpack_post_was_ever_published":false,"_jetpack_newsletter_access":"","_jetpack_dont_email_post_to_subs":false,"_jetpack_newsletter_tier_id":0,"_jetpack_memberships_contains_paywalled_content":false,"_jetpack_memberships_contains_paid_content":false,"footnotes":"","jetpack_publicize_message":"","jetpack_publicize_feature_enabled":true,"jetpack_social_post_already_shared":true,"jetpack_social_options":{"image_generator_settings":{"template":"highway","enabled":false},"version":2}},"categories":[1],"tags":[],"class_list":["post-14475","post","type-post","status-publish","format-standard","hentry","category-notas"],"jetpack_publicize_connections":[],"jetpack_sharing_enabled":true,"jetpack_featured_media_url":"","jetpack_shortlink":"https:\/\/wp.me\/p7wKYW-3Lt","jetpack-related-posts":[],"_links":{"self":[{"href":"http:\/\/blogdalucianaoliveira.com.br\/blog\/wp-json\/wp\/v2\/posts\/14475","targetHints":{"allow":["GET"]}}],"collection":[{"href":"http:\/\/blogdalucianaoliveira.com.br\/blog\/wp-json\/wp\/v2\/posts"}],"about":[{"href":"http:\/\/blogdalucianaoliveira.com.br\/blog\/wp-json\/wp\/v2\/types\/post"}],"author":[{"embeddable":true,"href":"http:\/\/blogdalucianaoliveira.com.br\/blog\/wp-json\/wp\/v2\/users\/1"}],"replies":[{"embeddable":true,"href":"http:\/\/blogdalucianaoliveira.com.br\/blog\/wp-json\/wp\/v2\/comments?post=14475"}],"version-history":[{"count":1,"href":"http:\/\/blogdalucianaoliveira.com.br\/blog\/wp-json\/wp\/v2\/posts\/14475\/revisions"}],"predecessor-version":[{"id":14477,"href":"http:\/\/blogdalucianaoliveira.com.br\/blog\/wp-json\/wp\/v2\/posts\/14475\/revisions\/14477"}],"wp:attachment":[{"href":"http:\/\/blogdalucianaoliveira.com.br\/blog\/wp-json\/wp\/v2\/media?parent=14475"}],"wp:term":[{"taxonomy":"category","embeddable":true,"href":"http:\/\/blogdalucianaoliveira.com.br\/blog\/wp-json\/wp\/v2\/categories?post=14475"},{"taxonomy":"post_tag","embeddable":true,"href":"http:\/\/blogdalucianaoliveira.com.br\/blog\/wp-json\/wp\/v2\/tags?post=14475"}],"curies":[{"name":"wp","href":"https:\/\/api.w.org\/{rel}","templated":true}]}}