{"id":14481,"date":"2017-10-23T09:44:11","date_gmt":"2017-10-23T13:44:11","guid":{"rendered":"http:\/\/blogdalucianaoliveira.com.br\/blog\/?p=14481"},"modified":"2017-10-23T09:44:11","modified_gmt":"2017-10-23T13:44:11","slug":"com-temer-divida-publica-volta-a-subir-e-vai-a-estratosfericos-r-34-trilhoes","status":"publish","type":"post","link":"http:\/\/blogdalucianaoliveira.com.br\/blog\/2017\/10\/23\/com-temer-divida-publica-volta-a-subir-e-vai-a-estratosfericos-r-34-trilhoes\/","title":{"rendered":"COM TEMER, D\u00cdVIDA P\u00daBLICA VOLTA A SUBIR E VAI A ESTRATOSF\u00c9RICOS R$ 3,4 TRILH\u00d5ES"},"content":{"rendered":"<p><img data-recalc-dims=\"1\" loading=\"lazy\" decoding=\"async\" data-attachment-id=\"14482\" data-permalink=\"http:\/\/blogdalucianaoliveira.com.br\/blog\/2017\/10\/23\/com-temer-divida-publica-volta-a-subir-e-vai-a-estratosfericos-r-34-trilhoes\/bi\/\" data-orig-file=\"https:\/\/i0.wp.com\/blogdalucianaoliveira.com.br\/blog\/wp-content\/uploads\/2017\/10\/bi.jpg?fit=1000%2C357\" data-orig-size=\"1000,357\" data-comments-opened=\"0\" data-image-meta=\"{&quot;aperture&quot;:&quot;0&quot;,&quot;credit&quot;:&quot;&quot;,&quot;camera&quot;:&quot;&quot;,&quot;caption&quot;:&quot;&quot;,&quot;created_timestamp&quot;:&quot;0&quot;,&quot;copyright&quot;:&quot;&quot;,&quot;focal_length&quot;:&quot;0&quot;,&quot;iso&quot;:&quot;0&quot;,&quot;shutter_speed&quot;:&quot;0&quot;,&quot;title&quot;:&quot;&quot;,&quot;orientation&quot;:&quot;0&quot;}\" data-image-title=\"bi\" data-image-description=\"\" data-image-caption=\"\" data-medium-file=\"https:\/\/i0.wp.com\/blogdalucianaoliveira.com.br\/blog\/wp-content\/uploads\/2017\/10\/bi.jpg?fit=300%2C107\" data-large-file=\"https:\/\/i0.wp.com\/blogdalucianaoliveira.com.br\/blog\/wp-content\/uploads\/2017\/10\/bi.jpg?fit=600%2C214\" src=\"https:\/\/i0.wp.com\/blogdalucianaoliveira.com.br\/blog\/wp-content\/uploads\/2017\/10\/bi.jpg?resize=600%2C214\" alt=\"bi\" width=\"600\" height=\"214\" class=\"alignnone size-full wp-image-14482\" srcset=\"https:\/\/i0.wp.com\/blogdalucianaoliveira.com.br\/blog\/wp-content\/uploads\/2017\/10\/bi.jpg?w=1000 1000w, https:\/\/i0.wp.com\/blogdalucianaoliveira.com.br\/blog\/wp-content\/uploads\/2017\/10\/bi.jpg?resize=300%2C107 300w, https:\/\/i0.wp.com\/blogdalucianaoliveira.com.br\/blog\/wp-content\/uploads\/2017\/10\/bi.jpg?resize=768%2C274 768w, https:\/\/i0.wp.com\/blogdalucianaoliveira.com.br\/blog\/wp-content\/uploads\/2017\/10\/bi.jpg?resize=800%2C286 800w\" sizes=\"auto, (max-width: 600px) 100vw, 600px\" \/><\/p>\n<p>No 247, por Kelly Oliveira, rep\u00f3rter da Ag\u00eancia Brasil &#8211; A D\u00edvida P\u00fablica Federal \u2013 que inclui o endividamento interno e externo do Brasil \u2013 registrou aumento em setembro. O estoque da d\u00edvida subiu 0,79%, passando de R$ 3,404 trilh\u00f5es, em agosto, para R$ 3,430 trilh\u00f5es em setembro, informou hoje (23) a Secretaria do Tesouro Nacional do Minist\u00e9rio da Fazenda.<!--more--><\/p>\n<p>A D\u00edvida P\u00fablica Mobili\u00e1ria Federal interna (DPMFi), que \u00e9 a parte da d\u00edvida p\u00fablica que pode ser paga em reais, teve seu estoque ampliado em 0,78%, ao passar de R$ 3,286 trilh\u00f5es para R$ 3,311 trilh\u00f5es. Segundo o Tesouro, esse aumento \u00e9 devido ao pagamento de juros de R$ 25,98 bilh\u00f5es, compensado em parte pelo resgate l\u00edquido, ou seja, mais resgates do que emiss\u00f5es de t\u00edtulos p\u00fablicos, no valor total de R$ 46 milh\u00f5es.<\/p>\n<p>O estoque da D\u00edvida P\u00fablica Federal Externa, captada do mercado internacional, teve aumento de 1,22%, encerrando o m\u00eas passado em R$ 118,88 bilh\u00f5es (US$ 37,53 bilh\u00f5es).<\/p>\n<p>A varia\u00e7\u00e3o do endividamento do Tesouro pode ocorrer por meio da oferta de t\u00edtulos p\u00fablicos em leil\u00f5es pela internet (Tesouro Direto) ou pela emiss\u00e3o direta. Al\u00e9m disso, pode ocorrer assinatura de contratos de empr\u00e9stimo.<\/p>\n<p>Neste caso, o Tesouro toma empr\u00e9stimo de uma institui\u00e7\u00e3o ou de um banco de fomento, destinado a financiar o desenvolvimento de uma determinada regi\u00e3o. J\u00e1 a redu\u00e7\u00e3o do endividamento se d\u00e1, por exemplo, pelo resgate de t\u00edtulos.<\/p>\n<p>De acordo com o Plano Anual de Financiamento (PAF), a d\u00edvida p\u00fablica poder\u00e1 fechar este ano entre R$ 3,45 trilh\u00f5es e R$ 3,65 trilh\u00f5es.<\/p>\n","protected":false},"excerpt":{"rendered":"<p>No 247, por Kelly Oliveira, rep\u00f3rter da Ag\u00eancia Brasil &#8211; A D\u00edvida P\u00fablica Federal \u2013 que inclui o endividamento interno e externo do Brasil \u2013 registrou aumento em setembro. O estoque da d\u00edvida subiu 0,79%, passando de R$ 3,404 trilh\u00f5es, em agosto, para R$ 3,430 trilh\u00f5es em setembro, informou hoje (23) a Secretaria do Tesouro&#8230;<a class=\"more-link\" href=\"http:\/\/blogdalucianaoliveira.com.br\/blog\/2017\/10\/23\/com-temer-divida-publica-volta-a-subir-e-vai-a-estratosfericos-r-34-trilhoes\/\">Continue a leitura <span class=\"meta-nav\">&raquo;<\/span><\/a><\/p>\n","protected":false},"author":1,"featured_media":0,"comment_status":"closed","ping_status":"open","sticky":false,"template":"","format":"standard","meta":{"_exactmetrics_skip_tracking":false,"_exactmetrics_sitenote_active":false,"_exactmetrics_sitenote_note":"","_exactmetrics_sitenote_category":0,"jetpack_post_was_ever_published":false,"_jetpack_newsletter_access":"","_jetpack_dont_email_post_to_subs":false,"_jetpack_newsletter_tier_id":0,"_jetpack_memberships_contains_paywalled_content":false,"_jetpack_memberships_contains_paid_content":false,"footnotes":"","jetpack_publicize_message":"","jetpack_publicize_feature_enabled":true,"jetpack_social_post_already_shared":true,"jetpack_social_options":{"image_generator_settings":{"template":"highway","enabled":false},"version":2}},"categories":[1],"tags":[],"class_list":["post-14481","post","type-post","status-publish","format-standard","hentry","category-notas"],"jetpack_publicize_connections":[],"jetpack_sharing_enabled":true,"jetpack_featured_media_url":"","jetpack_shortlink":"https:\/\/wp.me\/p7wKYW-3Lz","jetpack-related-posts":[],"_links":{"self":[{"href":"http:\/\/blogdalucianaoliveira.com.br\/blog\/wp-json\/wp\/v2\/posts\/14481","targetHints":{"allow":["GET"]}}],"collection":[{"href":"http:\/\/blogdalucianaoliveira.com.br\/blog\/wp-json\/wp\/v2\/posts"}],"about":[{"href":"http:\/\/blogdalucianaoliveira.com.br\/blog\/wp-json\/wp\/v2\/types\/post"}],"author":[{"embeddable":true,"href":"http:\/\/blogdalucianaoliveira.com.br\/blog\/wp-json\/wp\/v2\/users\/1"}],"replies":[{"embeddable":true,"href":"http:\/\/blogdalucianaoliveira.com.br\/blog\/wp-json\/wp\/v2\/comments?post=14481"}],"version-history":[{"count":1,"href":"http:\/\/blogdalucianaoliveira.com.br\/blog\/wp-json\/wp\/v2\/posts\/14481\/revisions"}],"predecessor-version":[{"id":14483,"href":"http:\/\/blogdalucianaoliveira.com.br\/blog\/wp-json\/wp\/v2\/posts\/14481\/revisions\/14483"}],"wp:attachment":[{"href":"http:\/\/blogdalucianaoliveira.com.br\/blog\/wp-json\/wp\/v2\/media?parent=14481"}],"wp:term":[{"taxonomy":"category","embeddable":true,"href":"http:\/\/blogdalucianaoliveira.com.br\/blog\/wp-json\/wp\/v2\/categories?post=14481"},{"taxonomy":"post_tag","embeddable":true,"href":"http:\/\/blogdalucianaoliveira.com.br\/blog\/wp-json\/wp\/v2\/tags?post=14481"}],"curies":[{"name":"wp","href":"https:\/\/api.w.org\/{rel}","templated":true}]}}