{"id":14487,"date":"2017-10-23T09:47:56","date_gmt":"2017-10-23T13:47:56","guid":{"rendered":"http:\/\/blogdalucianaoliveira.com.br\/blog\/?p=14487"},"modified":"2017-10-23T09:47:56","modified_gmt":"2017-10-23T13:47:56","slug":"o-brasil-do-golpe-pariu-um-ministro-do-stf-que-critica-novela-e-bate-boca-no-twitter-como-lobao","status":"publish","type":"post","link":"http:\/\/blogdalucianaoliveira.com.br\/blog\/2017\/10\/23\/o-brasil-do-golpe-pariu-um-ministro-do-stf-que-critica-novela-e-bate-boca-no-twitter-como-lobao\/","title":{"rendered":"O Brasil do golpe pariu um ministro do STF que critica novela e bate boca no Twitter como Lob\u00e3o"},"content":{"rendered":"<p><img data-recalc-dims=\"1\" loading=\"lazy\" decoding=\"async\" data-attachment-id=\"14488\" data-permalink=\"http:\/\/blogdalucianaoliveira.com.br\/blog\/2017\/10\/23\/o-brasil-do-golpe-pariu-um-ministro-do-stf-que-critica-novela-e-bate-boca-no-twitter-como-lobao\/moraes-1\/\" data-orig-file=\"https:\/\/i0.wp.com\/blogdalucianaoliveira.com.br\/blog\/wp-content\/uploads\/2017\/10\/moraes-1.jpg?fit=560%2C366\" data-orig-size=\"560,366\" data-comments-opened=\"0\" data-image-meta=\"{&quot;aperture&quot;:&quot;0&quot;,&quot;credit&quot;:&quot;&quot;,&quot;camera&quot;:&quot;&quot;,&quot;caption&quot;:&quot;&quot;,&quot;created_timestamp&quot;:&quot;0&quot;,&quot;copyright&quot;:&quot;&quot;,&quot;focal_length&quot;:&quot;0&quot;,&quot;iso&quot;:&quot;0&quot;,&quot;shutter_speed&quot;:&quot;0&quot;,&quot;title&quot;:&quot;&quot;,&quot;orientation&quot;:&quot;0&quot;}\" data-image-title=\"moraes-1\" data-image-description=\"\" data-image-caption=\"\" data-medium-file=\"https:\/\/i0.wp.com\/blogdalucianaoliveira.com.br\/blog\/wp-content\/uploads\/2017\/10\/moraes-1.jpg?fit=300%2C196\" data-large-file=\"https:\/\/i0.wp.com\/blogdalucianaoliveira.com.br\/blog\/wp-content\/uploads\/2017\/10\/moraes-1.jpg?fit=560%2C366\" src=\"https:\/\/i0.wp.com\/blogdalucianaoliveira.com.br\/blog\/wp-content\/uploads\/2017\/10\/moraes-1.jpg?resize=560%2C366\" alt=\"moraes-1\" width=\"560\" height=\"366\" class=\"alignnone size-full wp-image-14488\" srcset=\"https:\/\/i0.wp.com\/blogdalucianaoliveira.com.br\/blog\/wp-content\/uploads\/2017\/10\/moraes-1.jpg?w=560 560w, https:\/\/i0.wp.com\/blogdalucianaoliveira.com.br\/blog\/wp-content\/uploads\/2017\/10\/moraes-1.jpg?resize=300%2C196 300w, https:\/\/i0.wp.com\/blogdalucianaoliveira.com.br\/blog\/wp-content\/uploads\/2017\/10\/moraes-1.jpg?resize=459%2C300 459w\" sizes=\"auto, (max-width: 560px) 100vw, 560px\" \/><\/p>\n<p>No DCM, por Kiko Nogueira &#8211; Por mais baixas que fossem suas expectativas com Alexandre de Moraes, e elas resvalavam o ch\u00e3o, voc\u00ea n\u00e3o contava que ele fosse virar cr\u00edtico de novela.<!--more--><\/p>\n<p>Mas tudo \u00e9 poss\u00edvel no novo normal do Brasil. At\u00e9 ministro do STF dando pitaco sobre folhetim da Globo.<\/p>\n<p>Moraes usou sua conta no Twitter para tecer considera\u00e7\u00f5es acerca de \u201cA For\u00e7a do Querer\u201d, cujo \u00faltimo cap\u00edtulo foi ao ar na sexta.<\/p>\n<p>\u201cVoc\u00eas concordam com o glamour do tr\u00e1fico de drogas, banhado a sangue contra o trabalho s\u00e9rio do povo brasileiro?\u201d, questionou no Twitter.<\/p>\n<p>Bateu tamb\u00e9m em Josias de Souza, colunista do Uol.<\/p>\n<p>\u201cIgnor\u00e2ncia, burrice, apoio ao tr\u00e1fico, ou tudo junto, que soma mais de 40% das mortes no pa\u00eds. \u00c9 f\u00e1cil criticar sem conhecer a realidade\u201d, disse.<\/p>\n<p>Os tu\u00edtes instigaram os internautas. E ent\u00e3o Alexandre de Moraes se transformou em Lob\u00e3o.<\/p>\n<p>Um vexame completo. \u201cVai plantar p\u00e9 de maconha, bicho\u201d, sugere um sujeito. \u201cV\u00e1 trabalhar!\u201d, devolve o ministro. E por a\u00ed afora, ladeira abaixo.<\/p>\n<p>O sil\u00eancio e o decoro dos ju\u00edzes, virtualmente desaparecidos, tinham uma fun\u00e7\u00e3o marginal no tempo em que ningu\u00e9m sabia o nome deles: pareciam especiais, inteligentes, de alguma maneira superiores.<\/p>\n<p>No momento em que tiveram suas sess\u00f5es televisionadas, ficaram expostas suas virtudes intelectuais. O Mensal\u00e3o os tornou estrelas. Faltava partirem para a porrada nas redes sociais.<\/p>\n<p>Com o cad\u00e1ver da democracia fresquinho ap\u00f3s o caso A\u00e9cio, incidente que tem as digitais da Corte, Alexandre de Moraes se p\u00f5e a deblaterar a respeito de um lixo de entretenimento que, em tr\u00eas dias, ser\u00e1 esquecido.<\/p>\n<p>Para quem achou que Gilmar era nosso limite, ganhamos Moraes. E isso \u00e9 s\u00f3 o come\u00e7o.<\/p>\n<p>Pode esperar suas considera\u00e7\u00f5es a respeito do campeonato brasileiro de pontos corridos e a nudez na arte. Contando: 10, 9, 8, 7\u2026<\/p>\n","protected":false},"excerpt":{"rendered":"<p>No DCM, por Kiko Nogueira &#8211; Por mais baixas que fossem suas expectativas com Alexandre de Moraes, e elas resvalavam o ch\u00e3o, voc\u00ea n\u00e3o contava que ele fosse virar cr\u00edtico de novela.<\/p>\n","protected":false},"author":1,"featured_media":0,"comment_status":"closed","ping_status":"open","sticky":false,"template":"","format":"standard","meta":{"_exactmetrics_skip_tracking":false,"_exactmetrics_sitenote_active":false,"_exactmetrics_sitenote_note":"","_exactmetrics_sitenote_category":0,"jetpack_post_was_ever_published":false,"_jetpack_newsletter_access":"","_jetpack_dont_email_post_to_subs":false,"_jetpack_newsletter_tier_id":0,"_jetpack_memberships_contains_paywalled_content":false,"_jetpack_memberships_contains_paid_content":false,"footnotes":"","jetpack_publicize_message":"","jetpack_publicize_feature_enabled":true,"jetpack_social_post_already_shared":true,"jetpack_social_options":{"image_generator_settings":{"template":"highway","enabled":false},"version":2}},"categories":[1],"tags":[],"class_list":["post-14487","post","type-post","status-publish","format-standard","hentry","category-notas"],"jetpack_publicize_connections":[],"jetpack_sharing_enabled":true,"jetpack_featured_media_url":"","jetpack_shortlink":"https:\/\/wp.me\/p7wKYW-3LF","jetpack-related-posts":[],"_links":{"self":[{"href":"http:\/\/blogdalucianaoliveira.com.br\/blog\/wp-json\/wp\/v2\/posts\/14487","targetHints":{"allow":["GET"]}}],"collection":[{"href":"http:\/\/blogdalucianaoliveira.com.br\/blog\/wp-json\/wp\/v2\/posts"}],"about":[{"href":"http:\/\/blogdalucianaoliveira.com.br\/blog\/wp-json\/wp\/v2\/types\/post"}],"author":[{"embeddable":true,"href":"http:\/\/blogdalucianaoliveira.com.br\/blog\/wp-json\/wp\/v2\/users\/1"}],"replies":[{"embeddable":true,"href":"http:\/\/blogdalucianaoliveira.com.br\/blog\/wp-json\/wp\/v2\/comments?post=14487"}],"version-history":[{"count":1,"href":"http:\/\/blogdalucianaoliveira.com.br\/blog\/wp-json\/wp\/v2\/posts\/14487\/revisions"}],"predecessor-version":[{"id":14489,"href":"http:\/\/blogdalucianaoliveira.com.br\/blog\/wp-json\/wp\/v2\/posts\/14487\/revisions\/14489"}],"wp:attachment":[{"href":"http:\/\/blogdalucianaoliveira.com.br\/blog\/wp-json\/wp\/v2\/media?parent=14487"}],"wp:term":[{"taxonomy":"category","embeddable":true,"href":"http:\/\/blogdalucianaoliveira.com.br\/blog\/wp-json\/wp\/v2\/categories?post=14487"},{"taxonomy":"post_tag","embeddable":true,"href":"http:\/\/blogdalucianaoliveira.com.br\/blog\/wp-json\/wp\/v2\/tags?post=14487"}],"curies":[{"name":"wp","href":"https:\/\/api.w.org\/{rel}","templated":true}]}}