{"id":14490,"date":"2017-10-23T10:21:07","date_gmt":"2017-10-23T14:21:07","guid":{"rendered":"http:\/\/blogdalucianaoliveira.com.br\/blog\/?p=14490"},"modified":"2017-10-23T10:21:07","modified_gmt":"2017-10-23T14:21:07","slug":"campanha-contra-fome-e-retomada-10-anos-apos-ultima-edicao","status":"publish","type":"post","link":"http:\/\/blogdalucianaoliveira.com.br\/blog\/2017\/10\/23\/campanha-contra-fome-e-retomada-10-anos-apos-ultima-edicao\/","title":{"rendered":"CAMPANHA CONTRA FOME \u00c9 RETOMADA 10 ANOS AP\u00d3S \u00daLTIMA EDI\u00c7\u00c3O"},"content":{"rendered":"<p><img data-recalc-dims=\"1\" loading=\"lazy\" decoding=\"async\" data-attachment-id=\"14491\" data-permalink=\"http:\/\/blogdalucianaoliveira.com.br\/blog\/2017\/10\/23\/campanha-contra-fome-e-retomada-10-anos-apos-ultima-edicao\/fome\/\" data-orig-file=\"https:\/\/i0.wp.com\/blogdalucianaoliveira.com.br\/blog\/wp-content\/uploads\/2017\/10\/fome.jpg?fit=580%2C388\" data-orig-size=\"580,388\" data-comments-opened=\"0\" data-image-meta=\"{&quot;aperture&quot;:&quot;0&quot;,&quot;credit&quot;:&quot;&quot;,&quot;camera&quot;:&quot;&quot;,&quot;caption&quot;:&quot;&quot;,&quot;created_timestamp&quot;:&quot;0&quot;,&quot;copyright&quot;:&quot;&quot;,&quot;focal_length&quot;:&quot;0&quot;,&quot;iso&quot;:&quot;0&quot;,&quot;shutter_speed&quot;:&quot;0&quot;,&quot;title&quot;:&quot;&quot;,&quot;orientation&quot;:&quot;0&quot;}\" data-image-title=\"fome\" data-image-description=\"\" data-image-caption=\"\" data-medium-file=\"https:\/\/i0.wp.com\/blogdalucianaoliveira.com.br\/blog\/wp-content\/uploads\/2017\/10\/fome.jpg?fit=300%2C201\" data-large-file=\"https:\/\/i0.wp.com\/blogdalucianaoliveira.com.br\/blog\/wp-content\/uploads\/2017\/10\/fome.jpg?fit=580%2C388\" class=\"alignnone size-full wp-image-14491\" src=\"https:\/\/i0.wp.com\/blogdalucianaoliveira.com.br\/blog\/wp-content\/uploads\/2017\/10\/fome.jpg?resize=580%2C388\" alt=\"fome\" width=\"580\" height=\"388\" srcset=\"https:\/\/i0.wp.com\/blogdalucianaoliveira.com.br\/blog\/wp-content\/uploads\/2017\/10\/fome.jpg?w=580 580w, https:\/\/i0.wp.com\/blogdalucianaoliveira.com.br\/blog\/wp-content\/uploads\/2017\/10\/fome.jpg?resize=300%2C201 300w, https:\/\/i0.wp.com\/blogdalucianaoliveira.com.br\/blog\/wp-content\/uploads\/2017\/10\/fome.jpg?resize=448%2C300 448w\" sizes=\"auto, (max-width: 580px) 100vw, 580px\" \/><\/p>\n<p>Campanha Natal sem Fome pretende arrecadar 500 toneladas de alimentos<!--more--><\/p>\n<p>Na EBC<\/p>\n<div class=\"content\">\n<p>Dez anos ap\u00f3s sua \u00faltima edi\u00e7\u00e3o, a Campanha Natal sem Fome voltou este ano com o objetivo de arrecadar 500 toneladas de alimentos. O lan\u00e7amento oficial foi neste domingo (22), no Aterro do Flamengo, no Rio, onde foi montada uma mesa de 1 quil\u00f4metro de extens\u00e3o, coberta por diversos tipos de alimentos doados por empresas e grupos da sociedade civil.<\/p>\n<p>O coordenador executivo do Comit\u00ea da A\u00e7\u00e3o da Cidadania contra a Fome, a Mis\u00e9ria e pela Vida, Daniel Souza, disse que a iniciativa precisou ser retomada no pa\u00eds porque, com a crise pol\u00edtica e econ\u00f4mica, parte da popula\u00e7\u00e3o, que tinha conseguido ficar acima da linha da pobreza, volta a ficar em risco.<\/p>\n<p>\u201cInfelizmente, o que estamos vendo \u00e9 que, com a crise pol\u00edtica e econ\u00f4mica, essa popula\u00e7\u00e3o que estava um pouco acima da linha da pobreza, que estava come\u00e7ando a se recuperar com os programas de transfer\u00eancia de renda, est\u00e1 voltando de novo a ficar em risco. Em 2014, j\u00e1 havia 7,2 milh\u00f5es de pessoas abaixo da linha da pobreza, e isso foi antes da crise. Agora certamente est\u00e1 maior este contingente\u201d, disse Daniel, que \u00e9 filho do soci\u00f3logo Herbert de Souza, o Betinho, idealizador da campanha Natal sem Fome.<\/p>\n<figure class=\"teaser\"><img data-recalc-dims=\"1\" loading=\"lazy\" decoding=\"async\" class=\"Image img__fid__110309 img__view_mode__teaser attr__format__teaser\" title=\"\" src=\"https:\/\/i0.wp.com\/agenciabrasil.ebc.com.br\/sites\/_agenciabrasil2013\/files\/styles\/interna_grande\/public\/fotos\/1095100-rj__dsc8797.jpg?resize=580%2C388\" alt=\"Rio de Janeiro - A\u00e7\u00e3o da Cidadania lan\u00e7a campanha Natal sem Fome no Aterro do Flamengo(Tomaz Silva\/Ag\u00eancia Brasil)\" width=\"580\" height=\"388\" \/><figcaption>Campanha planeja distribuir alimentos em cestas de 10 quilos semanas antes do Natal<span class=\"author\">Tomaz Silva\/Ag\u00eancia Brasil<\/span><\/p>\n<\/figcaption><\/figure>\n<p>A ideia \u00e9 fazer a distribui\u00e7\u00e3o dos alimentos arrecadados, em cestas com cerca de 10 quilos, nas semanas que antecedem o Natal. A responsabilidade pela distribui\u00e7\u00e3o ser\u00e1 dos parceiros e comit\u00eas de bairros, que atuam na ponta do processo e conhecem melhor quais as fam\u00edlias mais necessitadas.<\/p>\n<p>A volunt\u00e1ria Edir Dariux Teixeira, que faz parte do comit\u00ea Servo do Senhor, em Santa Cruz, zona oeste do Rio, ressaltou que este ano \u00e9 grande o n\u00famero de fam\u00edlias de classe m\u00e9dia que perderam o emprego e por isso est\u00e3o passando necessidades.<\/p>\n<figure class=\"teaser\"><img data-recalc-dims=\"1\" loading=\"lazy\" decoding=\"async\" class=\"Image img__fid__110306 img__view_mode__teaser attr__format__teaser\" title=\"\" src=\"https:\/\/i0.wp.com\/agenciabrasil.ebc.com.br\/sites\/_agenciabrasil2013\/files\/styles\/interna_grande\/public\/fotos\/1095097-rj__dsc8697.jpg?resize=580%2C388\" alt=\"Rio de Janeiro - O coordenador do Comit\u00ea da A\u00e7\u00e3o da Cidadania, Daniel de Souza, fala sobre os objetivos da campanha Natal Sem Fome (Tomaz Silva\/Ag\u00eancia Brasil)\" width=\"580\" height=\"388\" \/><figcaption>Com a crise econ\u00f4mica e pol\u00edtica, a campanha passou a atender tamb\u00e9m desempregados e fam\u00edlia de classe m\u00e9dia, informa\u00a0 o\u00a0 coordenador\u00a0 executivo\u00a0 do\u00a0 Comit\u00ea\u00a0 da\u00a0 A\u00e7\u00e3o da Cidadania, Daniel de Souza\u00a0<span class=\"author\">Tomaz Silva\/Ag\u00eancia Brasil<\/span><\/p>\n<\/figcaption><\/figure>\n<p>\u201cCom a crise no pa\u00eds, passamos a atender n\u00e3o s\u00f3 as fam\u00edlias na linha da pobreza, mas tamb\u00e9m as de classe m\u00e9dia, que est\u00e3o desempregadas. Tem pessoas muito desesperadas. S\u00e3o pessoas que n\u00e3o t\u00eam acesso ao Bolsa Fam\u00edlia. N\u00f3s vamos privilegiar as fam\u00edlias com maior n\u00famero de filhos\u201d, disse Edir, que trabalhou pessoalmente com Betinho e atua com voluntariado h\u00e1 25 anos.<\/p>\n<p>Entre as pessoas que trouxeram alimentos para doar no Aterro do Flamengo, a banc\u00e1ria aposentada Rosania Abrantes ressaltou que \u00e9 necess\u00e1rio ajudar os mais necessitados, principalmente os atingidos pela crise econ\u00f4mica. \u201cEst\u00e1 horr\u00edvel a situa\u00e7\u00e3o. A gente precisa reagir de forma r\u00e1pida. \u00c9 necess\u00e1rio remobilizar as pessoas para enfrentar este momento. Cada vez a gente v\u00ea mais pessoas morando nas ruas. Vamos precisar mudar esta situa\u00e7\u00e3o, e o Natal Sem Fome \u00e9 uma boa iniciativa para isso\u201d, afirmou Rosania.<\/p>\n<p>No Rio, o principal ponto de coleta \u00e9 a sede do comit\u00ea, na Avenida Bar\u00e3o de Tef\u00e9, 75, no bairro da Sa\u00fade, na regi\u00e3o portu\u00e1ria. Em cada estado, haver\u00e1 comit\u00eas espec\u00edficos, que podem ser acessados\u00a0<a href=\"http:\/\/www.natalsemfome.org.br\/\">na p\u00e1gina da campanha<\/a>\u00a0na internet. Empresas e at\u00e9 condom\u00ednios podem montar comit\u00eas arrecadadores. Pelo mesmo endere\u00e7o eletr\u00f4nico, \u00e9 poss\u00edvel fazer doa\u00e7\u00f5es em dinheiro \u00e0 campanha.<\/p>\n<div class=\"node-info\">Edi\u00e7\u00e3o:\u00a0<strong>N\u00e1dia Franco<\/strong><\/div>\n<\/div>\n<div class=\"social-share clearfix\"><\/div>\n","protected":false},"excerpt":{"rendered":"<p>Campanha Natal sem Fome pretende arrecadar 500 toneladas de alimentos<\/p>\n","protected":false},"author":1,"featured_media":0,"comment_status":"closed","ping_status":"open","sticky":false,"template":"","format":"standard","meta":{"_exactmetrics_skip_tracking":false,"_exactmetrics_sitenote_active":false,"_exactmetrics_sitenote_note":"","_exactmetrics_sitenote_category":0,"jetpack_post_was_ever_published":false,"_jetpack_newsletter_access":"","_jetpack_dont_email_post_to_subs":false,"_jetpack_newsletter_tier_id":0,"_jetpack_memberships_contains_paywalled_content":false,"_jetpack_memberships_contains_paid_content":false,"footnotes":"","jetpack_publicize_message":"","jetpack_publicize_feature_enabled":true,"jetpack_social_post_already_shared":true,"jetpack_social_options":{"image_generator_settings":{"template":"highway","enabled":false},"version":2}},"categories":[1],"tags":[],"class_list":["post-14490","post","type-post","status-publish","format-standard","hentry","category-notas"],"jetpack_publicize_connections":[],"jetpack_sharing_enabled":true,"jetpack_featured_media_url":"","jetpack_shortlink":"https:\/\/wp.me\/p7wKYW-3LI","jetpack-related-posts":[],"_links":{"self":[{"href":"http:\/\/blogdalucianaoliveira.com.br\/blog\/wp-json\/wp\/v2\/posts\/14490","targetHints":{"allow":["GET"]}}],"collection":[{"href":"http:\/\/blogdalucianaoliveira.com.br\/blog\/wp-json\/wp\/v2\/posts"}],"about":[{"href":"http:\/\/blogdalucianaoliveira.com.br\/blog\/wp-json\/wp\/v2\/types\/post"}],"author":[{"embeddable":true,"href":"http:\/\/blogdalucianaoliveira.com.br\/blog\/wp-json\/wp\/v2\/users\/1"}],"replies":[{"embeddable":true,"href":"http:\/\/blogdalucianaoliveira.com.br\/blog\/wp-json\/wp\/v2\/comments?post=14490"}],"version-history":[{"count":1,"href":"http:\/\/blogdalucianaoliveira.com.br\/blog\/wp-json\/wp\/v2\/posts\/14490\/revisions"}],"predecessor-version":[{"id":14492,"href":"http:\/\/blogdalucianaoliveira.com.br\/blog\/wp-json\/wp\/v2\/posts\/14490\/revisions\/14492"}],"wp:attachment":[{"href":"http:\/\/blogdalucianaoliveira.com.br\/blog\/wp-json\/wp\/v2\/media?parent=14490"}],"wp:term":[{"taxonomy":"category","embeddable":true,"href":"http:\/\/blogdalucianaoliveira.com.br\/blog\/wp-json\/wp\/v2\/categories?post=14490"},{"taxonomy":"post_tag","embeddable":true,"href":"http:\/\/blogdalucianaoliveira.com.br\/blog\/wp-json\/wp\/v2\/tags?post=14490"}],"curies":[{"name":"wp","href":"https:\/\/api.w.org\/{rel}","templated":true}]}}