{"id":14493,"date":"2017-10-23T10:35:26","date_gmt":"2017-10-23T14:35:26","guid":{"rendered":"http:\/\/blogdalucianaoliveira.com.br\/blog\/?p=14493"},"modified":"2017-10-23T10:35:26","modified_gmt":"2017-10-23T14:35:26","slug":"voce-gostaria-de-votar-em-um-candidato-sem-partido-decisao-esta-na-mao-do-stf","status":"publish","type":"post","link":"http:\/\/blogdalucianaoliveira.com.br\/blog\/2017\/10\/23\/voce-gostaria-de-votar-em-um-candidato-sem-partido-decisao-esta-na-mao-do-stf\/","title":{"rendered":"Voc\u00ea gostaria de votar em um candidato sem partido? Decis\u00e3o est\u00e1 na m\u00e3o do STF"},"content":{"rendered":"<h2 class=\"c-sumario\"><img data-recalc-dims=\"1\" loading=\"lazy\" decoding=\"async\" data-attachment-id=\"14494\" data-permalink=\"http:\/\/blogdalucianaoliveira.com.br\/blog\/2017\/10\/23\/voce-gostaria-de-votar-em-um-candidato-sem-partido-decisao-esta-na-mao-do-stf\/sim-2\/\" data-orig-file=\"https:\/\/i0.wp.com\/blogdalucianaoliveira.com.br\/blog\/wp-content\/uploads\/2017\/10\/sim.jpg?fit=1024%2C683\" data-orig-size=\"1024,683\" data-comments-opened=\"0\" data-image-meta=\"{&quot;aperture&quot;:&quot;0&quot;,&quot;credit&quot;:&quot;&quot;,&quot;camera&quot;:&quot;&quot;,&quot;caption&quot;:&quot;&quot;,&quot;created_timestamp&quot;:&quot;0&quot;,&quot;copyright&quot;:&quot;&quot;,&quot;focal_length&quot;:&quot;0&quot;,&quot;iso&quot;:&quot;0&quot;,&quot;shutter_speed&quot;:&quot;0&quot;,&quot;title&quot;:&quot;&quot;,&quot;orientation&quot;:&quot;0&quot;}\" data-image-title=\"sim\" data-image-description=\"\" data-image-caption=\"\" data-medium-file=\"https:\/\/i0.wp.com\/blogdalucianaoliveira.com.br\/blog\/wp-content\/uploads\/2017\/10\/sim.jpg?fit=300%2C200\" data-large-file=\"https:\/\/i0.wp.com\/blogdalucianaoliveira.com.br\/blog\/wp-content\/uploads\/2017\/10\/sim.jpg?fit=600%2C400\" class=\"alignnone size-full wp-image-14494\" src=\"https:\/\/i0.wp.com\/blogdalucianaoliveira.com.br\/blog\/wp-content\/uploads\/2017\/10\/sim.jpg?resize=600%2C400\" alt=\"sim\" width=\"600\" height=\"400\" srcset=\"https:\/\/i0.wp.com\/blogdalucianaoliveira.com.br\/blog\/wp-content\/uploads\/2017\/10\/sim.jpg?w=1024 1024w, https:\/\/i0.wp.com\/blogdalucianaoliveira.com.br\/blog\/wp-content\/uploads\/2017\/10\/sim.jpg?resize=300%2C200 300w, https:\/\/i0.wp.com\/blogdalucianaoliveira.com.br\/blog\/wp-content\/uploads\/2017\/10\/sim.jpg?resize=768%2C512 768w, https:\/\/i0.wp.com\/blogdalucianaoliveira.com.br\/blog\/wp-content\/uploads\/2017\/10\/sim.jpg?resize=450%2C300 450w\" sizes=\"auto, (max-width: 600px) 100vw, 600px\" \/><\/h2>\n<h2 class=\"c-sumario\">Supremo deve decidir em breve sobre a quest\u00e3o, que hoje \u00e9 vetada em apenas 9% dos pa\u00edses. Candidatura avulsa tem apoio da procuradora-geral da Rep\u00fablica, Raquel Dodge<\/h2>\n<div class=\"c-publi pos-mod-2 \" data-move-to=\"pos-mod-2-mov\"><\/div>\n<div class=\"c-experiencia-social-materia\" data-uuid=\"ef864576-b4d0-11e7-87b4-d4929eba220b\" data-limit=\"3\">Na Gazeta do Povo &#8211; A crise pol\u00edtica sem precedentes que o Brasil vivencia traz uma s\u00e9rie de consequ\u00eancias para a classe pol\u00edtica e para a democracia. O brasileiro est\u00e1 cada vez mais descrente de que as institui\u00e7\u00f5es pol\u00edticas s\u00e3o capazes de resolver a crise. Pesquisas de opini\u00e3o t\u00eam revelado que o brasileiro n\u00e3o est\u00e1 satisfeito com nenhum dos atuais pr\u00e9-candidatos \u00e0 Presid\u00eancia da Rep\u00fablica: a maioria quer um candidato \u201cnovo\u201d, um \u201coutsider\u201d e todos os nomes colocados at\u00e9 aqui t\u00eam um n\u00edvel de rejei\u00e7\u00e3o na casa dos 50%, pelo menos.<\/div>\n<p><!--more--><\/p>\n<div class=\"c-experiencia-social-materia\" data-uuid=\"ef864576-b4d0-11e7-87b4-d4929eba220b\" data-limit=\"3\"><\/div>\n<div class=\"c-experiencia-social-materia\" data-uuid=\"ef864576-b4d0-11e7-87b4-d4929eba220b\" data-limit=\"3\">\n<p>\u00c9 nesse contexto que o Supremo Tribunal Federal (STF) vai decidir se algu\u00e9m pode lan\u00e7ar uma candidatura avulsa, sem estar filiado a um partido pol\u00edtico. A Constitui\u00e7\u00e3o Federal diz que n\u00e3o, mas em seu parecer sobre o caso, a procuradora-geral da Rep\u00fablica, Raquel Dodge, adiantou ser a favor dessa possibilidade.<\/p>\n<p>Em julho, a Rede Sustentabilidade apresentou uma Proposta de Emenda \u00e0 Constitui\u00e7\u00e3o (PEC) para a cria\u00e7\u00e3o de \u201ccandidaturas c\u00edvicas\u201d. A PEC abria espa\u00e7o para a apresenta\u00e7\u00e3o de candidaturas a cargo eletivo sem a obrigatoriedade de filia\u00e7\u00e3o partid\u00e1ria, desde que houvesse o apoio m\u00ednimo de eleitores. Mas a proposta n\u00e3o avan\u00e7ou e o que ocorreu foi um movimento inverso. Sentindo o risco que isso representava para as siglas tradicionais, o Congresso incluiu na reforma pol\u00edtica aprovada recentemente um artigo vedando candidaturas sem partido.<\/p>\n<p>Agora, o Supremo vai decidir se \u00e9 constitucional algu\u00e9m poder disputar cargos eletivos sem filia\u00e7\u00e3o partid\u00e1ria. O caso chegou ao STF devido a um recurso do advogado Rodrigo Mezzomo, que tentou se candidatar de forma independente para a prefeitura do Rio de Janeiro no ano passado, mas foi impedido pelo Tribunal Superior Eleitoral (TSE)<\/p>\n<h2 class=\"c-intertitulo\">Candidaturas avulsas no mundo<\/h2>\n<p>O Brasil faz parte de um grupo restrito de pa\u00edses que n\u00e3o permite candidaturas independentes para nenhum cargo. De acordo com dados do\u00a0<a href=\"http:\/\/aceproject.org\/epic-en\/CDMap?question=PC008&amp;set_language=en\" target=\"_blank\">ACE Electoral Knowledge Network<\/a>, apenas 9% das na\u00e7\u00f5es do mundo n\u00e3o permitem candidaturas avulsas em nenhuma hip\u00f3tese. Entre eles, Su\u00e9cia, M\u00f4naco, Argentina, Uruguai, \u00c1frica do Sul e Israel, entre outros, num total de 21 pa\u00edses nessa lista.<\/p>\n<p>O mesmo levantamento mostra que 29 pa\u00edses permitem candidaturas avulsas apenas para a Presid\u00eancia da Rep\u00fablica, 85 permitem que candidatos sem partidos concorram a cargos legislativos e outros 82 permitem a candidatura avulsa em ambos os casos.<\/p>\n<div data-infog-scope=\"codigo\" data-infog-id=\"2741\">\n<p>O caso mais recente de candidato sem partido que obteve sucesso nas urnas foi do presidente da Fran\u00e7a, Emmanuel Macron. Ele recebeu apoio do movimento Em Marcha, iniciado no pa\u00eds h\u00e1 cerca de um ano. Atualmente, o Em Marcha tem mais de 200 mil inscritos \u2013 a filia\u00e7\u00e3o n\u00e3o tem custo e n\u00e3o exige a sa\u00edda de outros partidos pol\u00edticos.<\/p>\n<h2 class=\"c-intertitulo\">Crise dos partidos<\/h2>\n<p>No Brasil, os partidos pol\u00edticos nunca estiveram t\u00e3o em baixa. Os recorrentes esc\u00e2ndalos de corrup\u00e7\u00e3o que poupam poucas legendas t\u00eam levado os partidos ao descr\u00e9dito com a popula\u00e7\u00e3o.<\/p>\n<p>A \u00faltima pesquisa Datafolha** que mediu o grau de confian\u00e7a do brasileiro nas institui\u00e7\u00f5es mostra que apenas 2% dos entrevistados confiam muito nos partidos pol\u00edticos. Outros 28% disseram que confiam um pouco e 69% afirmaram n\u00e3o confiar. O \u00edndice de desconfian\u00e7a \u00e9 o maior desde 2012, segundo o levantamento. A pesquisa mostrou, por exemplo, que o brasileiro confia mais nas For\u00e7as Armadas (83%, no total), do que nos partidos pol\u00edticos (30%), no Congresso Nacional (34%) e na Presid\u00eancia da Rep\u00fablica (34%).<\/p>\n<p>Isso explica, por exemplo, porque a taxa de apoio \u00e0 democracia recuou no pa\u00eds. Em 2014, 66% dos brasileiros apoiavam a democracia. O \u00edndice caiu para 62% em 2016 e para 56% na \u00faltima pesquisa, realizada no in\u00edcio de outubro pelo Datafolha***. Para 21% dos entrevistados, tanto faz se o governo \u00e9 uma democracia ou uma ditadura, e para 17%, em certas circunst\u00e2ncias \u00e9 melhor uma ditadura do que uma democracia.<\/p>\n<p>Al\u00e9m disso, o levantamento realizado no in\u00edcio de outubro pelo Instituto Paran\u00e1 Pesquisas **** mostrou que 70% dos eleitores n\u00e3o veem diferen\u00e7a entre PT e PSDB \u2013 partidos que, supostamente, encontram-se em campos ideol\u00f3gicos opostos.<\/p>\n<h2 class=\"c-intertitulo\">Candidatura avulsa \u00e9 solu\u00e7\u00e3o?<\/h2>\n<div id=\"player-wrapper-9491594167467788\"><\/div>\n<p>A solu\u00e7\u00e3o para a crise de representatividade do eleitor seria a autoriza\u00e7\u00e3o para candidaturas avulsas? Raquel Dodge se manifestou favor\u00e1vel \u00e0 medida em seu parecer para o julgamento no STF. A procuradora-geral usou como argumento o Pacto de S\u00e3o Jos\u00e9 da Costa Rica, promulgado no Brasil em 1992. A norma garante a todo cidad\u00e3o o direito de votar e ser votado e veda qualquer restri\u00e7\u00e3o a essa capacidade eleitoral por motivos diversos dos estabelecidos na pr\u00f3pria conven\u00e7\u00e3o, entre os quais n\u00e3o se inclui a filia\u00e7\u00e3o partid\u00e1ria.<\/p>\n<p>\u201cOs partidos representados no Congresso Nacional abriram m\u00e3o, validamente, da fun\u00e7\u00e3o de organiza\u00e7\u00f5es intermedi\u00e1rias exclusivas entre governantes e governados, ao terem aprovado o Pacto de S\u00e3o Jos\u00e9\u201d, disse Dodge em seu parecer.<\/p>\n<div data-infog-scope=\"codigo\" data-infog-id=\"2742\">\n<p>Entre os argumentos favor\u00e1veis \u00e0 permiss\u00e3o de candidaturas avulsas est\u00e1 o da oxigena\u00e7\u00e3o na pol\u00edtica e a possibilidade do surgimento de novas lideran\u00e7as, que acabam sendo abafadas nas estruturas partid\u00e1rias atuais. Por outro lado, permitir candidaturas avulsas pode acabar privilegiando quem j\u00e1 est\u00e1 na pol\u00edtica e quem tem mais condi\u00e7\u00f5es de bancar uma campanha, por exemplo.<\/p>\n<p>Especialistas ouvidos pela Gazeta do Povo divergem sobre a quest\u00e3o. A professora de Direito Eleitoral no Unibrasil, Ana Carolina Cl\u00e8ve, diz ser uma defensora dos partidos. \u201cTenho dificuldade em enxergar reflexos positivos, sobretudo quando essa medida \u00e9 pensada justamente nesse cen\u00e1rio de descr\u00e9dito na pol\u00edtica e de deslegitima\u00e7\u00e3o dos atores\u201d, explica.<\/p>\n<p>\u201cAbre-se uma oportunidade perigosa para pretensos \u2018her\u00f3is\u2019 e extremistas. Al\u00e9m disso, se, em raz\u00e3o da elevada fragmenta\u00e7\u00e3o partid\u00e1ria, nossa governabilidade j\u00e1 funciona a custos altos, imagina o quanto a possibilidade de candidatura avulsa n\u00e3o dificultaria o funcionamento do Parlamento\u201d, argumenta.<\/p>\n<h2 class=\"c-intertitulo\">Ambiente interno das siglas \u00e9 pouco democr\u00e1tico<\/h2>\n<p>Para o cientista pol\u00edtico da PUC-PR, M\u00e1simo Della Justina, a autoriza\u00e7\u00e3o de candidaturas avulsas poderia ter um efeito pedag\u00f3gico para as legendas atuais. \u201cMais do que a elei\u00e7\u00e3o avulsa trazer algu\u00e9m que a gente pudesse se orgulhar depois, \u00e9 mais uma quest\u00e3o pedag\u00f3gica para os pr\u00f3prios partidos aprenderem a ser democr\u00e1ticos\u201d, diz.<\/p>\n<p>Justina defende a candidatura avulsa com base na falta de democracia interna nos partidos pol\u00edticos, que em muitos casos abafam novas lideran\u00e7as. \u201cNa verdade eu acho que dentro do cen\u00e1rio atual \u00e9 uma boa ideia porque os partidos pol\u00edticos cometem uma falha muito grande que \u00e9 n\u00e3o ter elei\u00e7\u00f5es pr\u00e9vias e internas\u201d, argumenta.<\/p>\n<p>Cl\u00e8ve concorda que falta democracia dentro das legendas, mas n\u00e3o acredita que enfraquecer os partidos seja a solu\u00e7\u00e3o ideal para resolver o problema. \u201cO regime constitucional brasileiro destacou a posi\u00e7\u00e3o desses atores, optando, no meu entender, por uma \u2018democracia partid\u00e1ria\u2019. Assim, \u00e0 luz do Texto Constitucional, sou a favor do fortalecimento dos partidos pol\u00edticos e da implementa\u00e7\u00e3o de mecanismos que assegurem a democracia internamente. Isso porque, com a garantia de maior democracia interna, certamente outras lideran\u00e7as se viabilizariam\u201d, completa.<\/p>\n<p>A professora do Unibrasil argumenta, ainda, que candidaturas avulsas podem n\u00e3o gerar a esperada oxigena\u00e7\u00e3o na pol\u00edtica, uma vez que candidatos com maior poder aquisitivo seriam beneficiados em tempos de campanha. \u201cDe fato, caso as candidatura avulsas fossem permitidas, levando em conta um cen\u00e1rio de possibilidade de autofinanciamento (at\u00e9 o limite de gastos) e de veda\u00e7\u00e3o de doa\u00e7\u00e3o por pessoa jur\u00eddica, os candidatos independentes detentores de maior poder aquisitivo sairiam na frente. Sou resistente a ideia de que essa mudan\u00e7a poderia influenciar positivamente. Pelo contr\u00e1rio: a princ\u00edpio, penso que a aus\u00eancia de compromisso program\u00e1tico \u2013 coletivo \u2013 \u00e9 um ponto negativo\u201d, argumenta.<\/p>\n<p>\u201cN\u00f3s n\u00e3o ter\u00edamos uma novidade de pr\u00e1ticas que j\u00e1 acontecem dentro das estruturas partid\u00e1rias, onde pessoas dotadas de seu poderio econ\u00f4mico e de imagem acabam alugando um partido s\u00f3 para legalizar a pr\u00e1tica\u201d, rebate Justina.<\/p>\n<p><i>** Nesse levantamento, nos dias 21, 22 e 23 de junho de 2017, foram realizadas 2.771 entrevistas em 194 munic\u00edpios brasileiros. A margem de erro da pesquisa \u00e9 de 2 pontos percentuais para mais ou para menos considerando um n\u00edvel de confian\u00e7a de 95%.<\/i><\/p>\n<p><iframe loading=\"lazy\" src=\"https:\/\/www.facebook.com\/plugins\/post.php?href=https%3A%2F%2Fwww.facebook.com%2Frepublicaeliberdade%2Fposts%2F1476708925715548&amp;width=500\" width=\"500\" height=\"492\" frameborder=\"0\" scrolling=\"no\"><\/iframe><i>*** Nesse levantamento, nos dias 27 e 28 de setembro de 2017, foram realizadas 2.772 entrevistas presenciais em 194 munic\u00edpios brasileiros. A margem de erro da pesquisa \u00e9 de 2 pontos percentuais para mais ou para menos considerando um n\u00edvel de confian\u00e7a de 95%.<\/i><\/p>\n<p><i>**** A pesquisa foi realizada atrav\u00e9s de question\u00e1rios online, respondidos por 2.222 brasileiros de 26 estados e do Distrito Federal. O levantamento foi realizado entre os dias 2 e 5 de outubro de 2017. A margem de erro \u00e9 de 2%, para mais ou para menos, e o grau de confian\u00e7a \u00e9 de 95%.<\/i><\/p>\n<div data-infog-scope=\"codigo\" data-infog-id=\"2107\">\n<aside id=\"mais-quentes-do-dia\" class=\"componente-lista-infog c-infobox largura-inteira largura-conteudo\" data-google-url=\"https:\/\/docs.google.com\/spreadsheets\/d\/1iNwDvuuQDBWLOjAFjTbY-Irck2butBRoIUC__VmUnDw\/pubhtml\" data-ga=\"?utm_source=gazeta-do-povo&amp;utm_medium=box-lista&amp;utm_campaign=mais-quente-dia\" data-dia-atual=\"true\">\n<header class=\"top-componente\">\n<div class=\"desc\"><time>2<\/time><\/div>\n<\/header>\n<\/aside>\n<\/div>\n<\/div>\n<\/div>\n<\/div>\n","protected":false},"excerpt":{"rendered":"<p>Supremo deve decidir em breve sobre a quest\u00e3o, que hoje \u00e9 vetada em apenas 9% dos pa\u00edses. Candidatura avulsa tem apoio da procuradora-geral da Rep\u00fablica, Raquel Dodge Na Gazeta do Povo &#8211; A crise pol\u00edtica sem precedentes que o Brasil vivencia traz uma s\u00e9rie de consequ\u00eancias para a classe pol\u00edtica e para a democracia. O&#8230;<a class=\"more-link\" href=\"http:\/\/blogdalucianaoliveira.com.br\/blog\/2017\/10\/23\/voce-gostaria-de-votar-em-um-candidato-sem-partido-decisao-esta-na-mao-do-stf\/\">Continue a leitura <span class=\"meta-nav\">&raquo;<\/span><\/a><\/p>\n","protected":false},"author":1,"featured_media":0,"comment_status":"closed","ping_status":"open","sticky":false,"template":"","format":"standard","meta":{"_exactmetrics_skip_tracking":false,"_exactmetrics_sitenote_active":false,"_exactmetrics_sitenote_note":"","_exactmetrics_sitenote_category":0,"jetpack_post_was_ever_published":false,"_jetpack_newsletter_access":"","_jetpack_dont_email_post_to_subs":false,"_jetpack_newsletter_tier_id":0,"_jetpack_memberships_contains_paywalled_content":false,"_jetpack_memberships_contains_paid_content":false,"footnotes":"","jetpack_publicize_message":"","jetpack_publicize_feature_enabled":true,"jetpack_social_post_already_shared":true,"jetpack_social_options":{"image_generator_settings":{"template":"highway","enabled":false},"version":2}},"categories":[1],"tags":[],"class_list":["post-14493","post","type-post","status-publish","format-standard","hentry","category-notas"],"jetpack_publicize_connections":[],"jetpack_sharing_enabled":true,"jetpack_featured_media_url":"","jetpack_shortlink":"https:\/\/wp.me\/p7wKYW-3LL","jetpack-related-posts":[],"_links":{"self":[{"href":"http:\/\/blogdalucianaoliveira.com.br\/blog\/wp-json\/wp\/v2\/posts\/14493","targetHints":{"allow":["GET"]}}],"collection":[{"href":"http:\/\/blogdalucianaoliveira.com.br\/blog\/wp-json\/wp\/v2\/posts"}],"about":[{"href":"http:\/\/blogdalucianaoliveira.com.br\/blog\/wp-json\/wp\/v2\/types\/post"}],"author":[{"embeddable":true,"href":"http:\/\/blogdalucianaoliveira.com.br\/blog\/wp-json\/wp\/v2\/users\/1"}],"replies":[{"embeddable":true,"href":"http:\/\/blogdalucianaoliveira.com.br\/blog\/wp-json\/wp\/v2\/comments?post=14493"}],"version-history":[{"count":1,"href":"http:\/\/blogdalucianaoliveira.com.br\/blog\/wp-json\/wp\/v2\/posts\/14493\/revisions"}],"predecessor-version":[{"id":14495,"href":"http:\/\/blogdalucianaoliveira.com.br\/blog\/wp-json\/wp\/v2\/posts\/14493\/revisions\/14495"}],"wp:attachment":[{"href":"http:\/\/blogdalucianaoliveira.com.br\/blog\/wp-json\/wp\/v2\/media?parent=14493"}],"wp:term":[{"taxonomy":"category","embeddable":true,"href":"http:\/\/blogdalucianaoliveira.com.br\/blog\/wp-json\/wp\/v2\/categories?post=14493"},{"taxonomy":"post_tag","embeddable":true,"href":"http:\/\/blogdalucianaoliveira.com.br\/blog\/wp-json\/wp\/v2\/tags?post=14493"}],"curies":[{"name":"wp","href":"https:\/\/api.w.org\/{rel}","templated":true}]}}