{"id":14504,"date":"2017-10-23T17:49:48","date_gmt":"2017-10-23T21:49:48","guid":{"rendered":"http:\/\/blogdalucianaoliveira.com.br\/blog\/?p=14504"},"modified":"2017-10-23T17:49:48","modified_gmt":"2017-10-23T21:49:48","slug":"rondonia-tribunal-julga-acusados-de-assassinatos-de-jovens-camponeses","status":"publish","type":"post","link":"http:\/\/blogdalucianaoliveira.com.br\/blog\/2017\/10\/23\/rondonia-tribunal-julga-acusados-de-assassinatos-de-jovens-camponeses\/","title":{"rendered":"Rond\u00f4nia: Tribunal julga acusados de assassinatos de jovens camponeses"},"content":{"rendered":"<p><img data-recalc-dims=\"1\" loading=\"lazy\" decoding=\"async\" data-attachment-id=\"14505\" data-permalink=\"http:\/\/blogdalucianaoliveira.com.br\/blog\/2017\/10\/23\/rondonia-tribunal-julga-acusados-de-assassinatos-de-jovens-camponeses\/74d34d35-302d-4a5e-8d57-9b2ec988af74\/\" data-orig-file=\"https:\/\/i0.wp.com\/blogdalucianaoliveira.com.br\/blog\/wp-content\/uploads\/2017\/10\/74D34D35-302D-4A5E-8D57-9B2EC988AF74.jpeg?fit=562%2C326\" data-orig-size=\"562,326\" data-comments-opened=\"0\" data-image-meta=\"{&quot;aperture&quot;:&quot;0&quot;,&quot;credit&quot;:&quot;&quot;,&quot;camera&quot;:&quot;&quot;,&quot;caption&quot;:&quot;&quot;,&quot;created_timestamp&quot;:&quot;0&quot;,&quot;copyright&quot;:&quot;&quot;,&quot;focal_length&quot;:&quot;0&quot;,&quot;iso&quot;:&quot;0&quot;,&quot;shutter_speed&quot;:&quot;0&quot;,&quot;title&quot;:&quot;&quot;,&quot;orientation&quot;:&quot;0&quot;}\" data-image-title=\"74D34D35-302D-4A5E-8D57-9B2EC988AF74\" data-image-description=\"\" data-image-caption=\"\" data-medium-file=\"https:\/\/i0.wp.com\/blogdalucianaoliveira.com.br\/blog\/wp-content\/uploads\/2017\/10\/74D34D35-302D-4A5E-8D57-9B2EC988AF74.jpeg?fit=300%2C174\" data-large-file=\"https:\/\/i0.wp.com\/blogdalucianaoliveira.com.br\/blog\/wp-content\/uploads\/2017\/10\/74D34D35-302D-4A5E-8D57-9B2EC988AF74.jpeg?fit=562%2C326\" src=\"https:\/\/i0.wp.com\/blogdalucianaoliveira.com.br\/blog\/wp-content\/uploads\/2017\/10\/74D34D35-302D-4A5E-8D57-9B2EC988AF74.jpeg?resize=562%2C326\" alt=\"74D34D35-302D-4A5E-8D57-9B2EC988AF74\" width=\"562\" height=\"326\" class=\"alignnone size-full wp-image-14505\" srcset=\"https:\/\/i0.wp.com\/blogdalucianaoliveira.com.br\/blog\/wp-content\/uploads\/2017\/10\/74D34D35-302D-4A5E-8D57-9B2EC988AF74.jpeg?w=562 562w, https:\/\/i0.wp.com\/blogdalucianaoliveira.com.br\/blog\/wp-content\/uploads\/2017\/10\/74D34D35-302D-4A5E-8D57-9B2EC988AF74.jpeg?resize=300%2C174 300w, https:\/\/i0.wp.com\/blogdalucianaoliveira.com.br\/blog\/wp-content\/uploads\/2017\/10\/74D34D35-302D-4A5E-8D57-9B2EC988AF74.jpeg?resize=517%2C300 517w\" sizes=\"auto, (max-width: 562px) 100vw, 562px\" \/><\/p>\n<p>Da CPT &#8211; O Tribunal do J\u00fari da Comarca de Ariquemes iniciou na manh\u00e3 desta segunda-feira, 23 de outubro de 2017, julgamento sobre os assassinatos dos dois jovens sem-terra, Allysson Henrique Lopes e Ruan Hildebran Aguiar, e a tentativa de assassinato de outras tr\u00eas pessoas no Acampamento Terra Nossa, na Fazenda Tucum\u00e3, no munic\u00edpio de Cujubim, em Rond\u00f4nia, fatos que ocorreram no dia 31 de janeiro de 2016. Marcado inicialmente para o dia 15 de agosto deste ano, o julgamento foi adiado ap\u00f3s a desist\u00eancia de \u00faltima hora de um dos advogados da defesa.<!--more--><\/p>\n<p>S\u00e3o julgados pelo Tribunal do J\u00fari sob acusa\u00e7\u00e3o dos homic\u00eddios S\u00e9rgio Sussumu Suganuma e Paulo Iwakami (o japon\u00eas). J\u00e1 Rivaldo de Souza (Neguinho), Mois\u00e9s Ferreira de Souza (sargento Mois\u00e9s) e Jonas Augusto dos Santos Silva (Augusto) s\u00e3o julgados por homic\u00eddios consumados (Alysson e Ruan) e tr\u00eas tentativas de homic\u00eddio contra v\u00edtimas do mesmo acampamento.<\/p>\n<p>Hist\u00f3rico \u2013 Acampamento Terra Nossa (Fazenda Tucum\u00e3)<\/p>\n<p>Um dos casos de viol\u00eancia no campo mais emblem\u00e1ticos em Rond\u00f4nia diz respeito ao Acampamento Terra Nossa (Fazenda Tucum\u00e3), munic\u00edpio de Cujubim. Em 31 de janeiro de 2016, um grupo de sem-terra, ao tentar retirar alguns pertences do acampamento de onde haviam sido reintegrados, foi encurralado por um grupo armado, que teria sido comandado pelo ent\u00e3o sargento da reserva, Mois\u00e9s Ferreira de Souza. Desta a\u00e7\u00e3o, resultou no assassinato de dois sem-terra, Alysson Henrique Lopes, 22 anos, encontrado carbonizado dentro de um ve\u00edculo, e Ruan Hildebran Aguiar \u2013 at\u00e9 hoje o seu corpo n\u00e3o foi encontrado. Neste ano, na mesma \u00e1rea, outros tr\u00eas sem-terra foram assassinados: Roberto Santos Ara\u00fajo, 34 anos (01\/02\/2017), Elivelton Castelo Nascimento (15\/02\/2017), e Renato Souza Benevides (04\/03\/2017), todos testemunhas dos homic\u00eddios e outras viol\u00eancias cometidas no caso da \u201cFazenda Tucum\u00e3\u201d.<\/p>\n<p>Em 19 de abril de 2017, no munic\u00edpio de Colniza, na \u00e1rea conhecida como Gleba Taquaru\u00e7u do Norte, no Mato Grosso, o sargento da reserva Mois\u00e9s Ferreira de Souza teria tamb\u00e9m participado, conforme den\u00fancia do Minist\u00e9rio P\u00fablico Estadual do Mato Grosso (MPE-MT), do cruel assassinato de 09 camponeses. A liga\u00e7\u00e3o do ocorrido entre o massacre de Colniza com os assassinatos em Cujubim \u00e9 evidente para a Pol\u00edcia, uma vez que os atos de viol\u00eancia da mil\u00edcia armada que protegia a Fazenda Tucum\u00e3, em Cujubim, teria ocorrido sob o comando do sargento. Presos em flagrante no dia 03 de fevereiro de 2016, portando inclusive metralhadoras e armas utilizadas pelo Ex\u00e9rcito, Mois\u00e9s e outros tr\u00eas suspeitos conseguiram escapar de dentro da viatura policial.<\/p>\n<p>Conforme informa\u00e7\u00f5es veiculadas na imprensa (12\/06\/2017), o Sargento Mois\u00e9s, conhecido como \u201cMois\u00e9s da COE\u201d, se entregou \u00e0 Pol\u00edcia em Ariquemes no final de maio deste ano.<\/p>\n","protected":false},"excerpt":{"rendered":"<p>Da CPT &#8211; O Tribunal do J\u00fari da Comarca de Ariquemes iniciou na manh\u00e3 desta segunda-feira, 23 de outubro de 2017, julgamento sobre os assassinatos dos dois jovens sem-terra, Allysson Henrique Lopes e Ruan Hildebran Aguiar, e a tentativa de assassinato de outras tr\u00eas pessoas no Acampamento Terra Nossa, na Fazenda Tucum\u00e3, no munic\u00edpio de&#8230;<a class=\"more-link\" href=\"http:\/\/blogdalucianaoliveira.com.br\/blog\/2017\/10\/23\/rondonia-tribunal-julga-acusados-de-assassinatos-de-jovens-camponeses\/\">Continue a leitura <span class=\"meta-nav\">&raquo;<\/span><\/a><\/p>\n","protected":false},"author":1,"featured_media":0,"comment_status":"closed","ping_status":"open","sticky":false,"template":"","format":"standard","meta":{"_exactmetrics_skip_tracking":false,"_exactmetrics_sitenote_active":false,"_exactmetrics_sitenote_note":"","_exactmetrics_sitenote_category":0,"jetpack_post_was_ever_published":false,"_jetpack_newsletter_access":"","_jetpack_dont_email_post_to_subs":false,"_jetpack_newsletter_tier_id":0,"_jetpack_memberships_contains_paywalled_content":false,"_jetpack_memberships_contains_paid_content":false,"footnotes":"","jetpack_publicize_message":"","jetpack_publicize_feature_enabled":true,"jetpack_social_post_already_shared":true,"jetpack_social_options":{"image_generator_settings":{"template":"highway","enabled":false},"version":2}},"categories":[1],"tags":[],"class_list":["post-14504","post","type-post","status-publish","format-standard","hentry","category-notas"],"jetpack_publicize_connections":[],"jetpack_sharing_enabled":true,"jetpack_featured_media_url":"","jetpack_shortlink":"https:\/\/wp.me\/p7wKYW-3LW","jetpack-related-posts":[],"_links":{"self":[{"href":"http:\/\/blogdalucianaoliveira.com.br\/blog\/wp-json\/wp\/v2\/posts\/14504","targetHints":{"allow":["GET"]}}],"collection":[{"href":"http:\/\/blogdalucianaoliveira.com.br\/blog\/wp-json\/wp\/v2\/posts"}],"about":[{"href":"http:\/\/blogdalucianaoliveira.com.br\/blog\/wp-json\/wp\/v2\/types\/post"}],"author":[{"embeddable":true,"href":"http:\/\/blogdalucianaoliveira.com.br\/blog\/wp-json\/wp\/v2\/users\/1"}],"replies":[{"embeddable":true,"href":"http:\/\/blogdalucianaoliveira.com.br\/blog\/wp-json\/wp\/v2\/comments?post=14504"}],"version-history":[{"count":1,"href":"http:\/\/blogdalucianaoliveira.com.br\/blog\/wp-json\/wp\/v2\/posts\/14504\/revisions"}],"predecessor-version":[{"id":14506,"href":"http:\/\/blogdalucianaoliveira.com.br\/blog\/wp-json\/wp\/v2\/posts\/14504\/revisions\/14506"}],"wp:attachment":[{"href":"http:\/\/blogdalucianaoliveira.com.br\/blog\/wp-json\/wp\/v2\/media?parent=14504"}],"wp:term":[{"taxonomy":"category","embeddable":true,"href":"http:\/\/blogdalucianaoliveira.com.br\/blog\/wp-json\/wp\/v2\/categories?post=14504"},{"taxonomy":"post_tag","embeddable":true,"href":"http:\/\/blogdalucianaoliveira.com.br\/blog\/wp-json\/wp\/v2\/tags?post=14504"}],"curies":[{"name":"wp","href":"https:\/\/api.w.org\/{rel}","templated":true}]}}