{"id":14517,"date":"2017-10-24T11:19:18","date_gmt":"2017-10-24T15:19:18","guid":{"rendered":"http:\/\/blogdalucianaoliveira.com.br\/blog\/?p=14517"},"modified":"2017-10-24T11:23:26","modified_gmt":"2017-10-24T15:23:26","slug":"eleonora-menicucci-ganha-em-segunda-instancia-no-processo-contra-frota","status":"publish","type":"post","link":"http:\/\/blogdalucianaoliveira.com.br\/blog\/2017\/10\/24\/eleonora-menicucci-ganha-em-segunda-instancia-no-processo-contra-frota\/","title":{"rendered":"ELEONORA MENICUCCI GANHA EM SEGUNDA INST\u00c2NCIA NO PROCESSO CONTRA FROTA"},"content":{"rendered":"<p><img data-recalc-dims=\"1\" loading=\"lazy\" decoding=\"async\" data-attachment-id=\"14518\" data-permalink=\"http:\/\/blogdalucianaoliveira.com.br\/blog\/2017\/10\/24\/eleonora-menicucci-ganha-em-segunda-instancia-no-processo-contra-frota\/90a37fb6-21fd-4b9e-828e-170c6d4cf3d6\/\" data-orig-file=\"https:\/\/i0.wp.com\/blogdalucianaoliveira.com.br\/blog\/wp-content\/uploads\/2017\/10\/90A37FB6-21FD-4B9E-828E-170C6D4CF3D6.jpeg?fit=480%2C240\" data-orig-size=\"480,240\" data-comments-opened=\"0\" data-image-meta=\"{&quot;aperture&quot;:&quot;0&quot;,&quot;credit&quot;:&quot;&quot;,&quot;camera&quot;:&quot;&quot;,&quot;caption&quot;:&quot;&quot;,&quot;created_timestamp&quot;:&quot;0&quot;,&quot;copyright&quot;:&quot;&quot;,&quot;focal_length&quot;:&quot;0&quot;,&quot;iso&quot;:&quot;0&quot;,&quot;shutter_speed&quot;:&quot;0&quot;,&quot;title&quot;:&quot;&quot;,&quot;orientation&quot;:&quot;0&quot;}\" data-image-title=\"90A37FB6-21FD-4B9E-828E-170C6D4CF3D6\" data-image-description=\"\" data-image-caption=\"\" data-medium-file=\"https:\/\/i0.wp.com\/blogdalucianaoliveira.com.br\/blog\/wp-content\/uploads\/2017\/10\/90A37FB6-21FD-4B9E-828E-170C6D4CF3D6.jpeg?fit=300%2C150\" data-large-file=\"https:\/\/i0.wp.com\/blogdalucianaoliveira.com.br\/blog\/wp-content\/uploads\/2017\/10\/90A37FB6-21FD-4B9E-828E-170C6D4CF3D6.jpeg?fit=480%2C240\" class=\"alignnone size-full wp-image-14518\" src=\"https:\/\/i0.wp.com\/blogdalucianaoliveira.com.br\/blog\/wp-content\/uploads\/2017\/10\/90A37FB6-21FD-4B9E-828E-170C6D4CF3D6.jpeg?resize=480%2C240\" alt=\"90A37FB6-21FD-4B9E-828E-170C6D4CF3D6\" width=\"480\" height=\"240\" srcset=\"https:\/\/i0.wp.com\/blogdalucianaoliveira.com.br\/blog\/wp-content\/uploads\/2017\/10\/90A37FB6-21FD-4B9E-828E-170C6D4CF3D6.jpeg?w=480 480w, https:\/\/i0.wp.com\/blogdalucianaoliveira.com.br\/blog\/wp-content\/uploads\/2017\/10\/90A37FB6-21FD-4B9E-828E-170C6D4CF3D6.jpeg?resize=300%2C150 300w\" sizes=\"auto, (max-width: 480px) 100vw, 480px\" \/><\/p>\n<p>247 &#8211; A ex-ministra de Pol\u00edticas para Mulheres do governo Dilma, Eleonora Menicucci, teve seu recurso atendido em segunda inst\u00e2ncia nesta ter\u00e7a-feira 24 no processo movido por Alexandre Frota, que pedia R$ 10 mil em indeniza\u00e7\u00e3o pelo fato de Eleonora ter se referido ao ator como algu\u00e9m que fez apologia ao estupro.<!--more--><\/p>\n<p>Em um ato de solidariedade \u00e0 ex-ministra que acontecia hoje no centro de S\u00e3o Paulo, onde o caso estava sendo julgado, Frota chegou a agredir mulheres. Confira aqui a transmiss\u00e3o no Facebook feita pelo Brasil de Fato.<\/p>\n<p>Em 2014, Frota relatou no programa de entrevistas de Danilo Gentili, no SBT, ter violentado uma m\u00e3e de santo, que desmaiou em decorr\u00eancia da press\u00e3o que ele fez em sua nuca durante o ato. Os dois riram da hist\u00f3ria. Eleonora fez ent\u00e3o uma cr\u00edtica ao ministro da Educa\u00e7\u00e3o, Mendon\u00e7a Filho, por receber em seu gabinete, dois anos depois, algu\u00e9m que havia feito apologia ao estupro.<\/p>\n<p>A ex-ministra foi condenada em maio por uma ju\u00edza a pagar a indeniza\u00e7\u00e3o ao ator porn\u00f4. Em entrevista concedida ao 247 no \u00faltimo dia 16 de outubro, ela declarou que sua condena\u00e7\u00e3o era a &#8220;legitima\u00e7\u00e3o da cultura do estupro&#8221;.<\/p>\n<p>&nbsp;<\/p>\n","protected":false},"excerpt":{"rendered":"<p>247 &#8211; A ex-ministra de Pol\u00edticas para Mulheres do governo Dilma, Eleonora Menicucci, teve seu recurso atendido em segunda inst\u00e2ncia nesta ter\u00e7a-feira 24 no processo movido por Alexandre Frota, que pedia R$ 10 mil em indeniza\u00e7\u00e3o pelo fato de Eleonora ter se referido ao ator como algu\u00e9m que fez apologia ao estupro.<\/p>\n","protected":false},"author":1,"featured_media":0,"comment_status":"closed","ping_status":"open","sticky":false,"template":"","format":"standard","meta":{"_exactmetrics_skip_tracking":false,"_exactmetrics_sitenote_active":false,"_exactmetrics_sitenote_note":"","_exactmetrics_sitenote_category":0,"jetpack_post_was_ever_published":false,"_jetpack_newsletter_access":"","_jetpack_dont_email_post_to_subs":false,"_jetpack_newsletter_tier_id":0,"_jetpack_memberships_contains_paywalled_content":false,"_jetpack_memberships_contains_paid_content":false,"footnotes":"","jetpack_publicize_message":"","jetpack_publicize_feature_enabled":true,"jetpack_social_post_already_shared":true,"jetpack_social_options":{"image_generator_settings":{"template":"highway","enabled":false},"version":2}},"categories":[1],"tags":[],"class_list":["post-14517","post","type-post","status-publish","format-standard","hentry","category-notas"],"jetpack_publicize_connections":[],"jetpack_sharing_enabled":true,"jetpack_featured_media_url":"","jetpack_shortlink":"https:\/\/wp.me\/p7wKYW-3M9","jetpack-related-posts":[],"_links":{"self":[{"href":"http:\/\/blogdalucianaoliveira.com.br\/blog\/wp-json\/wp\/v2\/posts\/14517","targetHints":{"allow":["GET"]}}],"collection":[{"href":"http:\/\/blogdalucianaoliveira.com.br\/blog\/wp-json\/wp\/v2\/posts"}],"about":[{"href":"http:\/\/blogdalucianaoliveira.com.br\/blog\/wp-json\/wp\/v2\/types\/post"}],"author":[{"embeddable":true,"href":"http:\/\/blogdalucianaoliveira.com.br\/blog\/wp-json\/wp\/v2\/users\/1"}],"replies":[{"embeddable":true,"href":"http:\/\/blogdalucianaoliveira.com.br\/blog\/wp-json\/wp\/v2\/comments?post=14517"}],"version-history":[{"count":3,"href":"http:\/\/blogdalucianaoliveira.com.br\/blog\/wp-json\/wp\/v2\/posts\/14517\/revisions"}],"predecessor-version":[{"id":14523,"href":"http:\/\/blogdalucianaoliveira.com.br\/blog\/wp-json\/wp\/v2\/posts\/14517\/revisions\/14523"}],"wp:attachment":[{"href":"http:\/\/blogdalucianaoliveira.com.br\/blog\/wp-json\/wp\/v2\/media?parent=14517"}],"wp:term":[{"taxonomy":"category","embeddable":true,"href":"http:\/\/blogdalucianaoliveira.com.br\/blog\/wp-json\/wp\/v2\/categories?post=14517"},{"taxonomy":"post_tag","embeddable":true,"href":"http:\/\/blogdalucianaoliveira.com.br\/blog\/wp-json\/wp\/v2\/tags?post=14517"}],"curies":[{"name":"wp","href":"https:\/\/api.w.org\/{rel}","templated":true}]}}