{"id":14524,"date":"2017-10-24T20:34:31","date_gmt":"2017-10-25T00:34:31","guid":{"rendered":"http:\/\/blogdalucianaoliveira.com.br\/blog\/?p=14524"},"modified":"2017-10-24T20:34:31","modified_gmt":"2017-10-25T00:34:31","slug":"o-brasil-em-marcha-a-re","status":"publish","type":"post","link":"http:\/\/blogdalucianaoliveira.com.br\/blog\/2017\/10\/24\/o-brasil-em-marcha-a-re\/","title":{"rendered":"O Brasil em marcha a r\u00e9"},"content":{"rendered":"<p><img data-recalc-dims=\"1\" loading=\"lazy\" decoding=\"async\" data-attachment-id=\"14525\" data-permalink=\"http:\/\/blogdalucianaoliveira.com.br\/blog\/2017\/10\/24\/o-brasil-em-marcha-a-re\/096f304f-bac0-43ad-adfb-a66da2b6bfe5\/\" data-orig-file=\"https:\/\/i0.wp.com\/blogdalucianaoliveira.com.br\/blog\/wp-content\/uploads\/2017\/10\/096F304F-BAC0-43AD-ADFB-A66DA2B6BFE5.jpeg?fit=1080%2C1080\" data-orig-size=\"1080,1080\" data-comments-opened=\"0\" data-image-meta=\"{&quot;aperture&quot;:&quot;0&quot;,&quot;credit&quot;:&quot;&quot;,&quot;camera&quot;:&quot;&quot;,&quot;caption&quot;:&quot;&quot;,&quot;created_timestamp&quot;:&quot;0&quot;,&quot;copyright&quot;:&quot;&quot;,&quot;focal_length&quot;:&quot;0&quot;,&quot;iso&quot;:&quot;0&quot;,&quot;shutter_speed&quot;:&quot;0&quot;,&quot;title&quot;:&quot;&quot;,&quot;orientation&quot;:&quot;1&quot;}\" data-image-title=\"096F304F-BAC0-43AD-ADFB-A66DA2B6BFE5\" data-image-description=\"\" data-image-caption=\"\" data-medium-file=\"https:\/\/i0.wp.com\/blogdalucianaoliveira.com.br\/blog\/wp-content\/uploads\/2017\/10\/096F304F-BAC0-43AD-ADFB-A66DA2B6BFE5.jpeg?fit=300%2C300\" data-large-file=\"https:\/\/i0.wp.com\/blogdalucianaoliveira.com.br\/blog\/wp-content\/uploads\/2017\/10\/096F304F-BAC0-43AD-ADFB-A66DA2B6BFE5.jpeg?fit=600%2C600\" src=\"https:\/\/i0.wp.com\/blogdalucianaoliveira.com.br\/blog\/wp-content\/uploads\/2017\/10\/096F304F-BAC0-43AD-ADFB-A66DA2B6BFE5.jpeg?resize=600%2C600\" alt=\"096F304F-BAC0-43AD-ADFB-A66DA2B6BFE5\" width=\"600\" height=\"600\" class=\"alignnone size-full wp-image-14525\" srcset=\"https:\/\/i0.wp.com\/blogdalucianaoliveira.com.br\/blog\/wp-content\/uploads\/2017\/10\/096F304F-BAC0-43AD-ADFB-A66DA2B6BFE5.jpeg?w=1080 1080w, https:\/\/i0.wp.com\/blogdalucianaoliveira.com.br\/blog\/wp-content\/uploads\/2017\/10\/096F304F-BAC0-43AD-ADFB-A66DA2B6BFE5.jpeg?resize=150%2C150 150w, https:\/\/i0.wp.com\/blogdalucianaoliveira.com.br\/blog\/wp-content\/uploads\/2017\/10\/096F304F-BAC0-43AD-ADFB-A66DA2B6BFE5.jpeg?resize=300%2C300 300w, https:\/\/i0.wp.com\/blogdalucianaoliveira.com.br\/blog\/wp-content\/uploads\/2017\/10\/096F304F-BAC0-43AD-ADFB-A66DA2B6BFE5.jpeg?resize=768%2C768 768w, https:\/\/i0.wp.com\/blogdalucianaoliveira.com.br\/blog\/wp-content\/uploads\/2017\/10\/096F304F-BAC0-43AD-ADFB-A66DA2B6BFE5.jpeg?resize=1024%2C1024 1024w\" sizes=\"auto, (max-width: 600px) 100vw, 600px\" \/><\/p>\n<p>Temer e aliados ao golpe de 2016 compraram tamb\u00e9m a consci\u00eancia da \u2018maioria\u2019 da popula\u00e7\u00e3o. <\/p>\n<p>Lembram da maioria?<\/p>\n<p>Os golpistas justificavam os golpes \u00e0 democracia com o apoio da \u2018maioria\u2019 que seguia aos berros nas ruas. <\/p>\n<p>Pois \u00e9, s\u00f3 que os golpistas deram  cano na \u2018maioria\u2019. <\/p>\n<p>Venderam um governo imprest\u00e1vel. <\/p>\n<p>A pinguela pro futuro caiu em meses do governo ileg\u00edtimo. <\/p>\n<p>E a maioria em marcha a r\u00e9 nem reclama.<\/p>\n","protected":false},"excerpt":{"rendered":"<p>Temer e aliados ao golpe de 2016 compraram tamb\u00e9m a consci\u00eancia da \u2018maioria\u2019 da popula\u00e7\u00e3o. Lembram da maioria? Os golpistas justificavam os golpes \u00e0 democracia com o apoio da \u2018maioria\u2019 que seguia aos berros nas ruas. Pois \u00e9, s\u00f3 que os golpistas deram cano na \u2018maioria\u2019. Venderam um governo imprest\u00e1vel. A pinguela pro futuro caiu&#8230;<a class=\"more-link\" href=\"http:\/\/blogdalucianaoliveira.com.br\/blog\/2017\/10\/24\/o-brasil-em-marcha-a-re\/\">Continue a leitura <span class=\"meta-nav\">&raquo;<\/span><\/a><\/p>\n","protected":false},"author":1,"featured_media":0,"comment_status":"closed","ping_status":"open","sticky":false,"template":"","format":"standard","meta":{"_exactmetrics_skip_tracking":false,"_exactmetrics_sitenote_active":false,"_exactmetrics_sitenote_note":"","_exactmetrics_sitenote_category":0,"jetpack_post_was_ever_published":false,"_jetpack_newsletter_access":"","_jetpack_dont_email_post_to_subs":false,"_jetpack_newsletter_tier_id":0,"_jetpack_memberships_contains_paywalled_content":false,"_jetpack_memberships_contains_paid_content":false,"footnotes":"","jetpack_publicize_message":"","jetpack_publicize_feature_enabled":true,"jetpack_social_post_already_shared":true,"jetpack_social_options":{"image_generator_settings":{"template":"highway","enabled":false},"version":2}},"categories":[1],"tags":[],"class_list":["post-14524","post","type-post","status-publish","format-standard","hentry","category-notas"],"jetpack_publicize_connections":[],"jetpack_sharing_enabled":true,"jetpack_featured_media_url":"","jetpack_shortlink":"https:\/\/wp.me\/p7wKYW-3Mg","jetpack-related-posts":[],"_links":{"self":[{"href":"http:\/\/blogdalucianaoliveira.com.br\/blog\/wp-json\/wp\/v2\/posts\/14524","targetHints":{"allow":["GET"]}}],"collection":[{"href":"http:\/\/blogdalucianaoliveira.com.br\/blog\/wp-json\/wp\/v2\/posts"}],"about":[{"href":"http:\/\/blogdalucianaoliveira.com.br\/blog\/wp-json\/wp\/v2\/types\/post"}],"author":[{"embeddable":true,"href":"http:\/\/blogdalucianaoliveira.com.br\/blog\/wp-json\/wp\/v2\/users\/1"}],"replies":[{"embeddable":true,"href":"http:\/\/blogdalucianaoliveira.com.br\/blog\/wp-json\/wp\/v2\/comments?post=14524"}],"version-history":[{"count":1,"href":"http:\/\/blogdalucianaoliveira.com.br\/blog\/wp-json\/wp\/v2\/posts\/14524\/revisions"}],"predecessor-version":[{"id":14526,"href":"http:\/\/blogdalucianaoliveira.com.br\/blog\/wp-json\/wp\/v2\/posts\/14524\/revisions\/14526"}],"wp:attachment":[{"href":"http:\/\/blogdalucianaoliveira.com.br\/blog\/wp-json\/wp\/v2\/media?parent=14524"}],"wp:term":[{"taxonomy":"category","embeddable":true,"href":"http:\/\/blogdalucianaoliveira.com.br\/blog\/wp-json\/wp\/v2\/categories?post=14524"},{"taxonomy":"post_tag","embeddable":true,"href":"http:\/\/blogdalucianaoliveira.com.br\/blog\/wp-json\/wp\/v2\/tags?post=14524"}],"curies":[{"name":"wp","href":"https:\/\/api.w.org\/{rel}","templated":true}]}}