{"id":1453,"date":"2016-06-03T16:41:30","date_gmt":"2016-06-03T20:41:30","guid":{"rendered":"http:\/\/blogdalucianaoliveira.com.br\/blog\/?p=1453"},"modified":"2016-06-03T16:41:30","modified_gmt":"2016-06-03T20:41:30","slug":"apertem-os-cintos-o-piloto-sumiu","status":"publish","type":"post","link":"http:\/\/blogdalucianaoliveira.com.br\/blog\/2016\/06\/03\/apertem-os-cintos-o-piloto-sumiu\/","title":{"rendered":"Apertem os cintos, o piloto sumiu"},"content":{"rendered":"<p><img data-recalc-dims=\"1\" loading=\"lazy\" decoding=\"async\" data-attachment-id=\"1454\" data-permalink=\"http:\/\/blogdalucianaoliveira.com.br\/blog\/2016\/06\/03\/apertem-os-cintos-o-piloto-sumiu\/image-312\/\" data-orig-file=\"https:\/\/i0.wp.com\/blogdalucianaoliveira.com.br\/blog\/wp-content\/uploads\/2016\/06\/image-8.jpeg?fit=500%2C281\" data-orig-size=\"500,281\" data-comments-opened=\"0\" data-image-meta=\"{&quot;aperture&quot;:&quot;0&quot;,&quot;credit&quot;:&quot;&quot;,&quot;camera&quot;:&quot;&quot;,&quot;caption&quot;:&quot;&quot;,&quot;created_timestamp&quot;:&quot;0&quot;,&quot;copyright&quot;:&quot;&quot;,&quot;focal_length&quot;:&quot;0&quot;,&quot;iso&quot;:&quot;0&quot;,&quot;shutter_speed&quot;:&quot;0&quot;,&quot;title&quot;:&quot;&quot;,&quot;orientation&quot;:&quot;0&quot;}\" data-image-title=\"image\" data-image-description=\"\" data-image-caption=\"\" data-medium-file=\"https:\/\/i0.wp.com\/blogdalucianaoliveira.com.br\/blog\/wp-content\/uploads\/2016\/06\/image-8.jpeg?fit=300%2C169\" data-large-file=\"https:\/\/i0.wp.com\/blogdalucianaoliveira.com.br\/blog\/wp-content\/uploads\/2016\/06\/image-8.jpeg?fit=500%2C281\" src=\"https:\/\/i0.wp.com\/blogdalucianaoliveira.com.br\/blog\/wp-content\/uploads\/2016\/06\/image-8.jpeg?resize=500%2C281\" alt=\"image\" width=\"500\" height=\"281\" class=\"alignnone size-full wp-image-1454\" srcset=\"https:\/\/i0.wp.com\/blogdalucianaoliveira.com.br\/blog\/wp-content\/uploads\/2016\/06\/image-8.jpeg?w=500 500w, https:\/\/i0.wp.com\/blogdalucianaoliveira.com.br\/blog\/wp-content\/uploads\/2016\/06\/image-8.jpeg?resize=300%2C169 300w\" sizes=\"auto, (max-width: 500px) 100vw, 500px\" \/><\/p>\n<p>Por Vladimir Safatle<\/p>\n<p>\u00c9 certo que mesmo o mais entusiasta apoiador do golpe olig\u00e1rquico perpetrado no Brasil n\u00e3o imaginava uma sequ\u00eancia t\u00e3o desastrada como a que estamos a ver. <!--more--><\/p>\n<p>A narrativa hegem\u00f4nica antes do processo de impeachment de Dilma Rousseff era que, afastada a presidente, o d\u00f3lar cairia, a bolsa subiria, a sociedade se reunificaria e voltar\u00edamos a uma certa normalidade.<\/p>\n<p>Mesmo os que denunciavam a manobra pol\u00edtica afirmavam que entrar\u00edamos em um conchavo macabro entre a classe pol\u00edtica, a imprensa e o judici\u00e1rio para a cria\u00e7\u00e3o de uma pacifica\u00e7\u00e3o artificial do cen\u00e1rio pol\u00edtico nacional.<\/p>\n<p>No entanto, o que aconteceu foi outra coisa. Nestes primeiros 20 dias, o governo interino foi diariamente bombardeado por vazamentos de grava\u00e7\u00f5es que provocaram a queda de dois ministros em menos de um m\u00eas, setores da imprensa n\u00e3o deixaram de reverberar os arca\u00edsmos e mazelas dos novos ocupantes do poder, minando a popularidade de um governo que come\u00e7ou em baixa. <\/p>\n<p>A quantidade de medidas anunciadas e revogadas em menos de um dia demonstra a profunda fragilidade do arranjo governista e seu programa.<\/p>\n<p>Uma das formas de interpretar tal situa\u00e7\u00e3o passa por compreender de outra forma golpes pol\u00edticos como esse que o Brasil conheceu.<\/p>\n<p>Normalmente, imaginamos que a queda de um grupo de poder e a ascens\u00e3o de outro \u00e9 fruto de um projeto claramente concebido que recebe a anu\u00eancia de v\u00e1rios atores pol\u00edticos com interesses em comum dispostos a se submeter a um comando central. <\/p>\n<p>Teria sido assim, por exemplo, com a ditadura militar, na qual setores do empresariado nacional, do latif\u00fandio, da igreja conservadora e da imprensa organizaram seus interesses em comum submetendo-se ao comando militar, que foi rapidamente impondo sua hegemonia de fato.<\/p>\n<p>No entanto, lembremos aqui da teoria presente em um dos mais impressionantes estudos sobre o estado nazista, a saber, &#8220;Behemoth: A Estrutura e a Pr\u00e1tica do Nacional-Socialismo&#8221;, de Franz Neumann.<\/p>\n<p>Uma das principais teses de Neumann, companheiro de rota da Escola de Frankfurt, consiste em afirmar que o Estado nazista n\u00e3o era uma totalidade org\u00e2nica e homog\u00eanea. Antes, ele era composto de, ao menos, quatro grupos (o partido, o Ex\u00e9rcito, os industriais e a burocracia estatal) que se digladiavam entre si constituindo estruturas de poder paralelas que entravam continuamente em choque.<\/p>\n<p>O Estado n\u00e3o se desagregava apenas porque existia um &#8220;mediador universal&#8221; reconhecido por todos (no caso, o F\u00fchrer) que decidia os conflitos internos quando necess\u00e1rio. Agora, imagine uma situa\u00e7\u00e3o como essa sem a figura do mediador universal. Voc\u00ea chegar\u00e1 assim ao Brasil atual, fruto de um impressionante golpe sem comando.<\/p>\n<p>Cinco grupos tomaram a frente do processo de derrubada do governo Dilma. Primeiro, a casta pol\u00edtica, que resolveu sacrificar seu s\u00f3cio mais novo (o PT) para tentar, como disse singelamente o senhor Romero Juc\u00e1, &#8220;estancar a sangria&#8221;.<\/p>\n<p>Segundo, o poder Judici\u00e1rio, que, diante da imobilidade do Executivo e do Legislativo, paulatinamente foi al\u00e7ado ao centro do processo decis\u00f3rio nacional, ganhando um protagonismo e autonomia nunca visto. N\u00e3o foram poucos os que denunciaram que o Brasil caminha para uma certa condi\u00e7\u00e3o de Rep\u00fablica de ju\u00edzes.<\/p>\n<p>Terceiro, setores hegem\u00f4nicos da imprensa, que tem sua pauta liberal-conservadora pr\u00f3pria.<\/p>\n<p>Quarto, a oligarquia financeira, \u00fanico setor da economia nacional capaz de organizar o comando da economia a partir de seus pr\u00f3prios interesses. Por fim, a igreja evang\u00e9lica conservadora, cuja influ\u00eancia na pol\u00edtica brasileira \u00e9 fruto de trabalho ideol\u00f3gico de longo f\u00f4lego no interior da dita &#8220;nova classe m\u00e9dia&#8221;.<\/p>\n<p>Todos esses atores t\u00eam agendas pr\u00f3prias, n\u00e3o necessariamente convergentes. A \u00fanica coisa que eles t\u00eam em comum \u00e9 o mesmo inimigo externo, a saber, a esquerda no poder. O que os une \u00e9 a viol\u00eancia contra o mesmo inimigo, que precisar\u00e1 continuar como tal. O que veremos agora ser\u00e1, pois, tais atores se digladiando entre si para impor sua hegemonia.<\/p>\n<p>Policiais prendendo banqueiros, a imprensa enquadrando membros da casta pol\u00edtica, evang\u00e9licos pressionando o governo para suas pautas fundamentalistas: esses movimentos s\u00e3o apenas um jogo de for\u00e7a no interior de um golpe sem comando e de um pa\u00eds \u00e0 deriva.<\/p>\n<p>Esta \u00e9 uma das vers\u00f5es poss\u00edveis do vazio no poder.<\/p>\n","protected":false},"excerpt":{"rendered":"<p>Por Vladimir Safatle \u00c9 certo que mesmo o mais entusiasta apoiador do golpe olig\u00e1rquico perpetrado no Brasil n\u00e3o imaginava uma sequ\u00eancia t\u00e3o desastrada como a que estamos a ver.<\/p>\n","protected":false},"author":1,"featured_media":0,"comment_status":"closed","ping_status":"open","sticky":false,"template":"","format":"standard","meta":{"_exactmetrics_skip_tracking":false,"_exactmetrics_sitenote_active":false,"_exactmetrics_sitenote_note":"","_exactmetrics_sitenote_category":0,"jetpack_post_was_ever_published":false,"_jetpack_newsletter_access":"","_jetpack_dont_email_post_to_subs":false,"_jetpack_newsletter_tier_id":0,"_jetpack_memberships_contains_paywalled_content":false,"_jetpack_memberships_contains_paid_content":false,"footnotes":"","jetpack_publicize_message":"","jetpack_publicize_feature_enabled":true,"jetpack_social_post_already_shared":true,"jetpack_social_options":{"image_generator_settings":{"template":"highway","enabled":false},"version":2}},"categories":[1],"tags":[111,110,45],"class_list":["post-1453","post","type-post","status-publish","format-standard","hentry","category-notas","tag-caos","tag-crise","tag-temer"],"jetpack_publicize_connections":[],"jetpack_sharing_enabled":true,"jetpack_featured_media_url":"","jetpack_shortlink":"https:\/\/wp.me\/p7wKYW-nr","jetpack-related-posts":[],"_links":{"self":[{"href":"http:\/\/blogdalucianaoliveira.com.br\/blog\/wp-json\/wp\/v2\/posts\/1453","targetHints":{"allow":["GET"]}}],"collection":[{"href":"http:\/\/blogdalucianaoliveira.com.br\/blog\/wp-json\/wp\/v2\/posts"}],"about":[{"href":"http:\/\/blogdalucianaoliveira.com.br\/blog\/wp-json\/wp\/v2\/types\/post"}],"author":[{"embeddable":true,"href":"http:\/\/blogdalucianaoliveira.com.br\/blog\/wp-json\/wp\/v2\/users\/1"}],"replies":[{"embeddable":true,"href":"http:\/\/blogdalucianaoliveira.com.br\/blog\/wp-json\/wp\/v2\/comments?post=1453"}],"version-history":[{"count":1,"href":"http:\/\/blogdalucianaoliveira.com.br\/blog\/wp-json\/wp\/v2\/posts\/1453\/revisions"}],"predecessor-version":[{"id":1455,"href":"http:\/\/blogdalucianaoliveira.com.br\/blog\/wp-json\/wp\/v2\/posts\/1453\/revisions\/1455"}],"wp:attachment":[{"href":"http:\/\/blogdalucianaoliveira.com.br\/blog\/wp-json\/wp\/v2\/media?parent=1453"}],"wp:term":[{"taxonomy":"category","embeddable":true,"href":"http:\/\/blogdalucianaoliveira.com.br\/blog\/wp-json\/wp\/v2\/categories?post=1453"},{"taxonomy":"post_tag","embeddable":true,"href":"http:\/\/blogdalucianaoliveira.com.br\/blog\/wp-json\/wp\/v2\/tags?post=1453"}],"curies":[{"name":"wp","href":"https:\/\/api.w.org\/{rel}","templated":true}]}}