{"id":14538,"date":"2017-10-25T10:57:28","date_gmt":"2017-10-25T14:57:28","guid":{"rendered":"http:\/\/blogdalucianaoliveira.com.br\/blog\/?p=14538"},"modified":"2017-10-25T10:57:28","modified_gmt":"2017-10-25T14:57:28","slug":"temer-e-as-sementes-podres","status":"publish","type":"post","link":"http:\/\/blogdalucianaoliveira.com.br\/blog\/2017\/10\/25\/temer-e-as-sementes-podres\/","title":{"rendered":"Temer e as sementes podres"},"content":{"rendered":"<p><img data-recalc-dims=\"1\" loading=\"lazy\" decoding=\"async\" data-attachment-id=\"14533\" data-permalink=\"http:\/\/blogdalucianaoliveira.com.br\/blog\/?attachment_id=14533\" data-orig-file=\"https:\/\/i0.wp.com\/blogdalucianaoliveira.com.br\/blog\/wp-content\/uploads\/2017\/10\/A20E4521-3808-4BE9-B078-C255DBBC0A22.jpeg?fit=461%2C319\" data-orig-size=\"461,319\" data-comments-opened=\"0\" data-image-meta=\"{&quot;aperture&quot;:&quot;0&quot;,&quot;credit&quot;:&quot;&quot;,&quot;camera&quot;:&quot;&quot;,&quot;caption&quot;:&quot;&quot;,&quot;created_timestamp&quot;:&quot;0&quot;,&quot;copyright&quot;:&quot;&quot;,&quot;focal_length&quot;:&quot;0&quot;,&quot;iso&quot;:&quot;0&quot;,&quot;shutter_speed&quot;:&quot;0&quot;,&quot;title&quot;:&quot;&quot;,&quot;orientation&quot;:&quot;0&quot;}\" data-image-title=\"A20E4521-3808-4BE9-B078-C255DBBC0A22\" data-image-description=\"\" data-image-caption=\"\" data-medium-file=\"https:\/\/i0.wp.com\/blogdalucianaoliveira.com.br\/blog\/wp-content\/uploads\/2017\/10\/A20E4521-3808-4BE9-B078-C255DBBC0A22.jpeg?fit=300%2C208\" data-large-file=\"https:\/\/i0.wp.com\/blogdalucianaoliveira.com.br\/blog\/wp-content\/uploads\/2017\/10\/A20E4521-3808-4BE9-B078-C255DBBC0A22.jpeg?fit=461%2C319\" src=\"https:\/\/i0.wp.com\/blogdalucianaoliveira.com.br\/blog\/wp-content\/uploads\/2017\/10\/A20E4521-3808-4BE9-B078-C255DBBC0A22.jpeg?resize=461%2C319\" alt=\"A20E4521-3808-4BE9-B078-C255DBBC0A22\" width=\"461\" height=\"319\" class=\"alignnone size-full wp-image-14533\" srcset=\"https:\/\/i0.wp.com\/blogdalucianaoliveira.com.br\/blog\/wp-content\/uploads\/2017\/10\/A20E4521-3808-4BE9-B078-C255DBBC0A22.jpeg?w=461 461w, https:\/\/i0.wp.com\/blogdalucianaoliveira.com.br\/blog\/wp-content\/uploads\/2017\/10\/A20E4521-3808-4BE9-B078-C255DBBC0A22.jpeg?resize=300%2C208 300w, https:\/\/i0.wp.com\/blogdalucianaoliveira.com.br\/blog\/wp-content\/uploads\/2017\/10\/A20E4521-3808-4BE9-B078-C255DBBC0A22.jpeg?resize=434%2C300 434w\" sizes=\"auto, (max-width: 461px) 100vw, 461px\" \/><\/p>\n<p>Bom dia a quem se faz ave que garante que a semente de apuizeiro brote na merda dos p\u00e1ssaros.<br \/>\nS\u00e3o esses aliados que mant\u00e9m a exist\u00eancia dessa majestosa \u00e1rvore da floresta amaz\u00f4nica, que uso como met\u00e1fora \u00e0 esperan\u00e7a com a pol\u00edtica brasileira.<!--more--><\/p>\n<p>As aves comem a boa semente que atravessa intacta o tubo digestivo e germina nas fezes deixadas no meio.<\/p>\n<p>\u201cUma fr\u00e1gil plantinha surge, lan\u00e7ando na dire\u00e7\u00e3o do solo uma raiz faminta que come\u00e7a a descer e a descer. Ao alcan\u00e7ar o solo, ela mergulha com a for\u00e7a e a calma que a natureza lhe concedeu. E enquanto se alimenta vai mandando energia e vitalidade para cima. Ent\u00e3o, novas ra\u00edzes surgem e fazem o mesmo caminho.\u201c<\/p>\n<p><img data-recalc-dims=\"1\" loading=\"lazy\" decoding=\"async\" data-attachment-id=\"14539\" data-permalink=\"http:\/\/blogdalucianaoliveira.com.br\/blog\/2017\/10\/25\/temer-e-as-sementes-podres\/apui\/\" data-orig-file=\"https:\/\/i0.wp.com\/blogdalucianaoliveira.com.br\/blog\/wp-content\/uploads\/2017\/10\/apui.jpg?fit=960%2C960\" data-orig-size=\"960,960\" data-comments-opened=\"0\" data-image-meta=\"{&quot;aperture&quot;:&quot;0&quot;,&quot;credit&quot;:&quot;&quot;,&quot;camera&quot;:&quot;&quot;,&quot;caption&quot;:&quot;&quot;,&quot;created_timestamp&quot;:&quot;0&quot;,&quot;copyright&quot;:&quot;&quot;,&quot;focal_length&quot;:&quot;0&quot;,&quot;iso&quot;:&quot;0&quot;,&quot;shutter_speed&quot;:&quot;0&quot;,&quot;title&quot;:&quot;&quot;,&quot;orientation&quot;:&quot;0&quot;}\" data-image-title=\"apui\" data-image-description=\"\" data-image-caption=\"\" data-medium-file=\"https:\/\/i0.wp.com\/blogdalucianaoliveira.com.br\/blog\/wp-content\/uploads\/2017\/10\/apui.jpg?fit=300%2C300\" data-large-file=\"https:\/\/i0.wp.com\/blogdalucianaoliveira.com.br\/blog\/wp-content\/uploads\/2017\/10\/apui.jpg?fit=600%2C600\" src=\"https:\/\/i0.wp.com\/blogdalucianaoliveira.com.br\/blog\/wp-content\/uploads\/2017\/10\/apui.jpg?resize=600%2C600\" alt=\"apui\" width=\"600\" height=\"600\" class=\"alignnone size-full wp-image-14539\" srcset=\"https:\/\/i0.wp.com\/blogdalucianaoliveira.com.br\/blog\/wp-content\/uploads\/2017\/10\/apui.jpg?w=960 960w, https:\/\/i0.wp.com\/blogdalucianaoliveira.com.br\/blog\/wp-content\/uploads\/2017\/10\/apui.jpg?resize=150%2C150 150w, https:\/\/i0.wp.com\/blogdalucianaoliveira.com.br\/blog\/wp-content\/uploads\/2017\/10\/apui.jpg?resize=300%2C300 300w, https:\/\/i0.wp.com\/blogdalucianaoliveira.com.br\/blog\/wp-content\/uploads\/2017\/10\/apui.jpg?resize=768%2C768 768w\" sizes=\"auto, (max-width: 600px) 100vw, 600px\" \/><\/p>\n<p>\u00c9 da merda que este governo ileg\u00edtimo est\u00e1 produzindo que brotar\u00e1 algo bom e belo para o pa\u00eds.<br \/>\nHoje, deputados aliados \u00e0 corrup\u00e7\u00e3o v\u00e3o barrar a segunda den\u00fancia contra Temer.<\/p>\n<p>E far\u00e3o isso, porque vigora a indec\u00eancia de garantir o direito \u00e0 emendas parlamentares S\u00d3 aos que apoiam a corrup\u00e7\u00e3o.<\/p>\n<div class=\"fb-video\" data-allowfullscreen=\"true\" data-href=\"https:\/\/www.facebook.com\/luciana.oliveira.75457\/videos\/pcb.1593917744017456\/1593916624017568\/?type=3&#038;theater\"><\/div>\n<p>Assim, descaradamente.<\/p>\n<p>Hoje, s\u00e3o poucos os apuizeiros por falta de aves que comam e caguem suas belas sementes no terreno pantanoso do Congresso Nacional.<\/p>\n","protected":false},"excerpt":{"rendered":"<p>Bom dia a quem se faz ave que garante que a semente de apuizeiro brote na merda dos p\u00e1ssaros. S\u00e3o esses aliados que mant\u00e9m a exist\u00eancia dessa majestosa \u00e1rvore da floresta amaz\u00f4nica, que uso como met\u00e1fora \u00e0 esperan\u00e7a com a pol\u00edtica brasileira.<\/p>\n","protected":false},"author":1,"featured_media":0,"comment_status":"closed","ping_status":"open","sticky":false,"template":"","format":"standard","meta":{"_exactmetrics_skip_tracking":false,"_exactmetrics_sitenote_active":false,"_exactmetrics_sitenote_note":"","_exactmetrics_sitenote_category":0,"jetpack_post_was_ever_published":false,"_jetpack_newsletter_access":"","_jetpack_dont_email_post_to_subs":false,"_jetpack_newsletter_tier_id":0,"_jetpack_memberships_contains_paywalled_content":false,"_jetpack_memberships_contains_paid_content":false,"footnotes":"","jetpack_publicize_message":"","jetpack_publicize_feature_enabled":true,"jetpack_social_post_already_shared":true,"jetpack_social_options":{"image_generator_settings":{"template":"highway","enabled":false},"version":2}},"categories":[1],"tags":[],"class_list":["post-14538","post","type-post","status-publish","format-standard","hentry","category-notas"],"jetpack_publicize_connections":[],"jetpack_sharing_enabled":true,"jetpack_featured_media_url":"","jetpack_shortlink":"https:\/\/wp.me\/p7wKYW-3Mu","jetpack-related-posts":[],"_links":{"self":[{"href":"http:\/\/blogdalucianaoliveira.com.br\/blog\/wp-json\/wp\/v2\/posts\/14538","targetHints":{"allow":["GET"]}}],"collection":[{"href":"http:\/\/blogdalucianaoliveira.com.br\/blog\/wp-json\/wp\/v2\/posts"}],"about":[{"href":"http:\/\/blogdalucianaoliveira.com.br\/blog\/wp-json\/wp\/v2\/types\/post"}],"author":[{"embeddable":true,"href":"http:\/\/blogdalucianaoliveira.com.br\/blog\/wp-json\/wp\/v2\/users\/1"}],"replies":[{"embeddable":true,"href":"http:\/\/blogdalucianaoliveira.com.br\/blog\/wp-json\/wp\/v2\/comments?post=14538"}],"version-history":[{"count":1,"href":"http:\/\/blogdalucianaoliveira.com.br\/blog\/wp-json\/wp\/v2\/posts\/14538\/revisions"}],"predecessor-version":[{"id":14540,"href":"http:\/\/blogdalucianaoliveira.com.br\/blog\/wp-json\/wp\/v2\/posts\/14538\/revisions\/14540"}],"wp:attachment":[{"href":"http:\/\/blogdalucianaoliveira.com.br\/blog\/wp-json\/wp\/v2\/media?parent=14538"}],"wp:term":[{"taxonomy":"category","embeddable":true,"href":"http:\/\/blogdalucianaoliveira.com.br\/blog\/wp-json\/wp\/v2\/categories?post=14538"},{"taxonomy":"post_tag","embeddable":true,"href":"http:\/\/blogdalucianaoliveira.com.br\/blog\/wp-json\/wp\/v2\/tags?post=14538"}],"curies":[{"name":"wp","href":"https:\/\/api.w.org\/{rel}","templated":true}]}}