{"id":14541,"date":"2017-10-25T11:00:20","date_gmt":"2017-10-25T15:00:20","guid":{"rendered":"http:\/\/blogdalucianaoliveira.com.br\/blog\/?p=14541"},"modified":"2017-10-25T11:00:20","modified_gmt":"2017-10-25T15:00:20","slug":"sob-as-bencaos-da-lava-jato-temer-comeca-nesta-sexta-a-entregar-o-pre-sal","status":"publish","type":"post","link":"http:\/\/blogdalucianaoliveira.com.br\/blog\/2017\/10\/25\/sob-as-bencaos-da-lava-jato-temer-comeca-nesta-sexta-a-entregar-o-pre-sal\/","title":{"rendered":"Sob as ben\u00e7\u00e3os da Lava Jato, Temer come\u00e7a nesta sexta a entregar o pr\u00e9-sal"},"content":{"rendered":"<p><img data-recalc-dims=\"1\" loading=\"lazy\" decoding=\"async\" data-attachment-id=\"14542\" data-permalink=\"http:\/\/blogdalucianaoliveira.com.br\/blog\/2017\/10\/25\/sob-as-bencaos-da-lava-jato-temer-comeca-nesta-sexta-a-entregar-o-pre-sal\/pre-2\/\" data-orig-file=\"https:\/\/i0.wp.com\/blogdalucianaoliveira.com.br\/blog\/wp-content\/uploads\/2017\/10\/pre.jpg?fit=490%2C280\" data-orig-size=\"490,280\" data-comments-opened=\"0\" data-image-meta=\"{&quot;aperture&quot;:&quot;0&quot;,&quot;credit&quot;:&quot;&quot;,&quot;camera&quot;:&quot;&quot;,&quot;caption&quot;:&quot;&quot;,&quot;created_timestamp&quot;:&quot;0&quot;,&quot;copyright&quot;:&quot;&quot;,&quot;focal_length&quot;:&quot;0&quot;,&quot;iso&quot;:&quot;0&quot;,&quot;shutter_speed&quot;:&quot;0&quot;,&quot;title&quot;:&quot;&quot;,&quot;orientation&quot;:&quot;0&quot;}\" data-image-title=\"pre\" data-image-description=\"\" data-image-caption=\"\" data-medium-file=\"https:\/\/i0.wp.com\/blogdalucianaoliveira.com.br\/blog\/wp-content\/uploads\/2017\/10\/pre.jpg?fit=300%2C171\" data-large-file=\"https:\/\/i0.wp.com\/blogdalucianaoliveira.com.br\/blog\/wp-content\/uploads\/2017\/10\/pre.jpg?fit=490%2C280\" src=\"https:\/\/i0.wp.com\/blogdalucianaoliveira.com.br\/blog\/wp-content\/uploads\/2017\/10\/pre.jpg?resize=490%2C280\" alt=\"pre\" width=\"490\" height=\"280\" class=\"alignnone size-full wp-image-14542\" srcset=\"https:\/\/i0.wp.com\/blogdalucianaoliveira.com.br\/blog\/wp-content\/uploads\/2017\/10\/pre.jpg?w=490 490w, https:\/\/i0.wp.com\/blogdalucianaoliveira.com.br\/blog\/wp-content\/uploads\/2017\/10\/pre.jpg?resize=300%2C171 300w\" sizes=\"auto, (max-width: 490px) 100vw, 490px\" \/><\/p>\n<p>No 247, por EMANUEL CANCELLA &#8211; O pr\u00e9-sal, nosso passaporte do futuro come\u00e7a a ser entregue aos gringos, pelo governo golpista, com aval da Lava Jato. Leil\u00e3o vai ser nesta sexta, 27, mas ANP (Agencia Nacional de Petr\u00f3leo e g\u00e1s) n\u00e3o divulga o local.<!--more--><\/p>\n<p>A Lava Jato ficou mais de tr\u00eas anos queimando a imagem da Petrobr\u00e1s atrav\u00e9s dos criminosos vazamentos seletivos para a m\u00eddia principalmente para a Globo. Nos governos do PT, Moro e sua gangue cresceram aos olhos da sociedade.<\/p>\n<p>Estavam preparando o terreno para a chegada do tucanos a Petrobr\u00e1s. Em seguida, o golpista, Michel Temer, indica o tucano Pedro lalau Parente para presidir a Petrobr\u00e1s. Chamo de Pedro lalau por que ele \u00e9 r\u00e9u desde 2001 pela venda criminosa de ativos da Petrobr\u00e1s quando deu um preju\u00edzo de R$ 5 BI a Petrobr\u00e1s (2).<\/p>\n<p>Pedro lalau volta para liquidar a Petrobr\u00e1s com aval da Lava Jato. Mesmo tratamento da Lava Jato recebeu o tucano, FHC que deve ser o \u201cComandante m\u00e1ximo da corrup\u00e7\u00e3o na Petrobr\u00e1s\u201d, titulo que a Lava Jato tenta imputar ao ex presidente Lula sem provas mas com convic\u00e7\u00e3o. Contra FHC um mar de denuncias e em muitas delas envolvendo seu pr\u00f3prio filho, e nada, nem investiga\u00e7\u00e3o (7,8).<\/p>\n<p>O pr\u00e9-sal \u00e9 o filho mais prodigo de uma empresa que foi criada nos bra\u00e7os do povo na d\u00e9cada de 40\/50 na campanha, \u201cO Petroleo \u00e9 Nosso!\u201d. O pr\u00e9-sal, nosso \u201cpassaporte do futuro\u201d, foi descoberto a partir do desenvolvimento de tecnologia in\u00e9dita no mundo pelos petroleiros brasileiros.<\/p>\n<p>No pr\u00e9-sal, o Brasil investiu muito dinheiro p\u00fablico, o primeiro furo no po\u00e7o para comprovar a exist\u00eancia ou n\u00e3o de petr\u00f3leo custou U$ 250 milh\u00f5es.<br \/>\nEsse tesouro chamado de pr\u00e9-sal garante nosso abastecimento no m\u00ednimo nos pr\u00f3ximos 50 anos.<\/p>\n<p>Os EUA, por n\u00e3o ter petr\u00f3leo para suas necessidades futuras, vivem conspirando, fomentando guerras, derrubando governos. No Brasil compram governo, deputados, senadores, ju\u00edzes e procuradores para se apossar do petr\u00f3leo alheio. O senador Tucano, Jose Serra chegou a ser denunciado pelo Wikleaks. O juiz, Moro, chefe da Lava Jato at\u00e9 recebeu premio da maior revista do mundo a estadunidense, Time com certeza pelos servi\u00e7os prestados (3,4).<\/p>\n<p>Enquanto isso, o MPF ignora den\u00fancia formalizada em novembro de 2016 contra a gest\u00e3o criminosa dos tucanos FHC e de Pedro lalau Parente na Petrobr\u00e1s.<\/p>\n<p>O MPF se alia aos criminosos e a pedido de Moro, em dezembro do mesmo ano, intima por poss\u00edveis ofensas ao funcion\u00e1rio publico o autor da den\u00fancia da omiss\u00e3o criminosa da Lava Jato (5,6).<\/p>\n<p>Dois presidenci\u00e1veis Lula e Ciro Gomes, caso sejam eleitos, j\u00e1 se comprometeram a rever a entrega do patrim\u00f4nio publico realizada pelo golpista Michel Temer.<br \/>\nVale registrar que \u201cInvestidores est\u00e3o cautelosos com o Brasil\u201d (1).<br \/>\nO Brasil esta sendo posto \u00e0 venda por bandidos e isto tem que ficar claro para o investidor estrangeiro.<br \/>\nE quem compra roubo n\u00e3o tem seguran\u00e7a jur\u00eddica, isto vale para o trombadinha e para o trombad\u00e3o.<\/p>\n<p>Esses picaretas, entreguistas n\u00e3o v\u00e3o ficar impunes!<\/p>\n","protected":false},"excerpt":{"rendered":"<p>No 247, por EMANUEL CANCELLA &#8211; O pr\u00e9-sal, nosso passaporte do futuro come\u00e7a a ser entregue aos gringos, pelo governo golpista, com aval da Lava Jato. Leil\u00e3o vai ser nesta sexta, 27, mas ANP (Agencia Nacional de Petr\u00f3leo e g\u00e1s) n\u00e3o divulga o local.<\/p>\n","protected":false},"author":1,"featured_media":0,"comment_status":"closed","ping_status":"open","sticky":false,"template":"","format":"standard","meta":{"_exactmetrics_skip_tracking":false,"_exactmetrics_sitenote_active":false,"_exactmetrics_sitenote_note":"","_exactmetrics_sitenote_category":0,"jetpack_post_was_ever_published":false,"_jetpack_newsletter_access":"","_jetpack_dont_email_post_to_subs":false,"_jetpack_newsletter_tier_id":0,"_jetpack_memberships_contains_paywalled_content":false,"_jetpack_memberships_contains_paid_content":false,"footnotes":"","jetpack_publicize_message":"","jetpack_publicize_feature_enabled":true,"jetpack_social_post_already_shared":true,"jetpack_social_options":{"image_generator_settings":{"template":"highway","enabled":false},"version":2}},"categories":[1],"tags":[],"class_list":["post-14541","post","type-post","status-publish","format-standard","hentry","category-notas"],"jetpack_publicize_connections":[],"jetpack_sharing_enabled":true,"jetpack_featured_media_url":"","jetpack_shortlink":"https:\/\/wp.me\/p7wKYW-3Mx","jetpack-related-posts":[],"_links":{"self":[{"href":"http:\/\/blogdalucianaoliveira.com.br\/blog\/wp-json\/wp\/v2\/posts\/14541","targetHints":{"allow":["GET"]}}],"collection":[{"href":"http:\/\/blogdalucianaoliveira.com.br\/blog\/wp-json\/wp\/v2\/posts"}],"about":[{"href":"http:\/\/blogdalucianaoliveira.com.br\/blog\/wp-json\/wp\/v2\/types\/post"}],"author":[{"embeddable":true,"href":"http:\/\/blogdalucianaoliveira.com.br\/blog\/wp-json\/wp\/v2\/users\/1"}],"replies":[{"embeddable":true,"href":"http:\/\/blogdalucianaoliveira.com.br\/blog\/wp-json\/wp\/v2\/comments?post=14541"}],"version-history":[{"count":1,"href":"http:\/\/blogdalucianaoliveira.com.br\/blog\/wp-json\/wp\/v2\/posts\/14541\/revisions"}],"predecessor-version":[{"id":14543,"href":"http:\/\/blogdalucianaoliveira.com.br\/blog\/wp-json\/wp\/v2\/posts\/14541\/revisions\/14543"}],"wp:attachment":[{"href":"http:\/\/blogdalucianaoliveira.com.br\/blog\/wp-json\/wp\/v2\/media?parent=14541"}],"wp:term":[{"taxonomy":"category","embeddable":true,"href":"http:\/\/blogdalucianaoliveira.com.br\/blog\/wp-json\/wp\/v2\/categories?post=14541"},{"taxonomy":"post_tag","embeddable":true,"href":"http:\/\/blogdalucianaoliveira.com.br\/blog\/wp-json\/wp\/v2\/tags?post=14541"}],"curies":[{"name":"wp","href":"https:\/\/api.w.org\/{rel}","templated":true}]}}