{"id":14544,"date":"2017-10-25T11:05:07","date_gmt":"2017-10-25T15:05:07","guid":{"rendered":"http:\/\/blogdalucianaoliveira.com.br\/blog\/?p=14544"},"modified":"2017-10-25T11:05:07","modified_gmt":"2017-10-25T15:05:07","slug":"reducao-da-maioridade-penal-vai-na-contramao-da-tendencia-mundial-diz-ong","status":"publish","type":"post","link":"http:\/\/blogdalucianaoliveira.com.br\/blog\/2017\/10\/25\/reducao-da-maioridade-penal-vai-na-contramao-da-tendencia-mundial-diz-ong\/","title":{"rendered":"Redu\u00e7\u00e3o da maioridade penal vai na contram\u00e3o da tend\u00eancia mundial, diz ONG"},"content":{"rendered":"<p><img data-recalc-dims=\"1\" loading=\"lazy\" decoding=\"async\" data-attachment-id=\"14545\" data-permalink=\"http:\/\/blogdalucianaoliveira.com.br\/blog\/2017\/10\/25\/reducao-da-maioridade-penal-vai-na-contramao-da-tendencia-mundial-diz-ong\/re-4\/\" data-orig-file=\"https:\/\/i0.wp.com\/blogdalucianaoliveira.com.br\/blog\/wp-content\/uploads\/2017\/10\/re.jpg?fit=640%2C424\" data-orig-size=\"640,424\" data-comments-opened=\"0\" data-image-meta=\"{&quot;aperture&quot;:&quot;0&quot;,&quot;credit&quot;:&quot;&quot;,&quot;camera&quot;:&quot;&quot;,&quot;caption&quot;:&quot;&quot;,&quot;created_timestamp&quot;:&quot;0&quot;,&quot;copyright&quot;:&quot;&quot;,&quot;focal_length&quot;:&quot;0&quot;,&quot;iso&quot;:&quot;0&quot;,&quot;shutter_speed&quot;:&quot;0&quot;,&quot;title&quot;:&quot;&quot;,&quot;orientation&quot;:&quot;0&quot;}\" data-image-title=\"re\" data-image-description=\"\" data-image-caption=\"\" data-medium-file=\"https:\/\/i0.wp.com\/blogdalucianaoliveira.com.br\/blog\/wp-content\/uploads\/2017\/10\/re.jpg?fit=300%2C199\" data-large-file=\"https:\/\/i0.wp.com\/blogdalucianaoliveira.com.br\/blog\/wp-content\/uploads\/2017\/10\/re.jpg?fit=600%2C398\" src=\"https:\/\/i0.wp.com\/blogdalucianaoliveira.com.br\/blog\/wp-content\/uploads\/2017\/10\/re.jpg?resize=600%2C398\" alt=\"re\" width=\"600\" height=\"398\" class=\"alignnone size-full wp-image-14545\" srcset=\"https:\/\/i0.wp.com\/blogdalucianaoliveira.com.br\/blog\/wp-content\/uploads\/2017\/10\/re.jpg?w=640 640w, https:\/\/i0.wp.com\/blogdalucianaoliveira.com.br\/blog\/wp-content\/uploads\/2017\/10\/re.jpg?resize=300%2C199 300w, https:\/\/i0.wp.com\/blogdalucianaoliveira.com.br\/blog\/wp-content\/uploads\/2017\/10\/re.jpg?resize=453%2C300 453w\" sizes=\"auto, (max-width: 600px) 100vw, 600px\" \/><\/p>\n<p>Prestes a ser votada no Senado, PEC que reduz idade penal para 16 anos descumpre tratados internacionais<!--more--><\/p>\n<p>Cristiane Sampaio<br \/>\nBrasil de Fato | Bras\u00edlia (DF)<\/p>\n<p>As mat\u00e9rias legislativas que prop\u00f5em a redu\u00e7\u00e3o da maioridade penal no Brasil podem colocar o pa\u00eds na contram\u00e3o da tend\u00eancia mundial. O alerta parte da ONG internacional Human Right Watch, que tem atuado para evitar a ado\u00e7\u00e3o de pol\u00edticas que coloquem em xeque os direitos de crian\u00e7as e adolescentes.<\/p>\n<p>Em uma audi\u00eancia p\u00fablica realizada na tarde desta ter\u00e7a-feira (24) no Senado, a diretora da institui\u00e7\u00e3o no Brasil, Maria Laura Canineu, disse que, ao longo dos \u00faltimos tempos, pa\u00edses democr\u00e1ticos t\u00eam percebido que a redu\u00e7\u00e3o da idade penal \u00e9 contraproducente porque n\u00e3o traz os efeitos esperados. <\/p>\n<p>&#8220;Tratar, julgar e condenar crian\u00e7as e adolescentes como adultos aumenta a reincid\u00eancia e a criminalidade. Essa \u00e9 a conclus\u00e3o dos estudos da Human Right Watch ao redor do mundo&#8221;, sublinhou. <\/p>\n<p>Ela destacou que, na d\u00e9cada de 1990, v\u00e1rios pa\u00edses reduziram a maioridade apostando que a medida traria mais seguran\u00e7a para a popula\u00e7\u00e3o. No entanto, parte deles reviu essa pol\u00edtica por conta dos resultados que surgiram com o tempo. \u00c9 o caso dos Estados Unidos, por exemplo, onde, nos \u00faltimos anos, pelo menos cinco estados aumentaram a idade penal de 16 para 18 anos. Em 2010, um estudo do Departamento de Justi\u00e7a do pa\u00eds identificou que, no caso de crimes violentos, por exemplo, a taxa de reincid\u00eancia dos adolescentes julgados no sistema comum foi 100% maior que a daqueles que estavam sob os cuidados do sistema de Justi\u00e7a juvenil.<\/p>\n<p>Normativa <\/p>\n<p>Maria Laura Canineu destaca que, em caso de aprova\u00e7\u00e3o da redu\u00e7\u00e3o de maioridade, o Brasil estar\u00e1 descumprindo as normas do Direito Internacional, que preveem a exist\u00eancia de um sistema de responsabiliza\u00e7\u00e3o pr\u00f3prio para adolescentes. A Organiza\u00e7\u00e3o das Na\u00e7\u00f5es Unidas (ONU) considera que a idade penal ideal \u00e9 de 18 anos.<\/p>\n<p>O Brasil \u00e9 refer\u00eancia na Am\u00e9rica Latina por ter sido o primeiro pa\u00eds a incorporar os princ\u00edpios da Conven\u00e7\u00e3o sobre os Direitos da Crian\u00e7a, o que resultou na cria\u00e7\u00e3o do Estatuto da Crian\u00e7a e do Adolescente (ECA), em 1990. &#8220;O pa\u00eds foi muito copiado, [foi] inspirador, ent\u00e3o, agora \u00e9 quase uma trai\u00e7\u00e3o a essa tend\u00eancia, que foi muito positiva&#8221;, afirma a diretora. <\/p>\n<p>No m\u00eas passado, a Human Right Watch enviou uma carta ao Senado, pedindo que os parlamentares n\u00e3o alterem a idade penal. <\/p>\n<p>Congresso Nacional <\/p>\n<p>O tema est\u00e1 em discuss\u00e3o no Legislativo atrav\u00e9s das Propostas de Emenda Constitucional (PECs) 33\/2012, 74\/2011, 21\/2013 e 115\/2015. A principal delas, que tem mais chance de ser aprovada, \u00e9 a PEC 33\/2012, que reduz a idade penal para 16 anos em caso de crimes considerados graves. A medida deve ser votada nas pr\u00f3ximas semanas no Senado e divide a opini\u00e3o dos parlamentares.<\/p>\n<p>O assunto tem sido motivo de campanhas e mobiliza\u00e7\u00f5es em diversas partes do pa\u00eds. Para o senador Jo\u00e3o Capiberibe (PSB-AP), a oposi\u00e7\u00e3o \u00e0 PEC no Congresso pode ser favorecida pelo apelo popular.  &#8220;A diferen\u00e7a entre os que querem fazer mudan\u00e7a na maioridade penal e os que n\u00e3o querem n\u00e3o \u00e9 tao grande. Isso eu acredito que v\u00e1 pesar na hora da decis\u00e3o de alguns senadores&#8221;, acredita. <\/p>\n<p>A PEC 33 \u00e9 de autoria do tucano Aloysio Nunes (SP), que hoje est\u00e1 afastado do Senado para assumir o Minist\u00e9rio das Rela\u00e7\u00f5es Exteriores.<\/p>\n<p>Edi\u00e7\u00e3o: Camila Salmazio<\/p>\n","protected":false},"excerpt":{"rendered":"<p>Prestes a ser votada no Senado, PEC que reduz idade penal para 16 anos descumpre tratados internacionais<\/p>\n","protected":false},"author":1,"featured_media":0,"comment_status":"closed","ping_status":"open","sticky":false,"template":"","format":"standard","meta":{"_exactmetrics_skip_tracking":false,"_exactmetrics_sitenote_active":false,"_exactmetrics_sitenote_note":"","_exactmetrics_sitenote_category":0,"jetpack_post_was_ever_published":false,"_jetpack_newsletter_access":"","_jetpack_dont_email_post_to_subs":false,"_jetpack_newsletter_tier_id":0,"_jetpack_memberships_contains_paywalled_content":false,"_jetpack_memberships_contains_paid_content":false,"footnotes":"","jetpack_publicize_message":"","jetpack_publicize_feature_enabled":true,"jetpack_social_post_already_shared":true,"jetpack_social_options":{"image_generator_settings":{"template":"highway","enabled":false},"version":2}},"categories":[1],"tags":[],"class_list":["post-14544","post","type-post","status-publish","format-standard","hentry","category-notas"],"jetpack_publicize_connections":[],"jetpack_sharing_enabled":true,"jetpack_featured_media_url":"","jetpack_shortlink":"https:\/\/wp.me\/p7wKYW-3MA","jetpack-related-posts":[],"_links":{"self":[{"href":"http:\/\/blogdalucianaoliveira.com.br\/blog\/wp-json\/wp\/v2\/posts\/14544","targetHints":{"allow":["GET"]}}],"collection":[{"href":"http:\/\/blogdalucianaoliveira.com.br\/blog\/wp-json\/wp\/v2\/posts"}],"about":[{"href":"http:\/\/blogdalucianaoliveira.com.br\/blog\/wp-json\/wp\/v2\/types\/post"}],"author":[{"embeddable":true,"href":"http:\/\/blogdalucianaoliveira.com.br\/blog\/wp-json\/wp\/v2\/users\/1"}],"replies":[{"embeddable":true,"href":"http:\/\/blogdalucianaoliveira.com.br\/blog\/wp-json\/wp\/v2\/comments?post=14544"}],"version-history":[{"count":1,"href":"http:\/\/blogdalucianaoliveira.com.br\/blog\/wp-json\/wp\/v2\/posts\/14544\/revisions"}],"predecessor-version":[{"id":14546,"href":"http:\/\/blogdalucianaoliveira.com.br\/blog\/wp-json\/wp\/v2\/posts\/14544\/revisions\/14546"}],"wp:attachment":[{"href":"http:\/\/blogdalucianaoliveira.com.br\/blog\/wp-json\/wp\/v2\/media?parent=14544"}],"wp:term":[{"taxonomy":"category","embeddable":true,"href":"http:\/\/blogdalucianaoliveira.com.br\/blog\/wp-json\/wp\/v2\/categories?post=14544"},{"taxonomy":"post_tag","embeddable":true,"href":"http:\/\/blogdalucianaoliveira.com.br\/blog\/wp-json\/wp\/v2\/tags?post=14544"}],"curies":[{"name":"wp","href":"https:\/\/api.w.org\/{rel}","templated":true}]}}