{"id":14547,"date":"2017-10-25T11:11:09","date_gmt":"2017-10-25T15:11:09","guid":{"rendered":"http:\/\/blogdalucianaoliveira.com.br\/blog\/?p=14547"},"modified":"2017-10-25T11:11:09","modified_gmt":"2017-10-25T15:11:09","slug":"hoje-e-mais-um-dia-em-que-temer-estupra-a-democracia-na-camara-enquanto-o-povo-assiste-bestializado","status":"publish","type":"post","link":"http:\/\/blogdalucianaoliveira.com.br\/blog\/2017\/10\/25\/hoje-e-mais-um-dia-em-que-temer-estupra-a-democracia-na-camara-enquanto-o-povo-assiste-bestializado\/","title":{"rendered":"Hoje \u00e9 mais um dia em que Temer estupra a democracia na C\u00e2mara enquanto o povo assiste bestializado"},"content":{"rendered":"<p><img data-recalc-dims=\"1\" loading=\"lazy\" decoding=\"async\" data-attachment-id=\"14548\" data-permalink=\"http:\/\/blogdalucianaoliveira.com.br\/blog\/2017\/10\/25\/hoje-e-mais-um-dia-em-que-temer-estupra-a-democracia-na-camara-enquanto-o-povo-assiste-bestializado\/temer-5\/\" data-orig-file=\"https:\/\/i0.wp.com\/blogdalucianaoliveira.com.br\/blog\/wp-content\/uploads\/2017\/10\/temer.jpg?fit=600%2C400\" data-orig-size=\"600,400\" data-comments-opened=\"0\" data-image-meta=\"{&quot;aperture&quot;:&quot;0&quot;,&quot;credit&quot;:&quot;&quot;,&quot;camera&quot;:&quot;&quot;,&quot;caption&quot;:&quot;&quot;,&quot;created_timestamp&quot;:&quot;0&quot;,&quot;copyright&quot;:&quot;&quot;,&quot;focal_length&quot;:&quot;0&quot;,&quot;iso&quot;:&quot;0&quot;,&quot;shutter_speed&quot;:&quot;0&quot;,&quot;title&quot;:&quot;&quot;,&quot;orientation&quot;:&quot;0&quot;}\" data-image-title=\"temer\" data-image-description=\"\" data-image-caption=\"\" data-medium-file=\"https:\/\/i0.wp.com\/blogdalucianaoliveira.com.br\/blog\/wp-content\/uploads\/2017\/10\/temer.jpg?fit=300%2C200\" data-large-file=\"https:\/\/i0.wp.com\/blogdalucianaoliveira.com.br\/blog\/wp-content\/uploads\/2017\/10\/temer.jpg?fit=600%2C400\" src=\"https:\/\/i0.wp.com\/blogdalucianaoliveira.com.br\/blog\/wp-content\/uploads\/2017\/10\/temer.jpg?resize=600%2C400\" alt=\"temer\" width=\"600\" height=\"400\" class=\"alignnone size-full wp-image-14548\" srcset=\"https:\/\/i0.wp.com\/blogdalucianaoliveira.com.br\/blog\/wp-content\/uploads\/2017\/10\/temer.jpg?w=600 600w, https:\/\/i0.wp.com\/blogdalucianaoliveira.com.br\/blog\/wp-content\/uploads\/2017\/10\/temer.jpg?resize=300%2C200 300w, https:\/\/i0.wp.com\/blogdalucianaoliveira.com.br\/blog\/wp-content\/uploads\/2017\/10\/temer.jpg?resize=450%2C300 450w\" sizes=\"auto, (max-width: 600px) 100vw, 600px\" \/><\/p>\n<p>ESTE TEXTO CONT\u00c9M SPOILERS<!--more--><\/p>\n<p>No DCM, por Kiko Nogueira &#8211; Aristides Lobo \u00e9 autor de uma frase definitiva o destino nacional.<\/p>\n<p>Numa carta, escreveu sobre o 15 de novembro de 1889 e a proclama\u00e7\u00e3o da Rep\u00fablica: \u201cO povo assistiu \u00e0quilo bestializado, at\u00f4nito, surpreso, sem conhecer o que significava\u201d.<\/p>\n<p>Mais de um s\u00e9culo depois, Michel Temer est\u00e1 confiante, com toda raz\u00e3o, em uma vit\u00f3ria na vota\u00e7\u00e3o da segunda den\u00fancia contra ele na C\u00e2mara.<\/p>\n<p>Ningu\u00e9m normal aposta que o n\u00famero m\u00ednimo de 342 deputados vai aceitar as acusa\u00e7\u00f5es e votar por seu afastamento.<\/p>\n<p>A d\u00favida \u00e9 apenas se ele vai repetir os 263 da primeira vez em agosto. Os analistas ent\u00e3o medir\u00e3o a press\u00e3o do sujeito para ver se ele est\u00e1 mais \u201cforte\u201d ou mais \u201cfraco\u201d. <\/p>\n<p>Um cidad\u00e3o com popularidade na margem de erro vai se manter at\u00e9 2018 amparado na distribui\u00e7\u00e3o de dinheiro aos parlamentares, na tibieza da oposi\u00e7\u00e3o e na aus\u00eancia de press\u00e3o popular.<\/p>\n<p>Temer \u00e9 ajudado pelo fato de que seu sucessor natural, Rodrigo Maia, veio da mesma lata de lixo. As conspira\u00e7\u00f5es de Maia n\u00e3o t\u00eam sucesso porque ele \u00e9 o chefe escarrado. Para que mudar?<\/p>\n<p>A soma das negocia\u00e7\u00f5es pol\u00edticas no Congresso pode atingir R$ 32,1 bilh\u00f5es. Michel distribuiu emendas e ofereceu os cargos que tinha e n\u00e3o tinha. Voltou a atender a pedidos de bancadas, em especial a ruralista.<\/p>\n<p>As \u201cflechadas\u201d de Janot foram desmoralizadas por ele mesmo, um deslumbrado falastr\u00e3o que passou os \u00faltimos dias na PGR se defendendo das bordoadas de Gilmar Mendes numa luta na lama.<\/p>\n<p>O m\u00e1ximo que a oposi\u00e7\u00e3o articulou foi um esvaziamento da sess\u00e3o para pressionar por um adiamento. O plano \u00e9 deixar Michel sangrar. Ou seja, n\u00e3o existe plano.<\/p>\n<p>Mas \u00e9 com as ruas que MT conta de fato.<\/p>\n<p>Em agosto, apenas um cidad\u00e3o apareceu no Congresso com uma bandeira na m\u00e3o. O desprezo a Michel n\u00e3o se traduz em mobiliza\u00e7\u00e3o.<\/p>\n<p>Na noite de ter\u00e7a, na Candel\u00e1ria, havia meia d\u00fazia de artistas convocados por Paula Lavigne que foram dispersados em 2 minutos por jatos d\u2019\u00e1gua e voltaram ao Leblon.<\/p>\n<p>Os movimentos sociais sumiram. As panelas da classe m\u00e9dia est\u00e3o onde Marisa Let\u00edcia sugeriu \u2014 e n\u00e3o h\u00e1 nada mais pat\u00e9tico do que a esquerda cobrar qualquer atitude diferente.<\/p>\n<p>Era o que os patos queriam? Sim, era exatamente isso. Quer algo diferente? Fa\u00e7a voc\u00ea mesmo.<\/p>\n<p>Temer triunfar\u00e1 em sua nulidade perversa novamente \u2014 e n\u00f3s vamos cumprir nossa voca\u00e7\u00e3o de assistir a tudo bestializados, que \u00e9 o que fazemos de melhor.<\/p>\n","protected":false},"excerpt":{"rendered":"<p>ESTE TEXTO CONT\u00c9M SPOILERS<\/p>\n","protected":false},"author":1,"featured_media":0,"comment_status":"closed","ping_status":"open","sticky":false,"template":"","format":"standard","meta":{"_exactmetrics_skip_tracking":false,"_exactmetrics_sitenote_active":false,"_exactmetrics_sitenote_note":"","_exactmetrics_sitenote_category":0,"jetpack_post_was_ever_published":false,"_jetpack_newsletter_access":"","_jetpack_dont_email_post_to_subs":false,"_jetpack_newsletter_tier_id":0,"_jetpack_memberships_contains_paywalled_content":false,"_jetpack_memberships_contains_paid_content":false,"footnotes":"","jetpack_publicize_message":"","jetpack_publicize_feature_enabled":true,"jetpack_social_post_already_shared":true,"jetpack_social_options":{"image_generator_settings":{"template":"highway","enabled":false},"version":2}},"categories":[1],"tags":[],"class_list":["post-14547","post","type-post","status-publish","format-standard","hentry","category-notas"],"jetpack_publicize_connections":[],"jetpack_sharing_enabled":true,"jetpack_featured_media_url":"","jetpack_shortlink":"https:\/\/wp.me\/p7wKYW-3MD","jetpack-related-posts":[],"_links":{"self":[{"href":"http:\/\/blogdalucianaoliveira.com.br\/blog\/wp-json\/wp\/v2\/posts\/14547","targetHints":{"allow":["GET"]}}],"collection":[{"href":"http:\/\/blogdalucianaoliveira.com.br\/blog\/wp-json\/wp\/v2\/posts"}],"about":[{"href":"http:\/\/blogdalucianaoliveira.com.br\/blog\/wp-json\/wp\/v2\/types\/post"}],"author":[{"embeddable":true,"href":"http:\/\/blogdalucianaoliveira.com.br\/blog\/wp-json\/wp\/v2\/users\/1"}],"replies":[{"embeddable":true,"href":"http:\/\/blogdalucianaoliveira.com.br\/blog\/wp-json\/wp\/v2\/comments?post=14547"}],"version-history":[{"count":1,"href":"http:\/\/blogdalucianaoliveira.com.br\/blog\/wp-json\/wp\/v2\/posts\/14547\/revisions"}],"predecessor-version":[{"id":14549,"href":"http:\/\/blogdalucianaoliveira.com.br\/blog\/wp-json\/wp\/v2\/posts\/14547\/revisions\/14549"}],"wp:attachment":[{"href":"http:\/\/blogdalucianaoliveira.com.br\/blog\/wp-json\/wp\/v2\/media?parent=14547"}],"wp:term":[{"taxonomy":"category","embeddable":true,"href":"http:\/\/blogdalucianaoliveira.com.br\/blog\/wp-json\/wp\/v2\/categories?post=14547"},{"taxonomy":"post_tag","embeddable":true,"href":"http:\/\/blogdalucianaoliveira.com.br\/blog\/wp-json\/wp\/v2\/tags?post=14547"}],"curies":[{"name":"wp","href":"https:\/\/api.w.org\/{rel}","templated":true}]}}