{"id":14550,"date":"2017-10-25T11:26:59","date_gmt":"2017-10-25T15:26:59","guid":{"rendered":"http:\/\/blogdalucianaoliveira.com.br\/blog\/?p=14550"},"modified":"2017-10-25T11:26:59","modified_gmt":"2017-10-25T15:26:59","slug":"custo-da-salvacao-de-temer-ja-chega-a-r-32-bilhoes","status":"publish","type":"post","link":"http:\/\/blogdalucianaoliveira.com.br\/blog\/2017\/10\/25\/custo-da-salvacao-de-temer-ja-chega-a-r-32-bilhoes\/","title":{"rendered":"CUSTO DA SALVA\u00c7\u00c3O DE TEMER J\u00c1 CHEGA A R$ 32 BILH\u00d5ES"},"content":{"rendered":"<p><img data-recalc-dims=\"1\" loading=\"lazy\" decoding=\"async\" data-attachment-id=\"14551\" data-permalink=\"http:\/\/blogdalucianaoliveira.com.br\/blog\/2017\/10\/25\/custo-da-salvacao-de-temer-ja-chega-a-r-32-bilhoes\/vu\/\" data-orig-file=\"https:\/\/i0.wp.com\/blogdalucianaoliveira.com.br\/blog\/wp-content\/uploads\/2017\/10\/vu.jpg?fit=1000%2C357\" data-orig-size=\"1000,357\" data-comments-opened=\"0\" data-image-meta=\"{&quot;aperture&quot;:&quot;0&quot;,&quot;credit&quot;:&quot;&quot;,&quot;camera&quot;:&quot;&quot;,&quot;caption&quot;:&quot;&quot;,&quot;created_timestamp&quot;:&quot;0&quot;,&quot;copyright&quot;:&quot;&quot;,&quot;focal_length&quot;:&quot;0&quot;,&quot;iso&quot;:&quot;0&quot;,&quot;shutter_speed&quot;:&quot;0&quot;,&quot;title&quot;:&quot;&quot;,&quot;orientation&quot;:&quot;0&quot;}\" data-image-title=\"vu\" data-image-description=\"\" data-image-caption=\"\" data-medium-file=\"https:\/\/i0.wp.com\/blogdalucianaoliveira.com.br\/blog\/wp-content\/uploads\/2017\/10\/vu.jpg?fit=300%2C107\" data-large-file=\"https:\/\/i0.wp.com\/blogdalucianaoliveira.com.br\/blog\/wp-content\/uploads\/2017\/10\/vu.jpg?fit=600%2C214\" src=\"https:\/\/i0.wp.com\/blogdalucianaoliveira.com.br\/blog\/wp-content\/uploads\/2017\/10\/vu.jpg?resize=600%2C214\" alt=\"vu\" width=\"600\" height=\"214\" class=\"alignnone size-full wp-image-14551\" srcset=\"https:\/\/i0.wp.com\/blogdalucianaoliveira.com.br\/blog\/wp-content\/uploads\/2017\/10\/vu.jpg?w=1000 1000w, https:\/\/i0.wp.com\/blogdalucianaoliveira.com.br\/blog\/wp-content\/uploads\/2017\/10\/vu.jpg?resize=300%2C107 300w, https:\/\/i0.wp.com\/blogdalucianaoliveira.com.br\/blog\/wp-content\/uploads\/2017\/10\/vu.jpg?resize=768%2C274 768w, https:\/\/i0.wp.com\/blogdalucianaoliveira.com.br\/blog\/wp-content\/uploads\/2017\/10\/vu.jpg?resize=800%2C286 800w\" sizes=\"auto, (max-width: 600px) 100vw, 600px\" \/><\/p>\n<p>247 &#8211; A negocia\u00e7\u00e3o pol\u00edtica para barrar duas den\u00fancias criminais contra Michel Temer tem um custo que pode chegar a R$ 32,1 bilh\u00f5es. Essa \u00e9 a soma de diversas concess\u00f5es e medidas do governo negociadas com parlamentares da C\u00e2mara entre junho e outubro, desde que Temer foi denunciado pela primeira vez, por corrup\u00e7\u00e3o passiva, at\u00e9 a vota\u00e7\u00e3o da segunda acusa\u00e7\u00e3o formal, pelos crimes de organiza\u00e7\u00e3o criminosa e obstru\u00e7\u00e3o da Justi\u00e7a \u2013 o que est\u00e1 previsto para esta quarta-feira, 25.<!--more--><\/p>\n<p>Temer precisa de 172 votos a seu favor, aus\u00eancias ou absten\u00e7\u00f5es para barrar a segunda den\u00fancia. Na primeira vota\u00e7\u00e3o, ele obteve 263 votos. Segundo aliados, o peemedebista tem 240 votos garantidos, mas poder\u00e1 chegar a 270 votos, resultado que confortaria o Pal\u00e1cio do Planalto e dever\u00e1 servir como espelho para estrat\u00e9gias de tramita\u00e7\u00e3o das reformas tribut\u00e1ria e da Previd\u00eancia.<\/p>\n<p>Al\u00e9m das concess\u00f5es, de junho a outubro, o Planalto ainda empenhou R$ 4,2 bilh\u00f5es de emendas parlamentares individuais de deputados, que t\u00eam execu\u00e7\u00e3o obrigat\u00f3ria desde 2015. O ritmo de libera\u00e7\u00f5es, no entanto, \u00e9 definido pelo governo e foi um dos trunfos para barrar a primeira den\u00fancia. Se fossem consideradas, a conta subiria para R$ 36,3 bilh\u00f5es.<\/p>\n<p>Sem dinheiro para pagar o compromisso de fato e perto de liberar todas as emendas dispon\u00edveis, o Planalto passou a negociar em outras frentes.<\/p>\n<p>Impopular, o governo Temer recuou da libera\u00e7\u00e3o da explora\u00e7\u00e3o de min\u00e9rio na Reserva Nacional do Cobre e Associados (Renca), na Amaz\u00f4nia, depois de mobiliza\u00e7\u00e3o internacional contr\u00e1ria. Nesta semana, por\u00e9m, decidiu dar descontos de 60% em multas ambientais e transformar os pagamentos em compromissos de gastos dos entes privados com reflorestamento e conserva\u00e7\u00e3o do ambiente. A medida pode tirar dos cofres mais de R$ 2,7 bilh\u00f5es.<\/p>\n<p>Segundo parlamentares ligados a centrais sindicais, o governo promete apoiar tentativas congressuais de retomar algum tipo de contribui\u00e7\u00e3o para o custeio dos sindicatos.<\/p>\n<p>As informa\u00e7\u00f5es s\u00e3o de reportagem de Felipe Fraz\u00e3o no Estado de S.Paulo.<\/p>\n","protected":false},"excerpt":{"rendered":"<p>247 &#8211; A negocia\u00e7\u00e3o pol\u00edtica para barrar duas den\u00fancias criminais contra Michel Temer tem um custo que pode chegar a R$ 32,1 bilh\u00f5es. Essa \u00e9 a soma de diversas concess\u00f5es e medidas do governo negociadas com parlamentares da C\u00e2mara entre junho e outubro, desde que Temer foi denunciado pela primeira vez, por corrup\u00e7\u00e3o passiva, at\u00e9&#8230;<a class=\"more-link\" href=\"http:\/\/blogdalucianaoliveira.com.br\/blog\/2017\/10\/25\/custo-da-salvacao-de-temer-ja-chega-a-r-32-bilhoes\/\">Continue a leitura <span class=\"meta-nav\">&raquo;<\/span><\/a><\/p>\n","protected":false},"author":1,"featured_media":0,"comment_status":"closed","ping_status":"open","sticky":false,"template":"","format":"standard","meta":{"_exactmetrics_skip_tracking":false,"_exactmetrics_sitenote_active":false,"_exactmetrics_sitenote_note":"","_exactmetrics_sitenote_category":0,"jetpack_post_was_ever_published":false,"_jetpack_newsletter_access":"","_jetpack_dont_email_post_to_subs":false,"_jetpack_newsletter_tier_id":0,"_jetpack_memberships_contains_paywalled_content":false,"_jetpack_memberships_contains_paid_content":false,"footnotes":"","jetpack_publicize_message":"","jetpack_publicize_feature_enabled":true,"jetpack_social_post_already_shared":true,"jetpack_social_options":{"image_generator_settings":{"template":"highway","enabled":false},"version":2}},"categories":[1],"tags":[],"class_list":["post-14550","post","type-post","status-publish","format-standard","hentry","category-notas"],"jetpack_publicize_connections":[],"jetpack_sharing_enabled":true,"jetpack_featured_media_url":"","jetpack_shortlink":"https:\/\/wp.me\/p7wKYW-3MG","jetpack-related-posts":[],"_links":{"self":[{"href":"http:\/\/blogdalucianaoliveira.com.br\/blog\/wp-json\/wp\/v2\/posts\/14550","targetHints":{"allow":["GET"]}}],"collection":[{"href":"http:\/\/blogdalucianaoliveira.com.br\/blog\/wp-json\/wp\/v2\/posts"}],"about":[{"href":"http:\/\/blogdalucianaoliveira.com.br\/blog\/wp-json\/wp\/v2\/types\/post"}],"author":[{"embeddable":true,"href":"http:\/\/blogdalucianaoliveira.com.br\/blog\/wp-json\/wp\/v2\/users\/1"}],"replies":[{"embeddable":true,"href":"http:\/\/blogdalucianaoliveira.com.br\/blog\/wp-json\/wp\/v2\/comments?post=14550"}],"version-history":[{"count":1,"href":"http:\/\/blogdalucianaoliveira.com.br\/blog\/wp-json\/wp\/v2\/posts\/14550\/revisions"}],"predecessor-version":[{"id":14552,"href":"http:\/\/blogdalucianaoliveira.com.br\/blog\/wp-json\/wp\/v2\/posts\/14550\/revisions\/14552"}],"wp:attachment":[{"href":"http:\/\/blogdalucianaoliveira.com.br\/blog\/wp-json\/wp\/v2\/media?parent=14550"}],"wp:term":[{"taxonomy":"category","embeddable":true,"href":"http:\/\/blogdalucianaoliveira.com.br\/blog\/wp-json\/wp\/v2\/categories?post=14550"},{"taxonomy":"post_tag","embeddable":true,"href":"http:\/\/blogdalucianaoliveira.com.br\/blog\/wp-json\/wp\/v2\/tags?post=14550"}],"curies":[{"name":"wp","href":"https:\/\/api.w.org\/{rel}","templated":true}]}}