{"id":14559,"date":"2017-10-25T19:49:04","date_gmt":"2017-10-25T23:49:04","guid":{"rendered":"http:\/\/blogdalucianaoliveira.com.br\/blog\/?p=14559"},"modified":"2017-10-25T19:49:04","modified_gmt":"2017-10-25T23:49:04","slug":"golpe-vence-mais-uma-e-temer-escapa-da-denuncia","status":"publish","type":"post","link":"http:\/\/blogdalucianaoliveira.com.br\/blog\/2017\/10\/25\/golpe-vence-mais-uma-e-temer-escapa-da-denuncia\/","title":{"rendered":"GOLPE VENCE MAIS UMA E TEMER ESCAPA DA DEN\u00daNCIA"},"content":{"rendered":"<p><img data-recalc-dims=\"1\" loading=\"lazy\" decoding=\"async\" data-attachment-id=\"14560\" data-permalink=\"http:\/\/blogdalucianaoliveira.com.br\/blog\/2017\/10\/25\/golpe-vence-mais-uma-e-temer-escapa-da-denuncia\/ve-3\/\" data-orig-file=\"https:\/\/i0.wp.com\/blogdalucianaoliveira.com.br\/blog\/wp-content\/uploads\/2017\/10\/ve.jpg?fit=1000%2C357\" data-orig-size=\"1000,357\" data-comments-opened=\"0\" data-image-meta=\"{&quot;aperture&quot;:&quot;0&quot;,&quot;credit&quot;:&quot;&quot;,&quot;camera&quot;:&quot;&quot;,&quot;caption&quot;:&quot;&quot;,&quot;created_timestamp&quot;:&quot;0&quot;,&quot;copyright&quot;:&quot;&quot;,&quot;focal_length&quot;:&quot;0&quot;,&quot;iso&quot;:&quot;0&quot;,&quot;shutter_speed&quot;:&quot;0&quot;,&quot;title&quot;:&quot;&quot;,&quot;orientation&quot;:&quot;0&quot;}\" data-image-title=\"ve\" data-image-description=\"\" data-image-caption=\"\" data-medium-file=\"https:\/\/i0.wp.com\/blogdalucianaoliveira.com.br\/blog\/wp-content\/uploads\/2017\/10\/ve.jpg?fit=300%2C107\" data-large-file=\"https:\/\/i0.wp.com\/blogdalucianaoliveira.com.br\/blog\/wp-content\/uploads\/2017\/10\/ve.jpg?fit=600%2C214\" src=\"https:\/\/i0.wp.com\/blogdalucianaoliveira.com.br\/blog\/wp-content\/uploads\/2017\/10\/ve.jpg?resize=600%2C214\" alt=\"ve\" width=\"600\" height=\"214\" class=\"alignnone size-full wp-image-14560\" srcset=\"https:\/\/i0.wp.com\/blogdalucianaoliveira.com.br\/blog\/wp-content\/uploads\/2017\/10\/ve.jpg?w=1000 1000w, https:\/\/i0.wp.com\/blogdalucianaoliveira.com.br\/blog\/wp-content\/uploads\/2017\/10\/ve.jpg?resize=300%2C107 300w, https:\/\/i0.wp.com\/blogdalucianaoliveira.com.br\/blog\/wp-content\/uploads\/2017\/10\/ve.jpg?resize=768%2C274 768w, https:\/\/i0.wp.com\/blogdalucianaoliveira.com.br\/blog\/wp-content\/uploads\/2017\/10\/ve.jpg?resize=800%2C286 800w\" sizes=\"auto, (max-width: 600px) 100vw, 600px\" \/><\/p>\n<p>247 &#8211; Rejeitado por mais de 90% dos brasileiros, Michel Temer conseguiu na noite desta quarta-feira, 25, escapar mais uma vez da Justi\u00e7a depois de gastar R$ 32 bilh\u00f5es na compra de deputados.<!--more--><\/p>\n<p>Para barrar o andamento da acusa\u00e7\u00e3o, Temer precisava de somar 172 votos, entre &#8220;sim&#8221;, absten\u00e7\u00f5es e aus\u00eancias de deputados. Dessa forma, a base aliada impediu que a oposi\u00e7\u00e3o somasse os 342 votos necess\u00e1rios, entre os 513 deputados, para o prosseguimento da den\u00fancia.<\/p>\n<p>Para a vota\u00e7\u00e3o ser validada, e n\u00e3o precisar ser feita novamente, ainda \u00e9 necess\u00e1rio que haja 342 votos na sess\u00e3o, entre &#8220;sim&#8221; e &#8220;n\u00e3o&#8221;. <\/p>\n<p>Leia reportagem do Jornal do Brasil sobre o assunto:<\/p>\n<p>Coube ao deputado Celso Jacob (PMDB-RJ) o 171\u00ba voto, que derrubou nesta quarta-feira (25) a den\u00fancia de organiza\u00e7\u00e3o criminosa e obstru\u00e7\u00e3o de Justi\u00e7a contra o presidente Michel Temer e contra os ministros de Estado Eliseu Padilha (Casa Civil) e Moreira Franco (Secretaria-Geral), no Plen\u00e1rio da C\u00e2mara dos Deputados.<\/p>\n<p>A ordem da vota\u00e7\u00e3o por estado \u00e9 Roraima, Rio Grande do Sul, Santa Catarina, Amap\u00e1, Par\u00e1, Paran\u00e1, Mato Grosso do Sul, Amazonas, Rond\u00f4nia, Goi\u00e1s, Distrito Federal, Acre, Tocantins, Mato Grosso, S\u00e3o Paulo, Maranh\u00e3o, Cear\u00e1, Rio de Janeiro, Esp\u00edrito Santo, Piau\u00ed, Rio Grande do Norte, Minas Gerais, Bahia, Para\u00edba, Pernambuco, Sergipe e Alagoas.<\/p>\n<p>Os deputados que votaram &#8220;sim&#8221; aprovaram o parecer do deputado Bonif\u00e1cio de Andrada (PSDB-MG), que recomendou o arquivamento da den\u00fancia, enquanto os deputados que votaram &#8220;n\u00e3o&#8221; rejeitaram o relat\u00f3rio e foram favor\u00e1veis ao prosseguimento da investiga\u00e7\u00e3o pelo Supremo Tribunal Federal (STF).<\/p>\n<p>Leia reportagem anterior, da Ag\u00eancia Brasil:<\/p>\n<p>O plen\u00e1rio da C\u00e2mara alcan\u00e7ou o qu\u00f3rum de 342 deputados e iniciou por volta das 17h o processo de vota\u00e7\u00e3o da segunda den\u00fancia contra o presidente Michel Temer e os ministros Eliseu Padilha e Moreira Franco.<\/p>\n<p>Depois de horas de espera desde que foi aberta a primeira sess\u00e3o do dia na C\u00e2mara, o presidente da Casa, Rodrigo Maia (DEM-RJ), chegou a amea\u00e7ar encerrar a segunda sess\u00e3o aberta para analisar a acusa\u00e7\u00e3o apresentada pela Procuradoria Geral da Rep\u00fablica (PGR).<\/p>\n<p>Para evitar o encerramento e for\u00e7ar o registro da presen\u00e7a dos deputados em plen\u00e1rio, a base aliada apresentou um requerimento de adiamento da vota\u00e7\u00e3o, que foi rejeitado pela maioria dos presentes. Para come\u00e7ar a vota\u00e7\u00e3o da den\u00fancia, era necess\u00e1rio ter pelo menos 342 deputados, o que equivale a dois ter\u00e7os do total de 513 parlamentares da Casa, conforme determina a Constitui\u00e7\u00e3o Federal para vota\u00e7\u00f5es de processo de investiga\u00e7\u00e3o contra presidente da Rep\u00fablica.<\/p>\n<p>A dificuldade para alcan\u00e7ar o qu\u00f3rum m\u00ednimo se deu por causa da estrat\u00e9gia da oposi\u00e7\u00e3o de n\u00e3o registrar presen\u00e7a em plen\u00e1rio com o objetivo de postergar a vota\u00e7\u00e3o e expor ainda mais o governo. A aus\u00eancia de alguns deputados de partidos da base aliada tamb\u00e9m contribuiu para o desgaste.<\/p>\n<p>Desde o fim da manh\u00e3, integrantes da base de apoio ao governo Temer se revezaram na tribuna para chamar os deputados que registraram presen\u00e7a na C\u00e2mara, mas n\u00e3o o fizeram no plen\u00e1rio. \u201cOs deputados se escondem debaixo do tapete e nos grandes corredores deste Parlamento com medo de tomarem uma decis\u00e3o. Se entendem que o melhor pata o pa\u00eds \u00e9 a continuidade da den\u00fancia, pois que venham aqui e cumpram com sua obriga\u00e7\u00e3o e fa\u00e7am valer o seu voto. O que n\u00e3o pode \u00e9 essa omiss\u00e3o\u201d, criticou o deputado Hiran Gon\u00e7alves (PP-RR).<\/p>\n<p>Relat\u00f3rio e defesa<\/p>\n<p>Pela manh\u00e3, o relator da den\u00fancia, deputado Bonif\u00e1cio de Andrada (PSDB-MG), e os advogados de defesa dos acusados se manifestaram contra a acusa\u00e7\u00e3o elaborada pela PGR. Em seguida, seis deputados da base governista debateram a mat\u00e9ria, mas, por falta de inscritos, principalmente da oposi\u00e7\u00e3o, o presidente da C\u00e2mara, Rodrigo Maia (DEM-RJ), encerrou a discuss\u00e3o.<\/p>\n<p>Alguns parlamentares pediram para que Maia iniciasse a vota\u00e7\u00e3o com qu\u00f3rum comum de 257 parlamentares em plen\u00e1rio, mas o presidente negou com o argumento de que se comprometeu em manter o rito da primeira den\u00fancia.<\/p>\n<p>Depois de mais um tempo de espera, faltando pouco mais de 20 deputados para atingir o qu\u00f3rum, o presidente mudou o tom e amea\u00e7ou encerrar a sess\u00e3o caso os ausentes n\u00e3o se apresentassem. \u201cA gente n\u00e3o pode ficar estendendo isso por oito horas. A sess\u00e3o fica aberta prejudicando o trabalho da C\u00e2mara. Eu n\u00e3o vou esperar a vida inteira. Eu j\u00e1 esperei uma sess\u00e3o inteira. Estou aqui desde as 9 h da manh\u00e3\u201d.<\/p>\n<p>A vota\u00e7\u00e3o <\/p>\n<p>Dos 453 parlamentares que est\u00e3o hoje na C\u00e2mara, 410 registraram presen\u00e7a no plen\u00e1rio. Com o qu\u00f3rum atingido, quatro deputados \u2013 dois favor\u00e1veis e dois contr\u00e1rios ao prosseguimento da den\u00fancia \u2013 come\u00e7aram a encaminhar a vota\u00e7\u00e3o. Em seguida, os l\u00edderes partid\u00e1rios passar\u00e3o a encaminhar suas bancadas.<\/p>\n<p>A vota\u00e7\u00e3o ser\u00e1 nominal e cada parlamentar dever\u00e1 responder \u201csim\u201d, \u201cn\u00e3o\u201d ou \u201cabsten\u00e7\u00e3o\u201d. A ordem de vota\u00e7\u00e3o se dar\u00e1 por ordem alfab\u00e9tica, com altern\u00e2ncia entre deputados das cinco regi\u00f5es do pa\u00eds.<\/p>\n","protected":false},"excerpt":{"rendered":"<p>247 &#8211; Rejeitado por mais de 90% dos brasileiros, Michel Temer conseguiu na noite desta quarta-feira, 25, escapar mais uma vez da Justi\u00e7a depois de gastar R$ 32 bilh\u00f5es na compra de deputados.<\/p>\n","protected":false},"author":1,"featured_media":0,"comment_status":"closed","ping_status":"open","sticky":false,"template":"","format":"standard","meta":{"_exactmetrics_skip_tracking":false,"_exactmetrics_sitenote_active":false,"_exactmetrics_sitenote_note":"","_exactmetrics_sitenote_category":0,"jetpack_post_was_ever_published":false,"_jetpack_newsletter_access":"","_jetpack_dont_email_post_to_subs":false,"_jetpack_newsletter_tier_id":0,"_jetpack_memberships_contains_paywalled_content":false,"_jetpack_memberships_contains_paid_content":false,"footnotes":"","jetpack_publicize_message":"","jetpack_publicize_feature_enabled":true,"jetpack_social_post_already_shared":true,"jetpack_social_options":{"image_generator_settings":{"template":"highway","enabled":false},"version":2}},"categories":[1],"tags":[],"class_list":["post-14559","post","type-post","status-publish","format-standard","hentry","category-notas"],"jetpack_publicize_connections":[],"jetpack_sharing_enabled":true,"jetpack_featured_media_url":"","jetpack_shortlink":"https:\/\/wp.me\/p7wKYW-3MP","jetpack-related-posts":[],"_links":{"self":[{"href":"http:\/\/blogdalucianaoliveira.com.br\/blog\/wp-json\/wp\/v2\/posts\/14559","targetHints":{"allow":["GET"]}}],"collection":[{"href":"http:\/\/blogdalucianaoliveira.com.br\/blog\/wp-json\/wp\/v2\/posts"}],"about":[{"href":"http:\/\/blogdalucianaoliveira.com.br\/blog\/wp-json\/wp\/v2\/types\/post"}],"author":[{"embeddable":true,"href":"http:\/\/blogdalucianaoliveira.com.br\/blog\/wp-json\/wp\/v2\/users\/1"}],"replies":[{"embeddable":true,"href":"http:\/\/blogdalucianaoliveira.com.br\/blog\/wp-json\/wp\/v2\/comments?post=14559"}],"version-history":[{"count":1,"href":"http:\/\/blogdalucianaoliveira.com.br\/blog\/wp-json\/wp\/v2\/posts\/14559\/revisions"}],"predecessor-version":[{"id":14561,"href":"http:\/\/blogdalucianaoliveira.com.br\/blog\/wp-json\/wp\/v2\/posts\/14559\/revisions\/14561"}],"wp:attachment":[{"href":"http:\/\/blogdalucianaoliveira.com.br\/blog\/wp-json\/wp\/v2\/media?parent=14559"}],"wp:term":[{"taxonomy":"category","embeddable":true,"href":"http:\/\/blogdalucianaoliveira.com.br\/blog\/wp-json\/wp\/v2\/categories?post=14559"},{"taxonomy":"post_tag","embeddable":true,"href":"http:\/\/blogdalucianaoliveira.com.br\/blog\/wp-json\/wp\/v2\/tags?post=14559"}],"curies":[{"name":"wp","href":"https:\/\/api.w.org\/{rel}","templated":true}]}}