{"id":14562,"date":"2017-10-25T19:54:51","date_gmt":"2017-10-25T23:54:51","guid":{"rendered":"http:\/\/blogdalucianaoliveira.com.br\/blog\/?p=14562"},"modified":"2017-10-25T19:57:36","modified_gmt":"2017-10-25T23:57:36","slug":"veja-quais-deputados-de-rondonia-ajudaram-a-salvar-temer-da-segunda-denuncia","status":"publish","type":"post","link":"http:\/\/blogdalucianaoliveira.com.br\/blog\/2017\/10\/25\/veja-quais-deputados-de-rondonia-ajudaram-a-salvar-temer-da-segunda-denuncia\/","title":{"rendered":"Veja quais deputados de Rond\u00f4nia ajudaram a salvar Temer da segunda den\u00fancia"},"content":{"rendered":"<p><img data-recalc-dims=\"1\" loading=\"lazy\" decoding=\"async\" data-attachment-id=\"14565\" data-permalink=\"http:\/\/blogdalucianaoliveira.com.br\/blog\/2017\/10\/25\/veja-quais-deputados-de-rondonia-ajudaram-a-salvar-temer-da-segunda-denuncia\/cad050fa-008b-4395-9169-c05f2e22bdae\/\" data-orig-file=\"https:\/\/i0.wp.com\/blogdalucianaoliveira.com.br\/blog\/wp-content\/uploads\/2017\/10\/CAD050FA-008B-4395-9169-C05F2E22BDAE.jpeg?fit=500%2C268\" data-orig-size=\"500,268\" data-comments-opened=\"0\" data-image-meta=\"{&quot;aperture&quot;:&quot;0&quot;,&quot;credit&quot;:&quot;&quot;,&quot;camera&quot;:&quot;&quot;,&quot;caption&quot;:&quot;&quot;,&quot;created_timestamp&quot;:&quot;0&quot;,&quot;copyright&quot;:&quot;&quot;,&quot;focal_length&quot;:&quot;0&quot;,&quot;iso&quot;:&quot;0&quot;,&quot;shutter_speed&quot;:&quot;0&quot;,&quot;title&quot;:&quot;&quot;,&quot;orientation&quot;:&quot;0&quot;}\" data-image-title=\"CAD050FA-008B-4395-9169-C05F2E22BDAE\" data-image-description=\"\" data-image-caption=\"\" data-medium-file=\"https:\/\/i0.wp.com\/blogdalucianaoliveira.com.br\/blog\/wp-content\/uploads\/2017\/10\/CAD050FA-008B-4395-9169-C05F2E22BDAE.jpeg?fit=300%2C161\" data-large-file=\"https:\/\/i0.wp.com\/blogdalucianaoliveira.com.br\/blog\/wp-content\/uploads\/2017\/10\/CAD050FA-008B-4395-9169-C05F2E22BDAE.jpeg?fit=500%2C268\" src=\"https:\/\/i0.wp.com\/blogdalucianaoliveira.com.br\/blog\/wp-content\/uploads\/2017\/10\/CAD050FA-008B-4395-9169-C05F2E22BDAE.jpeg?resize=500%2C268\" alt=\"CAD050FA-008B-4395-9169-C05F2E22BDAE\" width=\"500\" height=\"268\" class=\"alignnone size-full wp-image-14565\" srcset=\"https:\/\/i0.wp.com\/blogdalucianaoliveira.com.br\/blog\/wp-content\/uploads\/2017\/10\/CAD050FA-008B-4395-9169-C05F2E22BDAE.jpeg?w=500 500w, https:\/\/i0.wp.com\/blogdalucianaoliveira.com.br\/blog\/wp-content\/uploads\/2017\/10\/CAD050FA-008B-4395-9169-C05F2E22BDAE.jpeg?resize=300%2C161 300w\" sizes=\"auto, (max-width: 500px) 100vw, 500px\" \/><\/p>\n<p>Votaram SIM ao relat\u00f3rio que nega autoriza\u00e7\u00e3o ao STF pra investigar Temer. <!--more--><\/p>\n<p>Marinha Raupp disse SIM pra salvar Temer, com costumeira voz falsamente diab\u00f3lica. Capixaba a acompanhou.<\/p>\n<p>Gar\u00e7om, L\u00facio Mosquini e Luis Cl\u00e1udio, disseram SIM bem baixinho, mas os eleitores n\u00e3o v\u00e3o esquecer o sussurro dos traidores.<\/p>\n<p><iframe loading=\"lazy\" src=\"https:\/\/www.facebook.com\/plugins\/video.php?href=https%3A%2F%2Fwww.facebook.com%2Fluciana.oliveira.75457%2Fvideos%2F1594329810642916%2F&#038;show_text=0&#038;width=560\" width=\"560\" height=\"315\" style=\"border:none;overflow:hidden\" scrolling=\"no\" frameborder=\"0\" allowTransparency=\"true\" allowFullScreen=\"true\"><\/iframe><\/p>\n","protected":false},"excerpt":{"rendered":"<p>Votaram SIM ao relat\u00f3rio que nega autoriza\u00e7\u00e3o ao STF pra investigar Temer.<\/p>\n","protected":false},"author":1,"featured_media":0,"comment_status":"closed","ping_status":"open","sticky":false,"template":"","format":"standard","meta":{"_exactmetrics_skip_tracking":false,"_exactmetrics_sitenote_active":false,"_exactmetrics_sitenote_note":"","_exactmetrics_sitenote_category":0,"jetpack_post_was_ever_published":false,"_jetpack_newsletter_access":"","_jetpack_dont_email_post_to_subs":false,"_jetpack_newsletter_tier_id":0,"_jetpack_memberships_contains_paywalled_content":false,"_jetpack_memberships_contains_paid_content":false,"footnotes":"","jetpack_publicize_message":"","jetpack_publicize_feature_enabled":true,"jetpack_social_post_already_shared":true,"jetpack_social_options":{"image_generator_settings":{"template":"highway","enabled":false},"version":2}},"categories":[1],"tags":[],"class_list":["post-14562","post","type-post","status-publish","format-standard","hentry","category-notas"],"jetpack_publicize_connections":[],"jetpack_sharing_enabled":true,"jetpack_featured_media_url":"","jetpack_shortlink":"https:\/\/wp.me\/p7wKYW-3MS","jetpack-related-posts":[],"_links":{"self":[{"href":"http:\/\/blogdalucianaoliveira.com.br\/blog\/wp-json\/wp\/v2\/posts\/14562","targetHints":{"allow":["GET"]}}],"collection":[{"href":"http:\/\/blogdalucianaoliveira.com.br\/blog\/wp-json\/wp\/v2\/posts"}],"about":[{"href":"http:\/\/blogdalucianaoliveira.com.br\/blog\/wp-json\/wp\/v2\/types\/post"}],"author":[{"embeddable":true,"href":"http:\/\/blogdalucianaoliveira.com.br\/blog\/wp-json\/wp\/v2\/users\/1"}],"replies":[{"embeddable":true,"href":"http:\/\/blogdalucianaoliveira.com.br\/blog\/wp-json\/wp\/v2\/comments?post=14562"}],"version-history":[{"count":3,"href":"http:\/\/blogdalucianaoliveira.com.br\/blog\/wp-json\/wp\/v2\/posts\/14562\/revisions"}],"predecessor-version":[{"id":14567,"href":"http:\/\/blogdalucianaoliveira.com.br\/blog\/wp-json\/wp\/v2\/posts\/14562\/revisions\/14567"}],"wp:attachment":[{"href":"http:\/\/blogdalucianaoliveira.com.br\/blog\/wp-json\/wp\/v2\/media?parent=14562"}],"wp:term":[{"taxonomy":"category","embeddable":true,"href":"http:\/\/blogdalucianaoliveira.com.br\/blog\/wp-json\/wp\/v2\/categories?post=14562"},{"taxonomy":"post_tag","embeddable":true,"href":"http:\/\/blogdalucianaoliveira.com.br\/blog\/wp-json\/wp\/v2\/tags?post=14562"}],"curies":[{"name":"wp","href":"https:\/\/api.w.org\/{rel}","templated":true}]}}