{"id":14568,"date":"2017-10-25T20:02:30","date_gmt":"2017-10-26T00:02:30","guid":{"rendered":"http:\/\/blogdalucianaoliveira.com.br\/blog\/?p=14568"},"modified":"2017-10-25T20:02:30","modified_gmt":"2017-10-26T00:02:30","slug":"aecio-se-transforma-na-tornozeleira-dos-tucanos-nao-podem-tirar","status":"publish","type":"post","link":"http:\/\/blogdalucianaoliveira.com.br\/blog\/2017\/10\/25\/aecio-se-transforma-na-tornozeleira-dos-tucanos-nao-podem-tirar\/","title":{"rendered":"A\u00e9cio se transforma na tornozeleira dos tucanos: n\u00e3o podem tirar"},"content":{"rendered":"<p><img data-recalc-dims=\"1\" loading=\"lazy\" decoding=\"async\" data-attachment-id=\"14569\" data-permalink=\"http:\/\/blogdalucianaoliveira.com.br\/blog\/2017\/10\/25\/aecio-se-transforma-na-tornozeleira-dos-tucanos-nao-podem-tirar\/nao-6\/\" data-orig-file=\"https:\/\/i0.wp.com\/blogdalucianaoliveira.com.br\/blog\/wp-content\/uploads\/2017\/10\/nao-1.jpg?fit=984%2C656\" data-orig-size=\"984,656\" data-comments-opened=\"0\" data-image-meta=\"{&quot;aperture&quot;:&quot;0&quot;,&quot;credit&quot;:&quot;&quot;,&quot;camera&quot;:&quot;&quot;,&quot;caption&quot;:&quot;&quot;,&quot;created_timestamp&quot;:&quot;0&quot;,&quot;copyright&quot;:&quot;&quot;,&quot;focal_length&quot;:&quot;0&quot;,&quot;iso&quot;:&quot;0&quot;,&quot;shutter_speed&quot;:&quot;0&quot;,&quot;title&quot;:&quot;&quot;,&quot;orientation&quot;:&quot;0&quot;}\" data-image-title=\"nao\" data-image-description=\"\" data-image-caption=\"\" data-medium-file=\"https:\/\/i0.wp.com\/blogdalucianaoliveira.com.br\/blog\/wp-content\/uploads\/2017\/10\/nao-1.jpg?fit=300%2C200\" data-large-file=\"https:\/\/i0.wp.com\/blogdalucianaoliveira.com.br\/blog\/wp-content\/uploads\/2017\/10\/nao-1.jpg?fit=600%2C400\" src=\"https:\/\/i0.wp.com\/blogdalucianaoliveira.com.br\/blog\/wp-content\/uploads\/2017\/10\/nao-1.jpg?resize=600%2C400\" alt=\"nao\" width=\"600\" height=\"400\" class=\"alignnone size-full wp-image-14569\" srcset=\"https:\/\/i0.wp.com\/blogdalucianaoliveira.com.br\/blog\/wp-content\/uploads\/2017\/10\/nao-1.jpg?w=984 984w, https:\/\/i0.wp.com\/blogdalucianaoliveira.com.br\/blog\/wp-content\/uploads\/2017\/10\/nao-1.jpg?resize=300%2C200 300w, https:\/\/i0.wp.com\/blogdalucianaoliveira.com.br\/blog\/wp-content\/uploads\/2017\/10\/nao-1.jpg?resize=768%2C512 768w, https:\/\/i0.wp.com\/blogdalucianaoliveira.com.br\/blog\/wp-content\/uploads\/2017\/10\/nao-1.jpg?resize=450%2C300 450w\" sizes=\"auto, (max-width: 600px) 100vw, 600px\" \/><\/p>\n<p>No Tijola\u00e7o, por Fernando Brito &#8211; A melhor defini\u00e7\u00e3o que li sobre o impens\u00e1vel apelo de A\u00e9cio Neves para permanecer, ainda que \u201clicenciado\u201d na presid\u00eancia do PSDB, at\u00e9 meados de dezembro, quando se eleger\u00e1 a nova Executiva do partido foi feita por Cl\u00e1udio S.,  um leitor-comentarista do Estad\u00e3o:<\/p>\n<p> \u2013 Na boa, come\u00e7o a achar que o Aecio \u00e9 petista. Nitidamente ele quer acabar de afundar o PSDB.<!--more--><\/p>\n<p>Acho at\u00e9 que o PSDB j\u00e1 afundou, para desespero do senhor Geraldo Alkmin que, a se somar a sua sensaboria de chuchu e ao enfant terrible que p\u00f4s na prefeitura paulistana, tem de engolir o velho advers\u00e1rio interno como carga insuport\u00e1vel sobre suas chances eleitorais.<\/p>\n<p>Ao senador Tasso Jereissati, destinat\u00e1rio, A\u00e9cio teria feito o pedido:<\/p>\n<p>\u201cA\u00e9cio acha que \u00e9 um ponto importante para ele ficar na presid\u00eancia at\u00e9 a conven\u00e7\u00e3o de dezembro. Ele alega que a ren\u00fancia definitiva seria quase uma confiss\u00e3o de culpa. Mas garantiu que n\u00e3o pretende exercer nenhum tipo de atividade partid\u00e1ria, que vai para Minas trabalhar full time em dois pontos: sua defesa e reanimar sua base. Se ele n\u00e3o retoma sua base, seu futuro est\u00e1 em jogo\u201d.<\/p>\n<p>Espera-se que A\u00e9cio n\u00e3o v\u00e1 trabalhar full time na sua defesa com mais algum telefonema pedindo R$ 2 milh\u00f5es para custe\u00e1-la, nem que os mande buscar em malas, por algu\u00e9m que \u201cse possa acabar com ele\u201d antes que o confesse.<\/p>\n<p>Agora, base e futuro, A\u00e9cio tem aonde? Nem em Minas, nem no Leblon. O que vai fazer \u00e9 se atirar numa desesperada campanha para se eleger deputado federal, com votos de prefeitos do interior, para continuar com mandato e foro no Supremo.<\/p>\n<p>Outro leitor do Estad\u00e3o d\u00e1 fecho a esta hist\u00f3ria, dizendo que apelo \u00e9 o Brasil que faz a A\u00e9cio:<\/p>\n<p>\u2013 Caia fora da pol\u00edtica e volte para Cl\u00e1udio para sempre!<\/p>\n<p>Enquanto n\u00e3o for, fica sendo a tornozeleira eletr\u00f4nica dos tucanos.<\/p>\n","protected":false},"excerpt":{"rendered":"<p>No Tijola\u00e7o, por Fernando Brito &#8211; A melhor defini\u00e7\u00e3o que li sobre o impens\u00e1vel apelo de A\u00e9cio Neves para permanecer, ainda que \u201clicenciado\u201d na presid\u00eancia do PSDB, at\u00e9 meados de dezembro, quando se eleger\u00e1 a nova Executiva do partido foi feita por Cl\u00e1udio S., um leitor-comentarista do Estad\u00e3o: \u2013 Na boa, come\u00e7o a achar que&#8230;<a class=\"more-link\" href=\"http:\/\/blogdalucianaoliveira.com.br\/blog\/2017\/10\/25\/aecio-se-transforma-na-tornozeleira-dos-tucanos-nao-podem-tirar\/\">Continue a leitura <span class=\"meta-nav\">&raquo;<\/span><\/a><\/p>\n","protected":false},"author":1,"featured_media":0,"comment_status":"closed","ping_status":"open","sticky":false,"template":"","format":"standard","meta":{"_exactmetrics_skip_tracking":false,"_exactmetrics_sitenote_active":false,"_exactmetrics_sitenote_note":"","_exactmetrics_sitenote_category":0,"jetpack_post_was_ever_published":false,"_jetpack_newsletter_access":"","_jetpack_dont_email_post_to_subs":false,"_jetpack_newsletter_tier_id":0,"_jetpack_memberships_contains_paywalled_content":false,"_jetpack_memberships_contains_paid_content":false,"footnotes":"","jetpack_publicize_message":"","jetpack_publicize_feature_enabled":true,"jetpack_social_post_already_shared":true,"jetpack_social_options":{"image_generator_settings":{"template":"highway","enabled":false},"version":2}},"categories":[1],"tags":[],"class_list":["post-14568","post","type-post","status-publish","format-standard","hentry","category-notas"],"jetpack_publicize_connections":[],"jetpack_sharing_enabled":true,"jetpack_featured_media_url":"","jetpack_shortlink":"https:\/\/wp.me\/p7wKYW-3MY","jetpack-related-posts":[],"_links":{"self":[{"href":"http:\/\/blogdalucianaoliveira.com.br\/blog\/wp-json\/wp\/v2\/posts\/14568","targetHints":{"allow":["GET"]}}],"collection":[{"href":"http:\/\/blogdalucianaoliveira.com.br\/blog\/wp-json\/wp\/v2\/posts"}],"about":[{"href":"http:\/\/blogdalucianaoliveira.com.br\/blog\/wp-json\/wp\/v2\/types\/post"}],"author":[{"embeddable":true,"href":"http:\/\/blogdalucianaoliveira.com.br\/blog\/wp-json\/wp\/v2\/users\/1"}],"replies":[{"embeddable":true,"href":"http:\/\/blogdalucianaoliveira.com.br\/blog\/wp-json\/wp\/v2\/comments?post=14568"}],"version-history":[{"count":1,"href":"http:\/\/blogdalucianaoliveira.com.br\/blog\/wp-json\/wp\/v2\/posts\/14568\/revisions"}],"predecessor-version":[{"id":14570,"href":"http:\/\/blogdalucianaoliveira.com.br\/blog\/wp-json\/wp\/v2\/posts\/14568\/revisions\/14570"}],"wp:attachment":[{"href":"http:\/\/blogdalucianaoliveira.com.br\/blog\/wp-json\/wp\/v2\/media?parent=14568"}],"wp:term":[{"taxonomy":"category","embeddable":true,"href":"http:\/\/blogdalucianaoliveira.com.br\/blog\/wp-json\/wp\/v2\/categories?post=14568"},{"taxonomy":"post_tag","embeddable":true,"href":"http:\/\/blogdalucianaoliveira.com.br\/blog\/wp-json\/wp\/v2\/tags?post=14568"}],"curies":[{"name":"wp","href":"https:\/\/api.w.org\/{rel}","templated":true}]}}