{"id":14575,"date":"2017-10-26T14:02:56","date_gmt":"2017-10-26T18:02:56","guid":{"rendered":"http:\/\/blogdalucianaoliveira.com.br\/blog\/?p=14575"},"modified":"2017-10-26T14:12:55","modified_gmt":"2017-10-26T18:12:55","slug":"a-movimentacao-da-massa-teria-derrubado-a-quadrilha-de-temer","status":"publish","type":"post","link":"http:\/\/blogdalucianaoliveira.com.br\/blog\/2017\/10\/26\/a-movimentacao-da-massa-teria-derrubado-a-quadrilha-de-temer\/","title":{"rendered":"A movimenta\u00e7\u00e3o da massa teria derrubado a quadrilha de Temer"},"content":{"rendered":"<p><img data-recalc-dims=\"1\" loading=\"lazy\" decoding=\"async\" data-attachment-id=\"14576\" data-permalink=\"http:\/\/blogdalucianaoliveira.com.br\/blog\/2017\/10\/26\/a-movimentacao-da-massa-teria-derrubado-a-quadrilha-de-temer\/opposition-members-of-the-lower-chamber-of-brazils-congress-protest-before-a-vote-on-whether-the-congress-allows-charges-against-president-michel-temer-to-be-sent-to-the-supreme-court-for-trial-in-b\/\" data-orig-file=\"https:\/\/i0.wp.com\/blogdalucianaoliveira.com.br\/blog\/wp-content\/uploads\/2017\/10\/vo.jpeg?fit=635%2C400\" data-orig-size=\"635,400\" data-comments-opened=\"0\" data-image-meta=\"{&quot;aperture&quot;:&quot;0&quot;,&quot;credit&quot;:&quot;REUTERS&quot;,&quot;camera&quot;:&quot;&quot;,&quot;caption&quot;:&quot;Opposition members of the lower chamber of Brazil&#039;s Congress protest before a vote on whether the Congress allows charges against President Michel Temer to be sent to the Supreme Court for trial, in Brasilia, Brazil October 25, 2017. The placards read: \\&quot;Shame\\&quot; (C) and \\&quot;Out Temer.\\&quot; REUTERS\\\/Adriano Machado ORG XMIT: RJO01&quot;,&quot;created_timestamp&quot;:&quot;1508889600&quot;,&quot;copyright&quot;:&quot;&quot;,&quot;focal_length&quot;:&quot;0&quot;,&quot;iso&quot;:&quot;0&quot;,&quot;shutter_speed&quot;:&quot;0&quot;,&quot;title&quot;:&quot;Opposition members of the lower chamber of Brazil&#039;s Congress protest before a vote on whether the Congress allows charges against President Michel Temer to be sent to the Supreme Court for trial, in Brasilia&quot;,&quot;orientation&quot;:&quot;1&quot;}\" data-image-title=\"Opposition members of the lower chamber of Brazil&amp;#8217;s Congress protest before a vote on whether the Congress allows charges against President Michel Temer to be sent to the Supreme Court for trial, in Brasilia\" data-image-description=\"\" data-image-caption=\"\" data-medium-file=\"https:\/\/i0.wp.com\/blogdalucianaoliveira.com.br\/blog\/wp-content\/uploads\/2017\/10\/vo.jpeg?fit=300%2C189\" data-large-file=\"https:\/\/i0.wp.com\/blogdalucianaoliveira.com.br\/blog\/wp-content\/uploads\/2017\/10\/vo.jpeg?fit=600%2C378\" src=\"https:\/\/i0.wp.com\/blogdalucianaoliveira.com.br\/blog\/wp-content\/uploads\/2017\/10\/vo.jpeg?resize=600%2C378\" alt=\" \" width=\"600\" height=\"378\" class=\"alignnone size-full wp-image-14576\" srcset=\"https:\/\/i0.wp.com\/blogdalucianaoliveira.com.br\/blog\/wp-content\/uploads\/2017\/10\/vo.jpeg?w=635 635w, https:\/\/i0.wp.com\/blogdalucianaoliveira.com.br\/blog\/wp-content\/uploads\/2017\/10\/vo.jpeg?resize=300%2C189 300w, https:\/\/i0.wp.com\/blogdalucianaoliveira.com.br\/blog\/wp-content\/uploads\/2017\/10\/vo.jpeg?resize=476%2C300 476w\" sizes=\"auto, (max-width: 600px) 100vw, 600px\" \/><\/p>\n<p>Cada um que acordou tranquilo depois de ver mais da metade de um parlamento reunido barrar a segunda den\u00fancia por corrup\u00e7\u00e3o contra o presidente da rep\u00fablica, conhece a perda de bom senso.<\/p>\n<p>Cada um que viu e n\u00e3o falou nada ou usou a corrup\u00e7\u00e3o de outros governos para desviar o foco da urg\u00eancia, conhece o n\u00edvel de hipocrisia dos que salvaram o presidente ileg\u00edtimo e corrupto.<!--more--><\/p>\n<p>Cada um que justifica, sob qualquer pretexto, que a rela\u00e7\u00e3o de troca entre os poderes com dinheiro p\u00fablico \u00e9 adequada ao controle da governabilidade, conhece a loucura dos que compram e dos que se vendem.<\/p>\n<p>Cada um destes pode ser um pol\u00edtico corrupto e descarado, porque assim foi com os que est\u00e3o a\u00ed destruindo direitos da maioria para sustentar privil\u00e9gios de uma minoria.<\/p>\n<p>\u00c9 pelos que n\u00e3o se mexem e em nada influenciam que a pol\u00edtica e a vida dos brasileiros n\u00e3o se transforma.<\/p>\n<p>Porque do \u201cmesmo modo como o queijo \u00e9 feito do leite, e do qual surgem os vermes e esses eram os anjos\u201d, tal como observou o escritor Carlo Ginzburg na hist\u00f3ria de Menocchio, um moleiro perseguido por suas ideias no s\u00e9culo XVI,no cl\u00e1ssico \u2018O Queijo e os Vermes\u2019.<\/p>\n<p>O livro conta a hist\u00f3ria de um homem que ousou confrontar as normas constitu\u00eddas sob a \u00f3tica da religi\u00e3o que tornavam o povo mais vulner\u00e1vel \u00e0 opress\u00e3o. <\/p>\n<p>O moleiro dizia que o mundo havia nascido da putrefa\u00e7\u00e3o, que tudo era um imenso caos.<\/p>\n<p>Da movimenta\u00e7\u00e3o dessa desordem que teria surgido a terra, Deus, os anjos e os homens.<\/p>\n<p>Menocchio usou a met\u00e1fora de que assim como do leite ao ser batido, surge o queijo, tamb\u00e9m da movimenta\u00e7\u00e3o surgem os vermes, os anjos.<\/p>\n<p>Naturalmente, o herege acabou condenado \u00e0 morte.<\/p>\n<p>A cosmogonia de um moleiro no s\u00e9culo XVI nos faz refletir se \u00e9 poss\u00edvel transformar a realidade, com a quebra de um modelo de comportamento social a partir da movimenta\u00e7\u00e3o da massa ou se a humanidade est\u00e1 condenada a opress\u00e3o dos mais fortes. O que o escritor associou ao G\u00eanesis b\u00edblico, podemos interpretar como o in\u00edcio e fim de ciclos hist\u00f3ricos que n\u00e3o ocorrem sem movimenta\u00e7\u00e3o.<\/p>\n<p>Michel Temer n\u00e3o foi s\u00f3 salvo de um afastamento por 251 parlamentares, mas exaltado por eles com o aval de brasileiros que n\u00e3o se moveram em protesto.<\/p>\n<p>Uma pequena movimenta\u00e7\u00e3o popular teria derrubado o presidente que se sustenta com a confiss\u00e3o de compra de votos.<\/p>\n<p>Por pouco, uma diferen\u00e7a de 18 votos, 25 absten\u00e7\u00f5es e duas aus\u00eancias, governistas como o deputado Darc\u00edsio Perondi (PMDB-RS) n\u00e3o fracassaram em tornar admiss\u00edvel a distribui\u00e7\u00e3o de emendas parlamentares s\u00f3 aos que votaram a favor do presidente corrupto. Segundo ele, \u00e9 justo o pagamento de emendas a quem &#8216;\u00e9 governo&#8217;. &#8220;Se n\u00e3o \u00e9, pode esperar: \u00e9 p\u00e3o e \u00e1gua&#8221;.<\/p>\n<p>Se em cada estado os parlamentares tivessem sido pressionados a n\u00e3o salvar Temer, sob pena de aposentadoria compuls\u00f3ria da pol\u00edtica nas elei\u00e7\u00f5es de 2018, o pa\u00eds amanheceria hoje livre da quadrilha que tomou o poder por for\u00e7a de um golpe.<\/p>\n<p>O resultado apertado prova que Temer se equilibra em corda bamba, apesar da distribui\u00e7\u00e3o de emendas, cargos, perd\u00e3o ou renegocia\u00e7\u00e3o generosa de d\u00edvidas que beneficiam devedores da elite, entre os quais, parlamentares.<\/p>\n<p>Se a massa se movimentar, outra realidade surge.<\/p>\n<p>Por mais angustiante que seja a espera, qualquer mudan\u00e7a \u00e9 melhor do que uma massa inerte.<\/p>\n","protected":false},"excerpt":{"rendered":"<p>Cada um que acordou tranquilo depois de ver mais da metade de um parlamento reunido barrar a segunda den\u00fancia por corrup\u00e7\u00e3o contra o presidente da rep\u00fablica, conhece a perda de bom senso. Cada um que viu e n\u00e3o falou nada ou usou a corrup\u00e7\u00e3o de outros governos para desviar o foco da urg\u00eancia, conhece o&#8230;<a class=\"more-link\" href=\"http:\/\/blogdalucianaoliveira.com.br\/blog\/2017\/10\/26\/a-movimentacao-da-massa-teria-derrubado-a-quadrilha-de-temer\/\">Continue a leitura <span class=\"meta-nav\">&raquo;<\/span><\/a><\/p>\n","protected":false},"author":1,"featured_media":0,"comment_status":"closed","ping_status":"open","sticky":false,"template":"","format":"standard","meta":{"_exactmetrics_skip_tracking":false,"_exactmetrics_sitenote_active":false,"_exactmetrics_sitenote_note":"","_exactmetrics_sitenote_category":0,"jetpack_post_was_ever_published":false,"_jetpack_newsletter_access":"","_jetpack_dont_email_post_to_subs":false,"_jetpack_newsletter_tier_id":0,"_jetpack_memberships_contains_paywalled_content":false,"_jetpack_memberships_contains_paid_content":false,"footnotes":"","jetpack_publicize_message":"","jetpack_publicize_feature_enabled":true,"jetpack_social_post_already_shared":true,"jetpack_social_options":{"image_generator_settings":{"template":"highway","enabled":false},"version":2}},"categories":[1],"tags":[],"class_list":["post-14575","post","type-post","status-publish","format-standard","hentry","category-notas"],"jetpack_publicize_connections":[],"jetpack_sharing_enabled":true,"jetpack_featured_media_url":"","jetpack_shortlink":"https:\/\/wp.me\/p7wKYW-3N5","jetpack-related-posts":[],"_links":{"self":[{"href":"http:\/\/blogdalucianaoliveira.com.br\/blog\/wp-json\/wp\/v2\/posts\/14575","targetHints":{"allow":["GET"]}}],"collection":[{"href":"http:\/\/blogdalucianaoliveira.com.br\/blog\/wp-json\/wp\/v2\/posts"}],"about":[{"href":"http:\/\/blogdalucianaoliveira.com.br\/blog\/wp-json\/wp\/v2\/types\/post"}],"author":[{"embeddable":true,"href":"http:\/\/blogdalucianaoliveira.com.br\/blog\/wp-json\/wp\/v2\/users\/1"}],"replies":[{"embeddable":true,"href":"http:\/\/blogdalucianaoliveira.com.br\/blog\/wp-json\/wp\/v2\/comments?post=14575"}],"version-history":[{"count":6,"href":"http:\/\/blogdalucianaoliveira.com.br\/blog\/wp-json\/wp\/v2\/posts\/14575\/revisions"}],"predecessor-version":[{"id":14582,"href":"http:\/\/blogdalucianaoliveira.com.br\/blog\/wp-json\/wp\/v2\/posts\/14575\/revisions\/14582"}],"wp:attachment":[{"href":"http:\/\/blogdalucianaoliveira.com.br\/blog\/wp-json\/wp\/v2\/media?parent=14575"}],"wp:term":[{"taxonomy":"category","embeddable":true,"href":"http:\/\/blogdalucianaoliveira.com.br\/blog\/wp-json\/wp\/v2\/categories?post=14575"},{"taxonomy":"post_tag","embeddable":true,"href":"http:\/\/blogdalucianaoliveira.com.br\/blog\/wp-json\/wp\/v2\/tags?post=14575"}],"curies":[{"name":"wp","href":"https:\/\/api.w.org\/{rel}","templated":true}]}}