{"id":14586,"date":"2017-10-26T14:36:45","date_gmt":"2017-10-26T18:36:45","guid":{"rendered":"http:\/\/blogdalucianaoliveira.com.br\/blog\/?p=14586"},"modified":"2017-10-26T14:36:45","modified_gmt":"2017-10-26T18:36:45","slug":"temer-e-o-governante-mais-impopular-do-mundo","status":"publish","type":"post","link":"http:\/\/blogdalucianaoliveira.com.br\/blog\/2017\/10\/26\/temer-e-o-governante-mais-impopular-do-mundo\/","title":{"rendered":"TEMER \u00c9 O GOVERNANTE MAIS IMPOPULAR DO MUNDO"},"content":{"rendered":"<p><img data-recalc-dims=\"1\" loading=\"lazy\" decoding=\"async\" data-attachment-id=\"14587\" data-permalink=\"http:\/\/blogdalucianaoliveira.com.br\/blog\/2017\/10\/26\/temer-e-o-governante-mais-impopular-do-mundo\/pop\/\" data-orig-file=\"https:\/\/i0.wp.com\/blogdalucianaoliveira.com.br\/blog\/wp-content\/uploads\/2017\/10\/pop.jpg?fit=1000%2C357\" data-orig-size=\"1000,357\" data-comments-opened=\"0\" data-image-meta=\"{&quot;aperture&quot;:&quot;0&quot;,&quot;credit&quot;:&quot;&quot;,&quot;camera&quot;:&quot;&quot;,&quot;caption&quot;:&quot;&quot;,&quot;created_timestamp&quot;:&quot;0&quot;,&quot;copyright&quot;:&quot;&quot;,&quot;focal_length&quot;:&quot;0&quot;,&quot;iso&quot;:&quot;0&quot;,&quot;shutter_speed&quot;:&quot;0&quot;,&quot;title&quot;:&quot;&quot;,&quot;orientation&quot;:&quot;0&quot;}\" data-image-title=\"pop\" data-image-description=\"\" data-image-caption=\"\" data-medium-file=\"https:\/\/i0.wp.com\/blogdalucianaoliveira.com.br\/blog\/wp-content\/uploads\/2017\/10\/pop.jpg?fit=300%2C107\" data-large-file=\"https:\/\/i0.wp.com\/blogdalucianaoliveira.com.br\/blog\/wp-content\/uploads\/2017\/10\/pop.jpg?fit=600%2C214\" src=\"https:\/\/i0.wp.com\/blogdalucianaoliveira.com.br\/blog\/wp-content\/uploads\/2017\/10\/pop.jpg?resize=600%2C214\" alt=\"pop\" width=\"600\" height=\"214\" class=\"alignnone size-full wp-image-14587\" srcset=\"https:\/\/i0.wp.com\/blogdalucianaoliveira.com.br\/blog\/wp-content\/uploads\/2017\/10\/pop.jpg?w=1000 1000w, https:\/\/i0.wp.com\/blogdalucianaoliveira.com.br\/blog\/wp-content\/uploads\/2017\/10\/pop.jpg?resize=300%2C107 300w, https:\/\/i0.wp.com\/blogdalucianaoliveira.com.br\/blog\/wp-content\/uploads\/2017\/10\/pop.jpg?resize=768%2C274 768w, https:\/\/i0.wp.com\/blogdalucianaoliveira.com.br\/blog\/wp-content\/uploads\/2017\/10\/pop.jpg?resize=800%2C286 800w\" sizes=\"auto, (max-width: 600px) 100vw, 600px\" \/><\/p>\n<p>No 247, da ANSA \u2013 O brasileiro Michel Temer \u00e9 considerado o presidente com maior taxa de rejei\u00e7\u00e3o do mundo, atr\u00e1s at\u00e9 do venezuelano Nicol\u00e1s Maduro, indicou uma pesquisa do grupo de an\u00e1lise pol\u00edtica Eurasia. De acordo com a sondagem, que coletou dados a partir do m\u00eas de agosto, Temer det\u00e9m 3% de aprova\u00e7\u00e3o popular, a menor em todo o mundo.<!--more--><\/p>\n<p>O presidente da \u00c1frica do Sul, Jacob Zuma, que enfrenta den\u00fancias de corrup\u00e7\u00e3o, tem 18%. J\u00e1 o venezuelano Nicol\u00e1s Maduro, que trava um confronto pol\u00edtico interno com a oposi\u00e7\u00e3o e cujo pa\u00eds fora sancionado em f\u00f3runs internacionais devido \u00e0 censura e pris\u00e3o de seus advers\u00e1rios, tem 23% de apoio popular.<\/p>\n<p>A lista dos l\u00edderes &#8220;mais impopulares&#8221; conta ainda com o mexicano Enrique Pen\u00e3 Nieto, com 28% de aprova\u00e7\u00e3o; a premier brit\u00e2nica, Theresa May, que possui 31% e conduz o pol\u00eamico processo de sa\u00edda do Reino Unido da Uni\u00e3o Europeia (UE); o norte-americano Donald Trump, com 37%; e o franc\u00eas Emmanuel Macron, com 45%, que, apesar de rec\u00e9m-eleito, tem gerado rea\u00e7\u00f5es internas por seus projetos de reformas.<\/p>\n<p>Ontem, Temer se livrou de sua segunda den\u00fancia em tr\u00eas meses. A C\u00e2mara dos Deputados negou o prosseguimento da den\u00fancia de obstru\u00e7\u00e3o de justi\u00e7a e participa\u00e7\u00e3o em organiza\u00e7\u00e3o criminosa, por 251 votos a favor e 233 contr\u00e1rios.<\/p>\n","protected":false},"excerpt":{"rendered":"<p>No 247, da ANSA \u2013 O brasileiro Michel Temer \u00e9 considerado o presidente com maior taxa de rejei\u00e7\u00e3o do mundo, atr\u00e1s at\u00e9 do venezuelano Nicol\u00e1s Maduro, indicou uma pesquisa do grupo de an\u00e1lise pol\u00edtica Eurasia. De acordo com a sondagem, que coletou dados a partir do m\u00eas de agosto, Temer det\u00e9m 3% de aprova\u00e7\u00e3o popular,&#8230;<a class=\"more-link\" href=\"http:\/\/blogdalucianaoliveira.com.br\/blog\/2017\/10\/26\/temer-e-o-governante-mais-impopular-do-mundo\/\">Continue a leitura <span class=\"meta-nav\">&raquo;<\/span><\/a><\/p>\n","protected":false},"author":1,"featured_media":0,"comment_status":"closed","ping_status":"open","sticky":false,"template":"","format":"standard","meta":{"_exactmetrics_skip_tracking":false,"_exactmetrics_sitenote_active":false,"_exactmetrics_sitenote_note":"","_exactmetrics_sitenote_category":0,"jetpack_post_was_ever_published":false,"_jetpack_newsletter_access":"","_jetpack_dont_email_post_to_subs":false,"_jetpack_newsletter_tier_id":0,"_jetpack_memberships_contains_paywalled_content":false,"_jetpack_memberships_contains_paid_content":false,"footnotes":"","jetpack_publicize_message":"","jetpack_publicize_feature_enabled":true,"jetpack_social_post_already_shared":true,"jetpack_social_options":{"image_generator_settings":{"template":"highway","enabled":false},"version":2}},"categories":[1],"tags":[],"class_list":["post-14586","post","type-post","status-publish","format-standard","hentry","category-notas"],"jetpack_publicize_connections":[],"jetpack_sharing_enabled":true,"jetpack_featured_media_url":"","jetpack_shortlink":"https:\/\/wp.me\/p7wKYW-3Ng","jetpack-related-posts":[],"_links":{"self":[{"href":"http:\/\/blogdalucianaoliveira.com.br\/blog\/wp-json\/wp\/v2\/posts\/14586","targetHints":{"allow":["GET"]}}],"collection":[{"href":"http:\/\/blogdalucianaoliveira.com.br\/blog\/wp-json\/wp\/v2\/posts"}],"about":[{"href":"http:\/\/blogdalucianaoliveira.com.br\/blog\/wp-json\/wp\/v2\/types\/post"}],"author":[{"embeddable":true,"href":"http:\/\/blogdalucianaoliveira.com.br\/blog\/wp-json\/wp\/v2\/users\/1"}],"replies":[{"embeddable":true,"href":"http:\/\/blogdalucianaoliveira.com.br\/blog\/wp-json\/wp\/v2\/comments?post=14586"}],"version-history":[{"count":1,"href":"http:\/\/blogdalucianaoliveira.com.br\/blog\/wp-json\/wp\/v2\/posts\/14586\/revisions"}],"predecessor-version":[{"id":14588,"href":"http:\/\/blogdalucianaoliveira.com.br\/blog\/wp-json\/wp\/v2\/posts\/14586\/revisions\/14588"}],"wp:attachment":[{"href":"http:\/\/blogdalucianaoliveira.com.br\/blog\/wp-json\/wp\/v2\/media?parent=14586"}],"wp:term":[{"taxonomy":"category","embeddable":true,"href":"http:\/\/blogdalucianaoliveira.com.br\/blog\/wp-json\/wp\/v2\/categories?post=14586"},{"taxonomy":"post_tag","embeddable":true,"href":"http:\/\/blogdalucianaoliveira.com.br\/blog\/wp-json\/wp\/v2\/tags?post=14586"}],"curies":[{"name":"wp","href":"https:\/\/api.w.org\/{rel}","templated":true}]}}