{"id":1459,"date":"2016-06-04T10:07:27","date_gmt":"2016-06-04T14:07:27","guid":{"rendered":"http:\/\/blogdalucianaoliveira.com.br\/blog\/?p=1459"},"modified":"2016-06-04T10:07:27","modified_gmt":"2016-06-04T14:07:27","slug":"temer-lanca-programa-fome-zero-pra-dilma","status":"publish","type":"post","link":"http:\/\/blogdalucianaoliveira.com.br\/blog\/2016\/06\/04\/temer-lanca-programa-fome-zero-pra-dilma\/","title":{"rendered":"Temer lan\u00e7a programa Fome Zero pra Dilma"},"content":{"rendered":"<p><img data-recalc-dims=\"1\" loading=\"lazy\" decoding=\"async\" data-attachment-id=\"1460\" data-permalink=\"http:\/\/blogdalucianaoliveira.com.br\/blog\/2016\/06\/04\/temer-lanca-programa-fome-zero-pra-dilma\/image-313\/\" data-orig-file=\"https:\/\/i0.wp.com\/blogdalucianaoliveira.com.br\/blog\/wp-content\/uploads\/2016\/06\/image-9.jpeg?fit=389%2C378\" data-orig-size=\"389,378\" data-comments-opened=\"0\" data-image-meta=\"{&quot;aperture&quot;:&quot;0&quot;,&quot;credit&quot;:&quot;&quot;,&quot;camera&quot;:&quot;&quot;,&quot;caption&quot;:&quot;&quot;,&quot;created_timestamp&quot;:&quot;0&quot;,&quot;copyright&quot;:&quot;&quot;,&quot;focal_length&quot;:&quot;0&quot;,&quot;iso&quot;:&quot;0&quot;,&quot;shutter_speed&quot;:&quot;0&quot;,&quot;title&quot;:&quot;&quot;,&quot;orientation&quot;:&quot;0&quot;}\" data-image-title=\"image\" data-image-description=\"\" data-image-caption=\"\" data-medium-file=\"https:\/\/i0.wp.com\/blogdalucianaoliveira.com.br\/blog\/wp-content\/uploads\/2016\/06\/image-9.jpeg?fit=300%2C292\" data-large-file=\"https:\/\/i0.wp.com\/blogdalucianaoliveira.com.br\/blog\/wp-content\/uploads\/2016\/06\/image-9.jpeg?fit=389%2C378\" src=\"https:\/\/i0.wp.com\/blogdalucianaoliveira.com.br\/blog\/wp-content\/uploads\/2016\/06\/image-9.jpeg?resize=389%2C378\" alt=\"image\" width=\"389\" height=\"378\" class=\"alignnone size-full wp-image-1460\" srcset=\"https:\/\/i0.wp.com\/blogdalucianaoliveira.com.br\/blog\/wp-content\/uploads\/2016\/06\/image-9.jpeg?w=389 389w, https:\/\/i0.wp.com\/blogdalucianaoliveira.com.br\/blog\/wp-content\/uploads\/2016\/06\/image-9.jpeg?resize=300%2C292 300w, https:\/\/i0.wp.com\/blogdalucianaoliveira.com.br\/blog\/wp-content\/uploads\/2016\/06\/image-9.jpeg?resize=309%2C300 309w\" sizes=\"auto, (max-width: 389px) 100vw, 389px\" \/><\/p>\n<p>Equipe de Temer corta comida de Dilma Rousseff no Pal\u00e1cio da Alvorada.<!--more--><\/p>\n<p>POR PAINEL DA FOLHA <\/p>\n<p>Sem p\u00e3o\u2026 s\u00f3 \u00e1gua Dilma Rousseff e auxiliares ficaram os \u00faltimos dias sem dinheiro para comprar comida para o Alvorada. O chamado \u201ccart\u00e3o de suprimento\u201d foi cortado pela equipe de Temer na quarta (1\u00ba). Os recursos garantiam o abastecimento da despensa da presidente afastada e custeavam a manuten\u00e7\u00e3o do pal\u00e1cio. Procurada, a Secretaria de Governo reconheceu a suspens\u00e3o, mas informou que se trata de uma \u201cinterrup\u00e7\u00e3o provis\u00f3ria\u201d at\u00e9 receber parecer jur\u00eddico sobre os direitos de Dilma.<\/p>\n<p>Habemus bocas O Planalto informou na noite de sexta que Dilma j\u00e1 estava liberada para compras. Al\u00e9m dela, circulam no Alvorada cerca de 30 pessoas, entre servidores do gabinete e funcion\u00e1rios que fazem a manuten\u00e7\u00e3o da resid\u00eancia oficial.<\/p>\n<p>\u00c9 o fim Segundo assessores, Dilma ficou furibunda com o corte do \u201ccart\u00e3o alimenta\u00e7\u00e3o\u201d e criticou a equipe de Temer pela \u201cmesquinharia\u201d.<\/p>\n","protected":false},"excerpt":{"rendered":"<p>Equipe de Temer corta comida de Dilma Rousseff no Pal\u00e1cio da Alvorada.<\/p>\n","protected":false},"author":1,"featured_media":0,"comment_status":"closed","ping_status":"open","sticky":false,"template":"","format":"standard","meta":{"_exactmetrics_skip_tracking":false,"_exactmetrics_sitenote_active":false,"_exactmetrics_sitenote_note":"","_exactmetrics_sitenote_category":0,"jetpack_post_was_ever_published":false,"_jetpack_newsletter_access":"","_jetpack_dont_email_post_to_subs":false,"_jetpack_newsletter_tier_id":0,"_jetpack_memberships_contains_paywalled_content":false,"_jetpack_memberships_contains_paid_content":false,"footnotes":"","jetpack_publicize_message":"","jetpack_publicize_feature_enabled":true,"jetpack_social_post_already_shared":true,"jetpack_social_options":{"image_generator_settings":{"template":"highway","enabled":false},"version":2}},"categories":[1],"tags":[],"class_list":["post-1459","post","type-post","status-publish","format-standard","hentry","category-notas"],"jetpack_publicize_connections":[],"jetpack_sharing_enabled":true,"jetpack_featured_media_url":"","jetpack_shortlink":"https:\/\/wp.me\/p7wKYW-nx","jetpack-related-posts":[],"_links":{"self":[{"href":"http:\/\/blogdalucianaoliveira.com.br\/blog\/wp-json\/wp\/v2\/posts\/1459","targetHints":{"allow":["GET"]}}],"collection":[{"href":"http:\/\/blogdalucianaoliveira.com.br\/blog\/wp-json\/wp\/v2\/posts"}],"about":[{"href":"http:\/\/blogdalucianaoliveira.com.br\/blog\/wp-json\/wp\/v2\/types\/post"}],"author":[{"embeddable":true,"href":"http:\/\/blogdalucianaoliveira.com.br\/blog\/wp-json\/wp\/v2\/users\/1"}],"replies":[{"embeddable":true,"href":"http:\/\/blogdalucianaoliveira.com.br\/blog\/wp-json\/wp\/v2\/comments?post=1459"}],"version-history":[{"count":1,"href":"http:\/\/blogdalucianaoliveira.com.br\/blog\/wp-json\/wp\/v2\/posts\/1459\/revisions"}],"predecessor-version":[{"id":1461,"href":"http:\/\/blogdalucianaoliveira.com.br\/blog\/wp-json\/wp\/v2\/posts\/1459\/revisions\/1461"}],"wp:attachment":[{"href":"http:\/\/blogdalucianaoliveira.com.br\/blog\/wp-json\/wp\/v2\/media?parent=1459"}],"wp:term":[{"taxonomy":"category","embeddable":true,"href":"http:\/\/blogdalucianaoliveira.com.br\/blog\/wp-json\/wp\/v2\/categories?post=1459"},{"taxonomy":"post_tag","embeddable":true,"href":"http:\/\/blogdalucianaoliveira.com.br\/blog\/wp-json\/wp\/v2\/tags?post=1459"}],"curies":[{"name":"wp","href":"https:\/\/api.w.org\/{rel}","templated":true}]}}