{"id":14595,"date":"2017-10-26T18:21:39","date_gmt":"2017-10-26T22:21:39","guid":{"rendered":"http:\/\/blogdalucianaoliveira.com.br\/blog\/?p=14595"},"modified":"2017-10-26T18:28:39","modified_gmt":"2017-10-26T22:28:39","slug":"barraco-no-stf-barroso-e-gilmar-divergem-sobre-prisoes-de-poderosos-e-trocam-ofensas-barroso-e-gilmar-trocam-ofensas-no-supremo","status":"publish","type":"post","link":"http:\/\/blogdalucianaoliveira.com.br\/blog\/2017\/10\/26\/barraco-no-stf-barroso-e-gilmar-divergem-sobre-prisoes-de-poderosos-e-trocam-ofensas-barroso-e-gilmar-trocam-ofensas-no-supremo\/","title":{"rendered":"BARRACO NO STF: BARROSO E GILMAR DIVERGEM SOBRE PRIS\u00d5ES DE PODEROSOS E TROCAM OFENSAS"},"content":{"rendered":"<p><img data-recalc-dims=\"1\" loading=\"lazy\" decoding=\"async\" data-attachment-id=\"14602\" data-permalink=\"http:\/\/blogdalucianaoliveira.com.br\/blog\/2017\/10\/26\/barraco-no-stf-barroso-e-gilmar-divergem-sobre-prisoes-de-poderosos-e-trocam-ofensas-barroso-e-gilmar-trocam-ofensas-no-supremo\/t\/\" data-orig-file=\"https:\/\/i0.wp.com\/blogdalucianaoliveira.com.br\/blog\/wp-content\/uploads\/2017\/10\/t.png?fit=750%2C423\" data-orig-size=\"750,423\" data-comments-opened=\"0\" data-image-meta=\"{&quot;aperture&quot;:&quot;0&quot;,&quot;credit&quot;:&quot;&quot;,&quot;camera&quot;:&quot;&quot;,&quot;caption&quot;:&quot;&quot;,&quot;created_timestamp&quot;:&quot;0&quot;,&quot;copyright&quot;:&quot;&quot;,&quot;focal_length&quot;:&quot;0&quot;,&quot;iso&quot;:&quot;0&quot;,&quot;shutter_speed&quot;:&quot;0&quot;,&quot;title&quot;:&quot;&quot;,&quot;orientation&quot;:&quot;0&quot;}\" data-image-title=\"t\" data-image-description=\"\" data-image-caption=\"\" data-medium-file=\"https:\/\/i0.wp.com\/blogdalucianaoliveira.com.br\/blog\/wp-content\/uploads\/2017\/10\/t.png?fit=300%2C169\" data-large-file=\"https:\/\/i0.wp.com\/blogdalucianaoliveira.com.br\/blog\/wp-content\/uploads\/2017\/10\/t.png?fit=600%2C338\" src=\"https:\/\/i0.wp.com\/blogdalucianaoliveira.com.br\/blog\/wp-content\/uploads\/2017\/10\/t.png?resize=600%2C338\" alt=\"t\" width=\"600\" height=\"338\" class=\"alignnone size-full wp-image-14602\" srcset=\"https:\/\/i0.wp.com\/blogdalucianaoliveira.com.br\/blog\/wp-content\/uploads\/2017\/10\/t.png?w=750 750w, https:\/\/i0.wp.com\/blogdalucianaoliveira.com.br\/blog\/wp-content\/uploads\/2017\/10\/t.png?resize=300%2C169 300w, https:\/\/i0.wp.com\/blogdalucianaoliveira.com.br\/blog\/wp-content\/uploads\/2017\/10\/t.png?resize=532%2C300 532w\" sizes=\"auto, (max-width: 600px) 100vw, 600px\" \/><\/p>\n<p>Andr\u00e9 Richter &#8211; Rep\u00f3rter da Ag\u00eancia Brasil &#8211; Os ministros do Supremo Tribunal Federal (STF) Gilmar Mendes e Lu\u00eds Roberto Barroso discutiram e trocaram ofensas na sess\u00e3o da Corte na tarde de hoje (26). A discuss\u00e3o ocorreu durante o julgamento sobre a validade da uma decis\u00e3o que envolve a extin\u00e7\u00e3o de tribunais de contas de munic\u00edpios. O estopim para o in\u00edcio da briga ocorreu ap\u00f3s Mendes criticar a situa\u00e7\u00e3o financeira do Rio de Janeiro, estado de origem de Barroso.<!--more--><\/p>\n<p>Barroso questionou se, no Mato Grosso, estado de Gilmar Mendes &#8220;est\u00e1 tudo muito preso&#8221;, em refer\u00eancia aos pol\u00edticos presos no Rio de Janeiro e complementou dizendo: &#8220;N\u00f3s prendemos, tem gente que solta&#8221;. Em resposta, Gilmar disse que o colega, ao chegar ao STF, &#8220;soltou Jos\u00e9 Dirceu&#8221;, ex-ministro do governo Luiz In\u00e1cio Lula da Silva e condenado no caso do Mensal\u00e3o.<\/p>\n<p>Em seguida, os ministros foram interrompidos pela presidente da Corte, ministra C\u00e1rmen L\u00facia, mas voltaram a discutir.<\/p>\n<p>Na segunda parte do bate-boca, ao explicar as raz\u00f5es pelas quais concedeu indulto ao ex-ministro Jos\u00e9 Dirceu, Barroso acusou Mendes de ser parcial em suas decis\u00f5es.<\/p>\n<p>&#8220;N\u00e3o transfira para mim essa parceria que Vossa Excel\u00eancia tem com a leni\u00eancia em rela\u00e7\u00e3o a criminalidade do colarinho branco&#8221;, afirmou.<\/p>\n<p>Ao rebater as declara\u00e7\u00f5es de Barroso, Gilmar Mendes disse que n\u00e3o \u00e9 &#8220;advogado de bandidos internacionais&#8221;, em refer\u00eancia ao trabalho de Barroso como defensor do ex-ativista italiano Cesare Battisti, antes de ser nomeado ao STF.<\/p>\n<p>Na tr\u00e9plica, Barroso disse a Gilmar: &#8220;Vossa Excel\u00eancia vai mudando a jurisprud\u00eancia de acordo com o r\u00e9u. Isso n\u00e3o \u00e9 Estado de Direito, isso \u00e9 Estado de compadrio. Juiz n\u00e3o pode ter correligion\u00e1rio&#8221;, concluiu.<\/p>\n<p>Para encerrar a discuss\u00e3o, C\u00e1rmen L\u00facia lembrou aos colegas que eles estavam &#8220;no plen\u00e1rio de um Supremo Tribunal&#8221; e que ela gostaria de voltar ao caso em julgamento. Ap\u00f3s o bate-boca, o julgamento foi retomado e conclu\u00eddo. Os ministros mantiveram a decis\u00e3o da Assembleia Legislativa do Cear\u00e1, que extinguiu os tribunais de contas dos munic\u00edpios do estado.<\/p>\n<p><iframe loading=\"lazy\" src=\"http:\/\/content.jwplatform.com\/players\/FWuZYEL1-WLGkjbVJ.html\" width=\"480\" height=\"270\" frameborder=\"0\" scrolling=\"auto\"><\/iframe><\/p>\n","protected":false},"excerpt":{"rendered":"<p>Andr\u00e9 Richter &#8211; Rep\u00f3rter da Ag\u00eancia Brasil &#8211; Os ministros do Supremo Tribunal Federal (STF) Gilmar Mendes e Lu\u00eds Roberto Barroso discutiram e trocaram ofensas na sess\u00e3o da Corte na tarde de hoje (26). A discuss\u00e3o ocorreu durante o julgamento sobre a validade da uma decis\u00e3o que envolve a extin\u00e7\u00e3o de tribunais de contas de&#8230;<a class=\"more-link\" href=\"http:\/\/blogdalucianaoliveira.com.br\/blog\/2017\/10\/26\/barraco-no-stf-barroso-e-gilmar-divergem-sobre-prisoes-de-poderosos-e-trocam-ofensas-barroso-e-gilmar-trocam-ofensas-no-supremo\/\">Continue a leitura <span class=\"meta-nav\">&raquo;<\/span><\/a><\/p>\n","protected":false},"author":1,"featured_media":14602,"comment_status":"closed","ping_status":"open","sticky":false,"template":"","format":"standard","meta":{"_exactmetrics_skip_tracking":false,"_exactmetrics_sitenote_active":false,"_exactmetrics_sitenote_note":"","_exactmetrics_sitenote_category":0,"jetpack_post_was_ever_published":false,"_jetpack_newsletter_access":"","_jetpack_dont_email_post_to_subs":false,"_jetpack_newsletter_tier_id":0,"_jetpack_memberships_contains_paywalled_content":false,"_jetpack_memberships_contains_paid_content":false,"footnotes":"","jetpack_publicize_message":"","jetpack_publicize_feature_enabled":true,"jetpack_social_post_already_shared":true,"jetpack_social_options":{"image_generator_settings":{"template":"highway","enabled":false},"version":2}},"categories":[1],"tags":[],"class_list":["post-14595","post","type-post","status-publish","format-standard","has-post-thumbnail","hentry","category-notas"],"jetpack_publicize_connections":[],"jetpack_sharing_enabled":true,"jetpack_featured_media_url":"https:\/\/i0.wp.com\/blogdalucianaoliveira.com.br\/blog\/wp-content\/uploads\/2017\/10\/t.png?fit=750%2C423","jetpack_shortlink":"https:\/\/wp.me\/p7wKYW-3Np","jetpack-related-posts":[],"_links":{"self":[{"href":"http:\/\/blogdalucianaoliveira.com.br\/blog\/wp-json\/wp\/v2\/posts\/14595","targetHints":{"allow":["GET"]}}],"collection":[{"href":"http:\/\/blogdalucianaoliveira.com.br\/blog\/wp-json\/wp\/v2\/posts"}],"about":[{"href":"http:\/\/blogdalucianaoliveira.com.br\/blog\/wp-json\/wp\/v2\/types\/post"}],"author":[{"embeddable":true,"href":"http:\/\/blogdalucianaoliveira.com.br\/blog\/wp-json\/wp\/v2\/users\/1"}],"replies":[{"embeddable":true,"href":"http:\/\/blogdalucianaoliveira.com.br\/blog\/wp-json\/wp\/v2\/comments?post=14595"}],"version-history":[{"count":4,"href":"http:\/\/blogdalucianaoliveira.com.br\/blog\/wp-json\/wp\/v2\/posts\/14595\/revisions"}],"predecessor-version":[{"id":14604,"href":"http:\/\/blogdalucianaoliveira.com.br\/blog\/wp-json\/wp\/v2\/posts\/14595\/revisions\/14604"}],"wp:featuredmedia":[{"embeddable":true,"href":"http:\/\/blogdalucianaoliveira.com.br\/blog\/wp-json\/wp\/v2\/media\/14602"}],"wp:attachment":[{"href":"http:\/\/blogdalucianaoliveira.com.br\/blog\/wp-json\/wp\/v2\/media?parent=14595"}],"wp:term":[{"taxonomy":"category","embeddable":true,"href":"http:\/\/blogdalucianaoliveira.com.br\/blog\/wp-json\/wp\/v2\/categories?post=14595"},{"taxonomy":"post_tag","embeddable":true,"href":"http:\/\/blogdalucianaoliveira.com.br\/blog\/wp-json\/wp\/v2\/tags?post=14595"}],"curies":[{"name":"wp","href":"https:\/\/api.w.org\/{rel}","templated":true}]}}