{"id":14611,"date":"2017-10-27T10:08:13","date_gmt":"2017-10-27T14:08:13","guid":{"rendered":"http:\/\/blogdalucianaoliveira.com.br\/blog\/?p=14611"},"modified":"2017-10-27T10:08:13","modified_gmt":"2017-10-27T14:08:13","slug":"mst-produz-150-mil-mudas-para-reflorestar-bacia-do-rio-doce-contaminada-pela-samarco","status":"publish","type":"post","link":"http:\/\/blogdalucianaoliveira.com.br\/blog\/2017\/10\/27\/mst-produz-150-mil-mudas-para-reflorestar-bacia-do-rio-doce-contaminada-pela-samarco\/","title":{"rendered":"MST produz 150 mil mudas para reflorestar Bacia do Rio Doce contaminada pela Samarco"},"content":{"rendered":"<h2 class=\"description\"><img data-recalc-dims=\"1\" loading=\"lazy\" decoding=\"async\" data-attachment-id=\"14612\" data-permalink=\"http:\/\/blogdalucianaoliveira.com.br\/blog\/2017\/10\/27\/mst-produz-150-mil-mudas-para-reflorestar-bacia-do-rio-doce-contaminada-pela-samarco\/m-2\/\" data-orig-file=\"https:\/\/i0.wp.com\/blogdalucianaoliveira.com.br\/blog\/wp-content\/uploads\/2017\/10\/m-1.jpg?fit=640%2C426\" data-orig-size=\"640,426\" data-comments-opened=\"0\" data-image-meta=\"{&quot;aperture&quot;:&quot;0&quot;,&quot;credit&quot;:&quot;&quot;,&quot;camera&quot;:&quot;&quot;,&quot;caption&quot;:&quot;&quot;,&quot;created_timestamp&quot;:&quot;0&quot;,&quot;copyright&quot;:&quot;&quot;,&quot;focal_length&quot;:&quot;0&quot;,&quot;iso&quot;:&quot;0&quot;,&quot;shutter_speed&quot;:&quot;0&quot;,&quot;title&quot;:&quot;&quot;,&quot;orientation&quot;:&quot;0&quot;}\" data-image-title=\"m\" data-image-description=\"\" data-image-caption=\"\" data-medium-file=\"https:\/\/i0.wp.com\/blogdalucianaoliveira.com.br\/blog\/wp-content\/uploads\/2017\/10\/m-1.jpg?fit=300%2C200\" data-large-file=\"https:\/\/i0.wp.com\/blogdalucianaoliveira.com.br\/blog\/wp-content\/uploads\/2017\/10\/m-1.jpg?fit=600%2C399\" class=\"alignnone size-full wp-image-14612\" src=\"https:\/\/i0.wp.com\/blogdalucianaoliveira.com.br\/blog\/wp-content\/uploads\/2017\/10\/m-1.jpg?resize=600%2C399\" alt=\"m\" width=\"600\" height=\"399\" srcset=\"https:\/\/i0.wp.com\/blogdalucianaoliveira.com.br\/blog\/wp-content\/uploads\/2017\/10\/m-1.jpg?w=640 640w, https:\/\/i0.wp.com\/blogdalucianaoliveira.com.br\/blog\/wp-content\/uploads\/2017\/10\/m-1.jpg?resize=300%2C200 300w, https:\/\/i0.wp.com\/blogdalucianaoliveira.com.br\/blog\/wp-content\/uploads\/2017\/10\/m-1.jpg?resize=451%2C300 451w\" sizes=\"auto, (max-width: 600px) 100vw, 600px\" \/><\/h2>\n<h2 class=\"description\">O\u00a0ex-presidente\u00a0Lula visitou o local, na segunda fase de sua caravana pelo pa\u00eds.<\/h2>\n<p><!--more--><\/p>\n<div class=\"details-bar\">No Brasil de Fato, por Rute Pina &#8211; As estufas e espa\u00e7os de germina\u00e7\u00e3o do Assentamento Liberdade, no munic\u00edpio de Periquito (MG),\u00a0abrigam quase 150 mil mudas de vegeta\u00e7\u00e3o nativa da Bacia do Rio Doce. Os brotos aguardam a \u00e9poca de chuvas para serem plantados no territ\u00f3rio, degradado e contaminado ap\u00f3s o rompimento da barragem de Mariana (MG) em 2015.<\/div>\n<p>O viveiro de mudas de Periquito \u00e9\u00a0um dos quatro mantidos pelo Movimento dos Trabalhadores Rurais Sem Terra (MST) e que participam do projeto Plantando o Futuro, fruto de parceria com o governo do estado de Minas Gerais. Nesta ter\u00e7a-feira (24), o acampamento foi visitado pelo ex-presidente\u00a0Luiz In\u00e1cio Lula da Silva (PT), que segue em viagem por Minas Gerais\u00a0<a href=\"https:\/\/www.brasildefato.com.br\/2017\/10\/23\/acompanhe-em-tempo-real-a-caravana-lula-por-minas-gerais\/\" target=\"_blank\">na segunda fase de sua caravana pelo pa\u00eds<\/a>.<\/p>\n<p>Jaedson\u00a0Barbosa trabalha no projeto desde novembro do ano passado, quando foi demitido de uma ind\u00fastria. Ele conheceu a atividade por meio de\u00a0um curso de agroecologia: &#8220;Para mim, isso aqui \u00e9 uma terapia&#8221;, disse.<\/p>\n<p>O sem-terra do Acampamento Esperan\u00e7a afirma que o projeto \u00e9 primordial para a atividade produtiva do movimento. &#8220;Essas \u00e1reas destinadas \u00e0 reforma agr\u00e1ria est\u00e3o vindo todas bem surradas, e a gente tem que recuper\u00e1-las. N\u00f3s mesmos temos que fazer isso, porque o agroneg\u00f3cio n\u00e3o refloresta&#8221;,\u00a0pontuou.<\/p>\n<p><img data-recalc-dims=\"1\" decoding=\"async\" src=\"https:\/\/i0.wp.com\/farm5.staticflickr.com\/4492\/37858663676_093bc89ca0_o.jpg?w=600&#038;ssl=1\" alt=\"\" \/><\/p>\n<p class=\"ckeditor-img-caption\">Raquel Vieira da Costa \u00e9\u00a0engenheira ambiental e coordenadora do projeto. Foto: M\u00eddia Ninja<\/p>\n<p>A engenheira ambiental Raquel Vieira da Costa coordena o projeto. Ela explica que as \u00e1reas de assentamento para a reforma agr\u00e1ria,\u00a0em geral, t\u00eam impasses ambientais herdados da ocupa\u00e7\u00e3o anterior.<\/p>\n<p>Ela tamb\u00e9m destaca a colabora\u00e7\u00e3o do projeto para a regi\u00e3o da bacia do Rio Doce, contaminada h\u00e1 dois anos ap\u00f3s o rompimento da barragem da mineradora Samarco, em Mariana (MG):\u00a0\u201cNo Rio Doce, ele assume uma import\u00e2ncia muito grande pela trag\u00e9dia, pelo crime de Mariana. O movimento\u00a0sem terra\u00a0tamb\u00e9m se coloca \u00e0 disposi\u00e7\u00e3o de contribuir com isso, de recuperar a bacia do Rio Doce.\u201d<\/p>\n<p>Ao visitar o local, Lula repudiou incentivos p\u00fablicos \u00e0 produ\u00e7\u00e3o de eucalipto como forma de reflorestamento, que acontecem desde a d\u00e9cada de 1970. No local, h\u00e1 mais de 50 esp\u00e9cies diferentes de mudas da vegeta\u00e7\u00e3o nativa da regi\u00e3o produzidas pelo MST.<\/p>\n<p>\u201cO tempo foi passando e a gente aprendeu que reflorestamento \u00e9 a gente plantar as \u00e1rvores nativas. Plantar eucalipto n\u00e3o \u00e9 florestamento. N\u00f3s precisamos colocar isso para o povo, para o povo saber a diferen\u00e7a entre o que \u00e9 reflorestar e florestar. Isso que \u00e9 florestamento porque est\u00e1 plantando as \u00e1rvores nativas da regi\u00e3o.\u201d<\/p>\n<p>Al\u00e9m da Bacia do Rio Doce, o projeto Plantando o Futuro abrange mais 16 territ\u00f3rios no estado em parceria com outras entidades e organiza\u00e7\u00f5es da sociedade civil. O governo pretende plantar 30 milh\u00f5es de \u00e1rvores at\u00e9 dezembro de 2018 em todo o\u00a0estado de Minas Gerais e recuperar 40 mil nascentes e 6 mil hectares de matas ciliares.<\/p>\n<p>Ap\u00f3s a visita ao Assentamento Liberdade, Lula seguiu para o munic\u00edpio de Governador Valadares, onde participou de um ato de den\u00fancia sobre a impunidades do crime de Mariana.<\/p>\n<p><img data-recalc-dims=\"1\" decoding=\"async\" src=\"https:\/\/i0.wp.com\/farm5.staticflickr.com\/4448\/26130957319_12c0f92547_o.jpg?w=600&#038;ssl=1\" alt=\"\" \/><\/p>\n<p class=\"ckeditor-img-caption\">Mais de 150 mil mudas s\u00e3o produzidas no Assentamento Liberdade. Foto: M\u00eddia Ninja<\/p>\n","protected":false},"excerpt":{"rendered":"<p>O\u00a0ex-presidente\u00a0Lula visitou o local, na segunda fase de sua caravana pelo pa\u00eds.<\/p>\n","protected":false},"author":1,"featured_media":0,"comment_status":"closed","ping_status":"open","sticky":false,"template":"","format":"standard","meta":{"_exactmetrics_skip_tracking":false,"_exactmetrics_sitenote_active":false,"_exactmetrics_sitenote_note":"","_exactmetrics_sitenote_category":0,"jetpack_post_was_ever_published":false,"_jetpack_newsletter_access":"","_jetpack_dont_email_post_to_subs":false,"_jetpack_newsletter_tier_id":0,"_jetpack_memberships_contains_paywalled_content":false,"_jetpack_memberships_contains_paid_content":false,"footnotes":"","jetpack_publicize_message":"","jetpack_publicize_feature_enabled":true,"jetpack_social_post_already_shared":true,"jetpack_social_options":{"image_generator_settings":{"template":"highway","enabled":false},"version":2}},"categories":[1],"tags":[],"class_list":["post-14611","post","type-post","status-publish","format-standard","hentry","category-notas"],"jetpack_publicize_connections":[],"jetpack_sharing_enabled":true,"jetpack_featured_media_url":"","jetpack_shortlink":"https:\/\/wp.me\/p7wKYW-3NF","jetpack-related-posts":[],"_links":{"self":[{"href":"http:\/\/blogdalucianaoliveira.com.br\/blog\/wp-json\/wp\/v2\/posts\/14611","targetHints":{"allow":["GET"]}}],"collection":[{"href":"http:\/\/blogdalucianaoliveira.com.br\/blog\/wp-json\/wp\/v2\/posts"}],"about":[{"href":"http:\/\/blogdalucianaoliveira.com.br\/blog\/wp-json\/wp\/v2\/types\/post"}],"author":[{"embeddable":true,"href":"http:\/\/blogdalucianaoliveira.com.br\/blog\/wp-json\/wp\/v2\/users\/1"}],"replies":[{"embeddable":true,"href":"http:\/\/blogdalucianaoliveira.com.br\/blog\/wp-json\/wp\/v2\/comments?post=14611"}],"version-history":[{"count":1,"href":"http:\/\/blogdalucianaoliveira.com.br\/blog\/wp-json\/wp\/v2\/posts\/14611\/revisions"}],"predecessor-version":[{"id":14613,"href":"http:\/\/blogdalucianaoliveira.com.br\/blog\/wp-json\/wp\/v2\/posts\/14611\/revisions\/14613"}],"wp:attachment":[{"href":"http:\/\/blogdalucianaoliveira.com.br\/blog\/wp-json\/wp\/v2\/media?parent=14611"}],"wp:term":[{"taxonomy":"category","embeddable":true,"href":"http:\/\/blogdalucianaoliveira.com.br\/blog\/wp-json\/wp\/v2\/categories?post=14611"},{"taxonomy":"post_tag","embeddable":true,"href":"http:\/\/blogdalucianaoliveira.com.br\/blog\/wp-json\/wp\/v2\/tags?post=14611"}],"curies":[{"name":"wp","href":"https:\/\/api.w.org\/{rel}","templated":true}]}}