{"id":14616,"date":"2017-10-27T12:09:11","date_gmt":"2017-10-27T16:09:11","guid":{"rendered":"http:\/\/blogdalucianaoliveira.com.br\/blog\/?p=14616"},"modified":"2017-10-27T12:09:11","modified_gmt":"2017-10-27T16:09:11","slug":"psicologo-de-porto-velho-e-selecionado-pra-acao-social-em-30-paises","status":"publish","type":"post","link":"http:\/\/blogdalucianaoliveira.com.br\/blog\/2017\/10\/27\/psicologo-de-porto-velho-e-selecionado-pra-acao-social-em-30-paises\/","title":{"rendered":"PSIC\u00d3LOGO DE PORTO VELHO \u00c9 SELECIONADO PRA A\u00c7\u00c3O SOCIAL EM 30 PA\u00cdSES"},"content":{"rendered":"<p>&nbsp;<\/p>\n<p><img data-recalc-dims=\"1\" loading=\"lazy\" decoding=\"async\" data-attachment-id=\"14617\" data-permalink=\"http:\/\/blogdalucianaoliveira.com.br\/blog\/2017\/10\/27\/psicologo-de-porto-velho-e-selecionado-pra-acao-social-em-30-paises\/mari-5\/\" data-orig-file=\"https:\/\/i0.wp.com\/blogdalucianaoliveira.com.br\/blog\/wp-content\/uploads\/2017\/10\/mari.jpg?fit=960%2C786\" data-orig-size=\"960,786\" data-comments-opened=\"0\" data-image-meta=\"{&quot;aperture&quot;:&quot;0&quot;,&quot;credit&quot;:&quot;&quot;,&quot;camera&quot;:&quot;&quot;,&quot;caption&quot;:&quot;&quot;,&quot;created_timestamp&quot;:&quot;0&quot;,&quot;copyright&quot;:&quot;&quot;,&quot;focal_length&quot;:&quot;0&quot;,&quot;iso&quot;:&quot;0&quot;,&quot;shutter_speed&quot;:&quot;0&quot;,&quot;title&quot;:&quot;&quot;,&quot;orientation&quot;:&quot;0&quot;}\" data-image-title=\"mari\" data-image-description=\"\" data-image-caption=\"\" data-medium-file=\"https:\/\/i0.wp.com\/blogdalucianaoliveira.com.br\/blog\/wp-content\/uploads\/2017\/10\/mari.jpg?fit=300%2C246\" data-large-file=\"https:\/\/i0.wp.com\/blogdalucianaoliveira.com.br\/blog\/wp-content\/uploads\/2017\/10\/mari.jpg?fit=600%2C491\" class=\"alignnone size-full wp-image-14617\" src=\"https:\/\/i0.wp.com\/blogdalucianaoliveira.com.br\/blog\/wp-content\/uploads\/2017\/10\/mari.jpg?resize=600%2C491\" alt=\"mari\" width=\"600\" height=\"491\" srcset=\"https:\/\/i0.wp.com\/blogdalucianaoliveira.com.br\/blog\/wp-content\/uploads\/2017\/10\/mari.jpg?w=960 960w, https:\/\/i0.wp.com\/blogdalucianaoliveira.com.br\/blog\/wp-content\/uploads\/2017\/10\/mari.jpg?resize=300%2C246 300w, https:\/\/i0.wp.com\/blogdalucianaoliveira.com.br\/blog\/wp-content\/uploads\/2017\/10\/mari.jpg?resize=768%2C629 768w, https:\/\/i0.wp.com\/blogdalucianaoliveira.com.br\/blog\/wp-content\/uploads\/2017\/10\/mari.jpg?resize=366%2C300 366w\" sizes=\"auto, (max-width: 600px) 100vw, 600px\" \/><\/p>\n<p>&nbsp;<\/p>\n<p>Mahmoud Baydoun \u00e9 um brasileiro liban\u00eas.\u00a0Nascido nas Amazonas, criado em Beirute e no L\u00edbano, mas atualmente morando em Porto Velho, uma cidade da regi\u00e3o da Amaz\u00f4nia Ocidental.\u00a0Trabalha com psicoterapeuta e sexologista.\u00a0Mahmoud acredita que devemos todos sonhar grandes e que tem o poder de fazer a diferen\u00e7a na vida das pessoas e transformar o mundo em um lugar melhor para a posteridade.<\/p>\n<p>Ele foi selecionado para viver \u2018A experi\u00eancia da Vida Mundial\u2019, um projeto que enviar\u00e1 12 pessoas maravilhosas de v\u00e1rias partes do globo em uma viagem a 30 pa\u00edses para colaborar com organiza\u00e7\u00f5es locais de a\u00e7\u00e3o social e descobrir diferentes modos de vida.<\/p>\n<p>Ao longo de suas viagens, eles v\u00e3o compartilhar as id\u00e9ias que eles ganham de sua experi\u00eancia em m\u00eddias sociais.\u00a0A WLE ir\u00e1 cobrir todas as despesas, e os participantes receber\u00e3o suporte 24\/7, hospedagem e comida, bem como um sal\u00e1rio.<\/p>\n<p><img data-recalc-dims=\"1\" loading=\"lazy\" decoding=\"async\" data-attachment-id=\"14618\" data-permalink=\"http:\/\/blogdalucianaoliveira.com.br\/blog\/2017\/10\/27\/psicologo-de-porto-velho-e-selecionado-pra-acao-social-em-30-paises\/mar-3\/\" data-orig-file=\"https:\/\/i0.wp.com\/blogdalucianaoliveira.com.br\/blog\/wp-content\/uploads\/2017\/10\/mar.jpg?fit=539%2C960\" data-orig-size=\"539,960\" data-comments-opened=\"0\" data-image-meta=\"{&quot;aperture&quot;:&quot;0&quot;,&quot;credit&quot;:&quot;&quot;,&quot;camera&quot;:&quot;&quot;,&quot;caption&quot;:&quot;&quot;,&quot;created_timestamp&quot;:&quot;0&quot;,&quot;copyright&quot;:&quot;&quot;,&quot;focal_length&quot;:&quot;0&quot;,&quot;iso&quot;:&quot;0&quot;,&quot;shutter_speed&quot;:&quot;0&quot;,&quot;title&quot;:&quot;&quot;,&quot;orientation&quot;:&quot;0&quot;}\" data-image-title=\"mar\" data-image-description=\"\" data-image-caption=\"\" data-medium-file=\"https:\/\/i0.wp.com\/blogdalucianaoliveira.com.br\/blog\/wp-content\/uploads\/2017\/10\/mar.jpg?fit=168%2C300\" data-large-file=\"https:\/\/i0.wp.com\/blogdalucianaoliveira.com.br\/blog\/wp-content\/uploads\/2017\/10\/mar.jpg?fit=539%2C960\" class=\"alignnone size-full wp-image-14618\" src=\"https:\/\/i0.wp.com\/blogdalucianaoliveira.com.br\/blog\/wp-content\/uploads\/2017\/10\/mar.jpg?resize=539%2C960\" alt=\"mar\" width=\"539\" height=\"960\" srcset=\"https:\/\/i0.wp.com\/blogdalucianaoliveira.com.br\/blog\/wp-content\/uploads\/2017\/10\/mar.jpg?w=539 539w, https:\/\/i0.wp.com\/blogdalucianaoliveira.com.br\/blog\/wp-content\/uploads\/2017\/10\/mar.jpg?resize=168%2C300 168w\" sizes=\"auto, (max-width: 539px) 100vw, 539px\" \/><\/p>\n<p>&nbsp;<\/p>\n<p>UMA EXPERI\u00caNCIA \u00daNICA, IMPRESSIVA.<\/p>\n<p>Este grupo multicultural com sua multiplicidade de habilidades e perspectivas diversas passar\u00e1 10 dias em cada uma das 30 cidades trabalhando 4 a 5 dias dentro de uma organiza\u00e7\u00e3o local e 5 a 6 dias em atividades culturais, de entretenimento e locais.\u00a0Os participantes trabalhar\u00e3o como um grupo, mas os insights que eles compartilhem ser\u00e3o pessoais.<\/p>\n<p>&nbsp;<\/p>\n<p>Fonte:\u00a0http:\/\/www.worldlifeexperience.com<\/p>\n","protected":false},"excerpt":{"rendered":"<p>&nbsp; &nbsp; Mahmoud Baydoun \u00e9 um brasileiro liban\u00eas.\u00a0Nascido nas Amazonas, criado em Beirute e no L\u00edbano, mas atualmente morando em Porto Velho, uma cidade da regi\u00e3o da Amaz\u00f4nia Ocidental.\u00a0Trabalha com psicoterapeuta e sexologista.\u00a0Mahmoud acredita que devemos todos sonhar grandes e que tem o poder de fazer a diferen\u00e7a na vida das pessoas e transformar o&#8230;<a class=\"more-link\" href=\"http:\/\/blogdalucianaoliveira.com.br\/blog\/2017\/10\/27\/psicologo-de-porto-velho-e-selecionado-pra-acao-social-em-30-paises\/\">Continue a leitura <span class=\"meta-nav\">&raquo;<\/span><\/a><\/p>\n","protected":false},"author":1,"featured_media":0,"comment_status":"closed","ping_status":"open","sticky":false,"template":"","format":"standard","meta":{"_exactmetrics_skip_tracking":false,"_exactmetrics_sitenote_active":false,"_exactmetrics_sitenote_note":"","_exactmetrics_sitenote_category":0,"jetpack_post_was_ever_published":false,"_jetpack_newsletter_access":"","_jetpack_dont_email_post_to_subs":false,"_jetpack_newsletter_tier_id":0,"_jetpack_memberships_contains_paywalled_content":false,"_jetpack_memberships_contains_paid_content":false,"footnotes":"","jetpack_publicize_message":"","jetpack_publicize_feature_enabled":true,"jetpack_social_post_already_shared":true,"jetpack_social_options":{"image_generator_settings":{"template":"highway","enabled":false},"version":2}},"categories":[1],"tags":[],"class_list":["post-14616","post","type-post","status-publish","format-standard","hentry","category-notas"],"jetpack_publicize_connections":[],"jetpack_sharing_enabled":true,"jetpack_featured_media_url":"","jetpack_shortlink":"https:\/\/wp.me\/p7wKYW-3NK","jetpack-related-posts":[],"_links":{"self":[{"href":"http:\/\/blogdalucianaoliveira.com.br\/blog\/wp-json\/wp\/v2\/posts\/14616","targetHints":{"allow":["GET"]}}],"collection":[{"href":"http:\/\/blogdalucianaoliveira.com.br\/blog\/wp-json\/wp\/v2\/posts"}],"about":[{"href":"http:\/\/blogdalucianaoliveira.com.br\/blog\/wp-json\/wp\/v2\/types\/post"}],"author":[{"embeddable":true,"href":"http:\/\/blogdalucianaoliveira.com.br\/blog\/wp-json\/wp\/v2\/users\/1"}],"replies":[{"embeddable":true,"href":"http:\/\/blogdalucianaoliveira.com.br\/blog\/wp-json\/wp\/v2\/comments?post=14616"}],"version-history":[{"count":1,"href":"http:\/\/blogdalucianaoliveira.com.br\/blog\/wp-json\/wp\/v2\/posts\/14616\/revisions"}],"predecessor-version":[{"id":14619,"href":"http:\/\/blogdalucianaoliveira.com.br\/blog\/wp-json\/wp\/v2\/posts\/14616\/revisions\/14619"}],"wp:attachment":[{"href":"http:\/\/blogdalucianaoliveira.com.br\/blog\/wp-json\/wp\/v2\/media?parent=14616"}],"wp:term":[{"taxonomy":"category","embeddable":true,"href":"http:\/\/blogdalucianaoliveira.com.br\/blog\/wp-json\/wp\/v2\/categories?post=14616"},{"taxonomy":"post_tag","embeddable":true,"href":"http:\/\/blogdalucianaoliveira.com.br\/blog\/wp-json\/wp\/v2\/tags?post=14616"}],"curies":[{"name":"wp","href":"https:\/\/api.w.org\/{rel}","templated":true}]}}