{"id":14625,"date":"2017-10-27T16:53:20","date_gmt":"2017-10-27T20:53:20","guid":{"rendered":"http:\/\/blogdalucianaoliveira.com.br\/blog\/?p=14625"},"modified":"2017-10-27T16:53:20","modified_gmt":"2017-10-27T20:53:20","slug":"absolvicoes-por-clemencia-sumaria-e-de-reu-confesso-reacendem-debate-sobre-o-tribunal-do-juri-em-rondonia","status":"publish","type":"post","link":"http:\/\/blogdalucianaoliveira.com.br\/blog\/2017\/10\/27\/absolvicoes-por-clemencia-sumaria-e-de-reu-confesso-reacendem-debate-sobre-o-tribunal-do-juri-em-rondonia\/","title":{"rendered":"Absolvi\u00e7\u00f5es por clem\u00eancia, sum\u00e1ria e de r\u00e9u confesso reacendem debate sobre o Tribunal do J\u00fari em Rond\u00f4nia"},"content":{"rendered":"<p><img data-recalc-dims=\"1\" loading=\"lazy\" decoding=\"async\" data-attachment-id=\"14626\" data-permalink=\"http:\/\/blogdalucianaoliveira.com.br\/blog\/2017\/10\/27\/absolvicoes-por-clemencia-sumaria-e-de-reu-confesso-reacendem-debate-sobre-o-tribunal-do-juri-em-rondonia\/juri\/\" data-orig-file=\"https:\/\/i0.wp.com\/blogdalucianaoliveira.com.br\/blog\/wp-content\/uploads\/2017\/10\/juri.jpg?fit=700%2C700\" data-orig-size=\"700,700\" data-comments-opened=\"0\" data-image-meta=\"{&quot;aperture&quot;:&quot;0&quot;,&quot;credit&quot;:&quot;&quot;,&quot;camera&quot;:&quot;&quot;,&quot;caption&quot;:&quot;&quot;,&quot;created_timestamp&quot;:&quot;0&quot;,&quot;copyright&quot;:&quot;&quot;,&quot;focal_length&quot;:&quot;0&quot;,&quot;iso&quot;:&quot;0&quot;,&quot;shutter_speed&quot;:&quot;0&quot;,&quot;title&quot;:&quot;&quot;,&quot;orientation&quot;:&quot;0&quot;}\" data-image-title=\"juri\" data-image-description=\"\" data-image-caption=\"\" data-medium-file=\"https:\/\/i0.wp.com\/blogdalucianaoliveira.com.br\/blog\/wp-content\/uploads\/2017\/10\/juri.jpg?fit=300%2C300\" data-large-file=\"https:\/\/i0.wp.com\/blogdalucianaoliveira.com.br\/blog\/wp-content\/uploads\/2017\/10\/juri.jpg?fit=600%2C600\" class=\"alignnone size-full wp-image-14626\" src=\"https:\/\/i0.wp.com\/blogdalucianaoliveira.com.br\/blog\/wp-content\/uploads\/2017\/10\/juri.jpg?resize=600%2C600\" alt=\"juri\" width=\"600\" height=\"600\" srcset=\"https:\/\/i0.wp.com\/blogdalucianaoliveira.com.br\/blog\/wp-content\/uploads\/2017\/10\/juri.jpg?w=700 700w, https:\/\/i0.wp.com\/blogdalucianaoliveira.com.br\/blog\/wp-content\/uploads\/2017\/10\/juri.jpg?resize=150%2C150 150w, https:\/\/i0.wp.com\/blogdalucianaoliveira.com.br\/blog\/wp-content\/uploads\/2017\/10\/juri.jpg?resize=300%2C300 300w\" sizes=\"auto, (max-width: 600px) 100vw, 600px\" \/><\/p>\n<p>Novembro \u00e9 o M\u00eas Nacional do Tribunal do J\u00fari e o jornal eletr\u00f4nico Rond\u00f4nia Din\u00e2mica preparou material especial para a passagem da celebra\u00e7\u00e3o expondo min\u00facias sobre o instituto, um dos mais antigos e respeitados de todo ordenamento jur\u00eddico \u2013 mundialmente falando.<\/p>\n<p>A reportagem traz depoimentos de advogados, um promotor de Justi\u00e7a, um defensor p\u00fablico que atua no interior e agrega com material did\u00e1tico acerca do tema, trazendo a possibilidade de discuss\u00e3o a respeito do assunto.<\/p>\n<p>Como jurados, teoricamente leigos, conseguem proferir decis\u00f5es que ir\u00e3o afetar in\u00fameras vidas \u00e0 sua aprecia\u00e7\u00e3o? Os entrevistados concordam com a atual formata\u00e7\u00e3o do J\u00fari? \u00c9 poss\u00edvel absolver um r\u00e9u apenas por querer, sem justificativa alguma?<\/p>\n<p>Todos esses questionamentos s\u00e3o respondidos na publica\u00e7\u00e3o de autoria do rep\u00f3rter Vinicius Canova, em parceria com o fot\u00f3grafo Gregory Rodriguez.<\/p>\n<p><a href=\"http:\/\/www.rondoniadinamica.com.br\/arquivo\/noticia14011.shtml\">Confira clicando aqui.<\/a><\/p>\n","protected":false},"excerpt":{"rendered":"<p>Novembro \u00e9 o M\u00eas Nacional do Tribunal do J\u00fari e o jornal eletr\u00f4nico Rond\u00f4nia Din\u00e2mica preparou material especial para a passagem da celebra\u00e7\u00e3o expondo min\u00facias sobre o instituto, um dos mais antigos e respeitados de todo ordenamento jur\u00eddico \u2013 mundialmente falando. A reportagem traz depoimentos de advogados, um promotor de Justi\u00e7a, um defensor p\u00fablico que&#8230;<a class=\"more-link\" href=\"http:\/\/blogdalucianaoliveira.com.br\/blog\/2017\/10\/27\/absolvicoes-por-clemencia-sumaria-e-de-reu-confesso-reacendem-debate-sobre-o-tribunal-do-juri-em-rondonia\/\">Continue a leitura <span class=\"meta-nav\">&raquo;<\/span><\/a><\/p>\n","protected":false},"author":1,"featured_media":0,"comment_status":"closed","ping_status":"open","sticky":false,"template":"","format":"standard","meta":{"_exactmetrics_skip_tracking":false,"_exactmetrics_sitenote_active":false,"_exactmetrics_sitenote_note":"","_exactmetrics_sitenote_category":0,"jetpack_post_was_ever_published":false,"_jetpack_newsletter_access":"","_jetpack_dont_email_post_to_subs":false,"_jetpack_newsletter_tier_id":0,"_jetpack_memberships_contains_paywalled_content":false,"_jetpack_memberships_contains_paid_content":false,"footnotes":"","jetpack_publicize_message":"","jetpack_publicize_feature_enabled":true,"jetpack_social_post_already_shared":true,"jetpack_social_options":{"image_generator_settings":{"template":"highway","enabled":false},"version":2}},"categories":[1],"tags":[346,347],"class_list":["post-14625","post","type-post","status-publish","format-standard","hentry","category-notas","tag-juridico","tag-justica"],"jetpack_publicize_connections":[],"jetpack_sharing_enabled":true,"jetpack_featured_media_url":"","jetpack_shortlink":"https:\/\/wp.me\/p7wKYW-3NT","jetpack-related-posts":[],"_links":{"self":[{"href":"http:\/\/blogdalucianaoliveira.com.br\/blog\/wp-json\/wp\/v2\/posts\/14625","targetHints":{"allow":["GET"]}}],"collection":[{"href":"http:\/\/blogdalucianaoliveira.com.br\/blog\/wp-json\/wp\/v2\/posts"}],"about":[{"href":"http:\/\/blogdalucianaoliveira.com.br\/blog\/wp-json\/wp\/v2\/types\/post"}],"author":[{"embeddable":true,"href":"http:\/\/blogdalucianaoliveira.com.br\/blog\/wp-json\/wp\/v2\/users\/1"}],"replies":[{"embeddable":true,"href":"http:\/\/blogdalucianaoliveira.com.br\/blog\/wp-json\/wp\/v2\/comments?post=14625"}],"version-history":[{"count":1,"href":"http:\/\/blogdalucianaoliveira.com.br\/blog\/wp-json\/wp\/v2\/posts\/14625\/revisions"}],"predecessor-version":[{"id":14627,"href":"http:\/\/blogdalucianaoliveira.com.br\/blog\/wp-json\/wp\/v2\/posts\/14625\/revisions\/14627"}],"wp:attachment":[{"href":"http:\/\/blogdalucianaoliveira.com.br\/blog\/wp-json\/wp\/v2\/media?parent=14625"}],"wp:term":[{"taxonomy":"category","embeddable":true,"href":"http:\/\/blogdalucianaoliveira.com.br\/blog\/wp-json\/wp\/v2\/categories?post=14625"},{"taxonomy":"post_tag","embeddable":true,"href":"http:\/\/blogdalucianaoliveira.com.br\/blog\/wp-json\/wp\/v2\/tags?post=14625"}],"curies":[{"name":"wp","href":"https:\/\/api.w.org\/{rel}","templated":true}]}}