{"id":14640,"date":"2017-10-29T10:28:31","date_gmt":"2017-10-29T14:28:31","guid":{"rendered":"http:\/\/blogdalucianaoliveira.com.br\/blog\/?p=14640"},"modified":"2017-10-29T10:35:19","modified_gmt":"2017-10-29T14:35:19","slug":"14640","status":"publish","type":"post","link":"http:\/\/blogdalucianaoliveira.com.br\/blog\/2017\/10\/29\/14640\/","title":{"rendered":"C\u00c2MARA SAMBA NA NOSSA CARA E SALVA TEMER MAIS UMA VEZ"},"content":{"rendered":"<div class=\"PostContent\" data-reactid=\".ti.1.0.1.2.0.0.1.0.4\">\n<div data-reactid=\".ti.1.0.1.2.0.0.1.0.4.$p-0\">\n<p><img data-recalc-dims=\"1\" loading=\"lazy\" decoding=\"async\" data-attachment-id=\"14641\" data-permalink=\"http:\/\/blogdalucianaoliveira.com.br\/blog\/2017\/10\/29\/14640\/sam\/\" data-orig-file=\"https:\/\/i0.wp.com\/blogdalucianaoliveira.com.br\/blog\/wp-content\/uploads\/2017\/10\/sam.jpg?fit=1000%2C585\" data-orig-size=\"1000,585\" data-comments-opened=\"0\" data-image-meta=\"{&quot;aperture&quot;:&quot;0&quot;,&quot;credit&quot;:&quot;&quot;,&quot;camera&quot;:&quot;&quot;,&quot;caption&quot;:&quot;&quot;,&quot;created_timestamp&quot;:&quot;0&quot;,&quot;copyright&quot;:&quot;&quot;,&quot;focal_length&quot;:&quot;0&quot;,&quot;iso&quot;:&quot;0&quot;,&quot;shutter_speed&quot;:&quot;0&quot;,&quot;title&quot;:&quot;&quot;,&quot;orientation&quot;:&quot;0&quot;}\" data-image-title=\"sam\" data-image-description=\"\" data-image-caption=\"\" data-medium-file=\"https:\/\/i0.wp.com\/blogdalucianaoliveira.com.br\/blog\/wp-content\/uploads\/2017\/10\/sam.jpg?fit=300%2C176\" data-large-file=\"https:\/\/i0.wp.com\/blogdalucianaoliveira.com.br\/blog\/wp-content\/uploads\/2017\/10\/sam.jpg?fit=600%2C351\" class=\"alignnone size-full wp-image-14641\" src=\"https:\/\/i0.wp.com\/blogdalucianaoliveira.com.br\/blog\/wp-content\/uploads\/2017\/10\/sam.jpg?resize=600%2C351\" alt=\"sam\" width=\"600\" height=\"351\" srcset=\"https:\/\/i0.wp.com\/blogdalucianaoliveira.com.br\/blog\/wp-content\/uploads\/2017\/10\/sam.jpg?w=1000 1000w, https:\/\/i0.wp.com\/blogdalucianaoliveira.com.br\/blog\/wp-content\/uploads\/2017\/10\/sam.jpg?resize=300%2C176 300w, https:\/\/i0.wp.com\/blogdalucianaoliveira.com.br\/blog\/wp-content\/uploads\/2017\/10\/sam.jpg?resize=768%2C449 768w, https:\/\/i0.wp.com\/blogdalucianaoliveira.com.br\/blog\/wp-content\/uploads\/2017\/10\/sam.jpg?resize=513%2C300 513w\" sizes=\"auto, (max-width: 600px) 100vw, 600px\" \/><\/p>\n<p><u>SUCESSO EM PLENA<\/u>\u00a0ditadura militar, o samba-brega<a href=\"https:\/\/www.youtube.com\/watch?v=b-ThQB7Hayg\" target=\"_blank\">\u00a0\u201cTudo est\u00e1 em seu lugar\u201d\u00a0<\/a>de Benito di Paula causou desconfian\u00e7a \u00e0 \u00e9poca. N\u00e3o s\u00f3 pela qualidade duvidosa, mas pelo conte\u00fado da letra. O refr\u00e3o repetido exaustivamente \u201cTudo est\u00e1 no seu lugar. Gra\u00e7as a Deus\u201d cheirava mal numa \u00e9poca em que tudo estava fora do lugar e apenas os militares e sua claque reacion\u00e1ria tinham motivos para agradecer a Deus. Benito nega a inten\u00e7\u00e3o e diz que o tema foi\u00a0<a href=\"https:\/\/revistatrip.uol.com.br\/trip\/muito-benito-hein\" target=\"_blank\">inspirado em Ziraldo<\/a>, que repetia a frase ao fim de algum trabalho em tom de al\u00edvio.<!--more--><\/p>\n<p>&nbsp;<\/p>\n<p>No The Intercpet &#8211; por Jo\u00e3o Filho &#8211; Ap\u00f3s o segundo arquivamento de den\u00fancias que investigam Temer, \u00a0o vice-l\u00edder do PMDB na C\u00e2mara, Carlos Marun, estava leve, com a sensa\u00e7\u00e3o de dever cumprido. Encontrou jornalistas e come\u00e7ou a\u00a0<a href=\"https:\/\/www.youtube.com\/watch?v=AXyws7QTWog\" target=\"_blank\">dan\u00e7ar e a cantarolar<\/a>\u00a0o sambinha ruim, por\u00e9m simp\u00e1tico de Benito. Ensaiou at\u00e9 uma par\u00f3dia \u201cTudo est\u00e1 no seu lugar. Gra\u00e7as a Deus. Surramos mais uma vez essa oposi\u00e7\u00e3o, que n\u00e3o consegue nenhuma ganhar\u201d. Rid\u00edculo como uma crian\u00e7a que vence a gincana e quer esfregar na cara do derrotado.<\/p>\n<p>Marun e sua dancinha pat\u00e9tica viraram o grande s\u00edmbolo da patacoada armada na C\u00e2mara. O deputado construiu sua carreira na pol\u00edtica sendo um coadjuvante, estando sempre atr\u00e1s de algum cacique peemedebista. Come\u00e7ou na sombra de Andr\u00e9 Pucinelli (PMDB), passou pela de Eduardo Cunha (PMDB) e hoje vive pendurado na barra da cal\u00e7a de Michel Temer. O primeiro \u00e9\u00a0<a href=\"https:\/\/www.campograndenews.com.br\/politica\/puccinelli-com-tornozeleira-e-tres-presos-por-fraudes-de-rs-150-milhoes\" target=\"_blank\">usu\u00e1rio de tornozeleira eletr\u00f4nica<\/a>, o segundo est\u00e1 na cadeia e o terceiro continua solto, al\u00e9m de ser o presidente mais impopular do planeta Terra. S\u00f3 cabra bom. Al\u00e9m da proximidade com o que Janot chama de \u201cquadrilh\u00e3o do PMDB\u201d, Marun \u00e9\u00a0<a href=\"https:\/\/www.cartacapital.com.br\/politica\/quem-e-carlos-marun-o-deputado-que-dancou-para-celebrar-salvacao-de-temer\" target=\"_blank\">acusado de improbidade administrativa\u00a0<\/a>por favorecer uma empresa que financiou sua campanha.<\/p>\n<p>Por ser fiel como um cachorro, o deputado foi indicado pelo PMDB para ser relator da CPI da JBS, uma comiss\u00e3o em que at\u00e9 a uretra de Temer deveria ter sido investigada. Foi com\u00a0<a href=\"http:\/\/g1.globo.com\/jornal-nacional\/noticia\/2017\/09\/aliado-de-temer-e-escolhido-relator-da-cpi-da-jbs-e-2-parlamentares-saem.html\" target=\"_blank\">essa cara lavada<\/a>\u00a0que ele assumiu a miss\u00e3o da relatoria:\u00a0\u201cMe sinto e sou completamente independente para o exerc\u00edcio desta fun\u00e7\u00e3o, que sei de grande responsabilidade\u201d.<\/p>\n<p>Marun \u00e9 a cara da C\u00e2mara. Os mesmos que derrubaram, por pedaladas fiscais, uma presidente eleita, agora empurram para debaixo do tapete as den\u00fancias de corrup\u00e7\u00e3o de um presidente que jamais seria eleito pelo voto popular. Em um momento em que se congelam verbas de servi\u00e7os p\u00fablicos fundamentais em nome do saneamento da crise, Temer\u00a0<a href=\"http:\/\/www.bbc.com\/portuguese\/brasil-41741475\" target=\"_blank\">gasta R$1 bilh\u00e3o<\/a>\u00a0em emendas para favorecer deputados que o ajudem a acobertar a den\u00fancia.<\/p>\n<p>Bonif\u00edcio de Andrada (PSDB), o relator da den\u00fancia que deu parecer pelo arquivamento, viu a sua institui\u00e7\u00e3o universit\u00e1ria ganhar vultuosos R<a href=\"https:\/\/www.em.com.br\/app\/noticia\/politica\/2017\/10\/23\/interna_politica,910577\/r-11-milhoes-para-escola-do-relator-da-denuncia-contra-temer.shtml\" target=\"_blank\">$11 milh\u00f5es em 2017<\/a>, dos quais R$ 7 milh\u00f5es foram pagos em junho e julho. Esse tem 11 milh\u00f5es de motivos para dan\u00e7ar na nossa cara.<\/p>\n<p><a href=\"https:\/\/theintercept.com\/2017\/10\/26\/as-duas-faces-dos-deputados-que-mudaram-de-voto-entre-as-denuncias-contra-temer\/\" target=\"_blank\">Halun (PRB)<\/a>, que\u00a0<a href=\"http:\/\/www1.folha.uol.com.br\/poder\/2017\/10\/1930491-deputado-que-mudou-de-lado-relata-assedio-para-apoiar-temer.shtml\" target=\"_blank\">confessou<\/a>\u00a0ter sido assediado pelo l\u00edder do seu partido para votar a favor de Temer em troca de cargos, n\u00e3o teve pudor nenhum para assumir tamb\u00e9m que nem deu bola para o conte\u00fado den\u00fancia de Janot:<\/p>\n<blockquote><p>\u201cN\u00e3o fui no aspecto \u2018ah, a den\u00fancia n\u00e3o tem consist\u00eancia, tem, n\u00e3o tem\u2019. N\u00e3o olhei por este lado. Olhei, no momento agora, qual que era o mal menor. Acho que meu voto define assim: eu votei pelo mal menor. Uma mudan\u00e7a agora seria uma mudan\u00e7a muito grande\u201d<\/p><\/blockquote>\n<p>A rapaziada do MBL simplesmente se calou sobre o arquivamento da den\u00fancia. Em sua\u00a0<a href=\"https:\/\/www.facebook.com\/mblivre\/photos\/a.204296283027856.1073741829.204223673035117\/718904731567006\/?type=3\" target=\"_blank\">\u00fanica manifesta\u00e7\u00e3o<\/a>\u00a0nas redes, o grupo apenas relatou o resultado da vota\u00e7\u00e3o sem emitir nenhuma opini\u00e3o. A nudez em museus choca bem mais que as perip\u00e9cias de Temer com o dinheiro p\u00fablico.<\/p>\n<div class=\"img-wrap align-center width-fixed\">\n<p><a href=\"https:\/\/i0.wp.com\/theintercept.imgix.net\/wp-uploads\/sites\/1\/2017\/10\/marun-1509235488.jpg?ssl=1\"><img data-recalc-dims=\"1\" decoding=\"async\" class=\"aligncenter size-article-large wp-image-155108\" src=\"https:\/\/i0.wp.com\/theintercept.imgix.net\/wp-uploads\/sites\/1\/2017\/10\/marun-1509235488.jpg?w=600&#038;ssl=1\" alt=\"Bras\u00edlia - O coordenador do MBL, Fernando Holiday, ap\u00f3s protocolar no Senado pedido de impeachment do presidente do STF, Ricardo Lewandowisk, se encontra com o deputado Carlos Marum (Fabio Rodrigues Pozzebom\/Ag\u00eancia Brasil)\" \/><\/a><\/p>\n<p class=\"caption\">O coordenador do MBL, Fernando Holiday, posa ao lado de\u00a0Carlos Marun, o deputado que sambou na nossa cara\u00a0 (Fabio Rodrigues Pozzebom\/Ag\u00eancia Brasil)<\/p>\n<p class=\"caption source\">Fabio Rodrigues Pozzebom\/Ag\u00eancia Brasil<\/p>\n<\/div>\n<p>Os garotos, que dizem pretender renovar a pol\u00edtica, seguem sendo aliados fundamentais de Temer e do grupo pol\u00edtico que o tirou da forca. Isso fica claro pela lista dos deputados convidados que ir\u00e3o participar do pr\u00f3ximo congresso do MBL: Rogerio Marinho (PSDB), Bruno Ara\u00fajo (PSDB) e Marco Feliciano (PSC). Delc\u00eddio Perondi (PMDB), l\u00edder e porta-voz de Temer na C\u00e2mara, dessa vez n\u00e3o ir\u00e1, mas participou do \u00faltimo congresso e foi\u00a0<a href=\"https:\/\/www.facebook.com\/mblivre\/videos\/476687142455434\/\" target=\"_blank\">bastante aplaudido<\/a>. S\u00f3 cabra bom. Todos eles votaram pelo arquivamento da den\u00fancia. A indigna\u00e7\u00e3o do MBL contra a corrup\u00e7\u00e3o n\u00e3o resiste a uma googlada.Mas n\u00e3o foram apenas nossos jovens liberais que ficaram satisfeitos com a vit\u00f3ria de Temer. Teve um procurador da Rep\u00fablica que n\u00e3o disfar\u00e7ou o desd\u00e9m diante da den\u00fancia do MPF\u00a0\u2014\u00a0do qual faz parte\u00a0\u2014\u00a0e publicou tweets constrangedores em defesa do governo Temer.<\/p>\n<\/div>\n<div class=\"Tweet\" data-reactid=\".ti.1.0.1.2.0.0.1.0.4.$tweet-1\">\n<div class=\"SandboxRoot env-bp-350\" data-twitter-event-id=\"0\">\n<div id=\"twitter-widget-0\" class=\"EmbeddedTweet EmbeddedTweet--edge EmbeddedTweet--mediaForward media-forward js-clickToOpenTarget js-tweetIdInfo tweet-InformationCircle-widgetParent\" lang=\"pt\" data-click-to-open-target=\"https:\/\/twitter.com\/AiltonBenedito\/status\/923288858392973313\" data-iframe-title=\"Tweet do Twitter\" data-dt-full=\"%{hours24}: %{minutes} - %{day} %{month} %{year} \" data-dt-explicit-timestamp=\"16:43 - 25 de out de 2017\" data-dt-months=\"jan|fev|mar|abr|maio|jun|jul|ago|set|out|nov|dez\" data-dt-am=\"AM\" data-dt-pm=\"PM\" data-dt-now=\"agora\" data-dt-s=\"s\" data-dt-m=\"m\" data-dt-h=\"h\" data-dt-second=\"segundo\" data-dt-seconds=\"segundos\" data-dt-minute=\"minuto\" data-dt-minutes=\"minutos\" data-dt-hour=\"hora\" data-dt-hours=\"horas\" data-dt-abbr=\"%{number}%{symbol}\" data-dt-short=\"%{day} %{month}\" data-dt-long=\"%{day} %{month} %{year}\" data-scribe=\"page:tweet\" data-tweet-id=\"923288858392973313\" data-twitter-event-id=\"3\">\n<article class=\"MediaCard MediaCard--mediaForward customisable-border\" dir=\"ltr\" data-scribe=\"component:card\">\n<div class=\"MediaCard-media\">\n<p><a class=\"MediaCard-borderOverlay\" tabindex=\"-1\" title=\"Ver imagem no Twitter\" href=\"https:\/\/twitter.com\/AiltonBenedito\/status\/923288858392973313\/photo\/1\"><span class=\"u-hiddenVisually\">Ver imagem no Twitter<\/span><\/a><\/p>\n<div class=\"MediaCard-widthConstraint js-cspForcedStyle\" data-style=\"max-width: 686px\">\n<div class=\"MediaCard-mediaContainer js-cspForcedStyle\" data-style=\"padding-bottom: 100.0000%\"><a class=\"MediaCard-mediaAsset NaturalImage \" href=\"https:\/\/twitter.com\/AiltonBenedito\/status\/923288858392973313\/photo\/1\" data-scribe=\"element:photo\"><img loading=\"lazy\" decoding=\"async\" class=\"NaturalImage-image\" title=\"Ver imagem no Twitter\" src=\"https:\/\/pbs.twimg.com\/media\/DNAuUKRX4AEVUVo.jpg:small\" alt=\"Ver imagem no Twitter\" width=\"686\" height=\"686\" data-srcset=\"https%3A%2F%2Fpbs.twimg.com%2Fmedia%2FDNAuUKRX4AEVUVo.jpg%3Alarge 686w,https%3A%2F%2Fpbs.twimg.com%2Fmedia%2FDNAuUKRX4AEVUVo.jpg 686w,https%3A%2F%2Fpbs.twimg.com%2Fmedia%2FDNAuUKRX4AEVUVo.jpg%3Asmall 680w\" \/><\/a><\/div>\n<\/div>\n<\/div>\n<\/article>\n<div class=\"EmbeddedTweet-tweet\"><\/div>\n<\/div>\n<div class=\"resize-sensor\"><\/div>\n<\/div>\n<\/div>\n<div data-reactid=\".ti.1.0.1.2.0.0.1.0.4.$p-2\"><\/div>\n<div class=\"Tweet\" data-reactid=\".ti.1.0.1.2.0.0.1.0.4.$tweet-3\">\n<div class=\"SandboxRoot env-bp-350\" data-twitter-event-id=\"1\">\n<div id=\"twitter-widget-1\" class=\"EmbeddedTweet EmbeddedTweet--edge js-clickToOpenTarget tweet-InformationCircle-widgetParent\" lang=\"pt\" data-click-to-open-target=\"https:\/\/twitter.com\/AiltonBenedito\/status\/923495003875356673\" data-iframe-title=\"Tweet do Twitter\" data-dt-full=\"%{hours24}: %{minutes} - %{day} %{month} %{year} \" data-dt-explicit-timestamp=\"06:22 - 26 de out de 2017\" data-dt-months=\"jan|fev|mar|abr|maio|jun|jul|ago|set|out|nov|dez\" data-dt-am=\"AM\" data-dt-pm=\"PM\" data-dt-now=\"agora\" data-dt-s=\"s\" data-dt-m=\"m\" data-dt-h=\"h\" data-dt-second=\"segundo\" data-dt-seconds=\"segundos\" data-dt-minute=\"minuto\" data-dt-minutes=\"minutos\" data-dt-hour=\"hora\" data-dt-hours=\"horas\" data-dt-abbr=\"%{number}%{symbol}\" data-dt-short=\"%{day} %{month}\" data-dt-long=\"%{day} %{month} %{year}\" data-scribe=\"page:tweet\" data-twitter-event-id=\"2\">\n<div class=\"EmbeddedTweet-tweet\">\n<blockquote class=\"Tweet h-entry js-tweetIdInfo subject expanded is-deciderHtmlWhitespace\" cite=\"https:\/\/twitter.com\/AiltonBenedito\/status\/923495003875356673\" data-tweet-id=\"923495003875356673\" data-scribe=\"section:subject\">\n<div class=\"Tweet-header u-cf\">\n<div class=\"Tweet-brand u-floatRight\">\n<div class=\"Icon Icon--twitter \" title=\"Ver no Twitter\"><\/div>\n<p><span class=\"u-hiddenInNarrowEnv\"><a class=\"FollowButton FollowButton--edge follow-button profile\" title=\"Siga Ailton Benedito no Twitter\" href=\"https:\/\/twitter.com\/AiltonBenedito\" data-scribe=\"component:followbutton\">\u00a0O Estad\u00e3o, jornal que virou uma esp\u00e9cie de voz do Brasil impressa, mais uma vez abusou do \u201cchap<\/a><\/span>abranquismo\u201d e, sem medo de ser feliz, saudou a for\u00e7a pol\u00edtica de Temer na C\u00e2mara em\u00a0<a href=\"http:\/\/opiniao.estadao.com.br\/noticias\/geral,demonstracao-de-forca,70002062222\" target=\"_blank\">editorial<\/a>. Assim como o procurador da Rep\u00fablica, o jornal\u00e3o culpou as redes sociais e Janot por atrapalharem o bom andamento do governo Temer:<\/p>\n<\/div>\n<\/div>\n<\/blockquote>\n<\/div>\n<\/div>\n<\/div>\n<\/div>\n<div data-reactid=\".ti.1.0.1.2.0.0.1.0.4.$p-4\">\n<blockquote><p>\u201c\u2026a l\u00f3gica das redes sociais, cujo norte s\u00e3o a histeria e a produ\u00e7\u00e3o prof\u00edcua das famosas fake news, e pelo messianismo de alguns procuradores da Rep\u00fablica, que parecem dispostos a denunciar todos os pol\u00edticos como corruptos. Quando a\u00a0<b>realidade da natural negocia\u00e7\u00e3o pol\u00edtica<\/b>\u00a0entre governo e Congresso Nacional se imp\u00f5e, como no caso das articula\u00e7\u00f5es para rejeitar as den\u00fancias contra Temer, essa l\u00f3gica singela entra em parafuso.\u201d<\/p><\/blockquote>\n<p>\u00c9 a dancinha do Marun em forma de editorial. O jornal da fam\u00edlia Mesquita considera uma \u201cnatural negocia\u00e7\u00e3o pol\u00edtica\u201d arrega\u00e7ar os cofres p\u00fablicos para abafar uma investiga\u00e7\u00e3o com graves ind\u00edcios de corrup\u00e7\u00e3o contra o presidente. Aquele fervor de outrora, quando Dilma lan\u00e7ou m\u00e3o da mesma estrat\u00e9gia para interromper o processo de impeachment, evaporou. O tom deste<a href=\"http:\/\/opiniao.estadao.com.br\/noticias\/geral,o-grande-derrotado,10000026901\" target=\"_blank\">\u00a0editorial de abril<\/a>\u00a0do ano passado mostra que a opini\u00e3o dos Mesquita muda de acordo com quem est\u00e1 no poder:<\/p>\n<blockquote><p>\u201cNum quarto de hotel, como se l\u00e1 estivesse para encontros clandestinos, Lula tentou comprar a salva\u00e7\u00e3o de Dilma oferecendo cargos e verbas a deputados. Mas nem o tal\u00e3o de cheques do governo nem a c\u00e9lebre l\u00e1bia de Lula tiveram serventia\u201d<\/p><\/blockquote>\n<p>Antes era compra de votos, hoje \u00e9 uma \u201cnatural negocia\u00e7\u00e3o pol\u00edtica\u201d. O Estad\u00e3o se revolta quando votos s\u00e3o barganhados para impedir impeachment por pedaladas fiscais, mas acha muito natural que a mesma estrat\u00e9gia seja utilizada para proteger um presidente acusado de corrup\u00e7\u00e3o passiva e forma\u00e7\u00e3o de quadrilha.<\/p>\n<p>\u201cTudo est\u00e1 no seu lugar. Gra\u00e7as a Deus. Gra\u00e7as a Deus\u201d. E assim, dan\u00e7ando e cantarolando, Michel Temer e sua turma v\u00e3o caminhando para terminar seu mandato gra\u00e7as ao sucesso do Grande Acordo Nacional. Com compra de votos, com MBL, com Estad\u00e3o, com tudo.<\/p>\n<\/div>\n<\/div>\n<p><!--more--><\/p>\n<p><!--more--><\/p>\n<p><!--more--><\/p>\n<p><!--more--><\/p>\n<div class=\"Post-contact Post-contact--1\" data-reactid=\".ti.1.0.1.2.0.0.1.0.a\"><\/div>\n","protected":false},"excerpt":{"rendered":"<p>SUCESSO EM PLENA\u00a0ditadura militar, o samba-brega\u00a0\u201cTudo est\u00e1 em seu lugar\u201d\u00a0de Benito di Paula causou desconfian\u00e7a \u00e0 \u00e9poca. N\u00e3o s\u00f3 pela qualidade duvidosa, mas pelo conte\u00fado da letra. O refr\u00e3o repetido exaustivamente \u201cTudo est\u00e1 no seu lugar. Gra\u00e7as a Deus\u201d cheirava mal numa \u00e9poca em que tudo estava fora do lugar e apenas os militares e&#8230;<a class=\"more-link\" href=\"http:\/\/blogdalucianaoliveira.com.br\/blog\/2017\/10\/29\/14640\/\">Continue a leitura <span class=\"meta-nav\">&raquo;<\/span><\/a><\/p>\n","protected":false},"author":1,"featured_media":0,"comment_status":"closed","ping_status":"open","sticky":false,"template":"","format":"standard","meta":{"_exactmetrics_skip_tracking":false,"_exactmetrics_sitenote_active":false,"_exactmetrics_sitenote_note":"","_exactmetrics_sitenote_category":0,"jetpack_post_was_ever_published":false,"_jetpack_newsletter_access":"","_jetpack_dont_email_post_to_subs":false,"_jetpack_newsletter_tier_id":0,"_jetpack_memberships_contains_paywalled_content":false,"_jetpack_memberships_contains_paid_content":false,"footnotes":"","jetpack_publicize_message":"","jetpack_publicize_feature_enabled":true,"jetpack_social_post_already_shared":true,"jetpack_social_options":{"image_generator_settings":{"template":"highway","enabled":false},"version":2}},"categories":[1],"tags":[],"class_list":["post-14640","post","type-post","status-publish","format-standard","hentry","category-notas"],"jetpack_publicize_connections":[],"jetpack_sharing_enabled":true,"jetpack_featured_media_url":"","jetpack_shortlink":"https:\/\/wp.me\/s7wKYW-14640","jetpack-related-posts":[],"_links":{"self":[{"href":"http:\/\/blogdalucianaoliveira.com.br\/blog\/wp-json\/wp\/v2\/posts\/14640","targetHints":{"allow":["GET"]}}],"collection":[{"href":"http:\/\/blogdalucianaoliveira.com.br\/blog\/wp-json\/wp\/v2\/posts"}],"about":[{"href":"http:\/\/blogdalucianaoliveira.com.br\/blog\/wp-json\/wp\/v2\/types\/post"}],"author":[{"embeddable":true,"href":"http:\/\/blogdalucianaoliveira.com.br\/blog\/wp-json\/wp\/v2\/users\/1"}],"replies":[{"embeddable":true,"href":"http:\/\/blogdalucianaoliveira.com.br\/blog\/wp-json\/wp\/v2\/comments?post=14640"}],"version-history":[{"count":4,"href":"http:\/\/blogdalucianaoliveira.com.br\/blog\/wp-json\/wp\/v2\/posts\/14640\/revisions"}],"predecessor-version":[{"id":14645,"href":"http:\/\/blogdalucianaoliveira.com.br\/blog\/wp-json\/wp\/v2\/posts\/14640\/revisions\/14645"}],"wp:attachment":[{"href":"http:\/\/blogdalucianaoliveira.com.br\/blog\/wp-json\/wp\/v2\/media?parent=14640"}],"wp:term":[{"taxonomy":"category","embeddable":true,"href":"http:\/\/blogdalucianaoliveira.com.br\/blog\/wp-json\/wp\/v2\/categories?post=14640"},{"taxonomy":"post_tag","embeddable":true,"href":"http:\/\/blogdalucianaoliveira.com.br\/blog\/wp-json\/wp\/v2\/tags?post=14640"}],"curies":[{"name":"wp","href":"https:\/\/api.w.org\/{rel}","templated":true}]}}