{"id":14674,"date":"2017-10-30T18:06:41","date_gmt":"2017-10-30T22:06:41","guid":{"rendered":"http:\/\/blogdalucianaoliveira.com.br\/blog\/?p=14674"},"modified":"2017-10-30T21:23:57","modified_gmt":"2017-10-31T01:23:57","slug":"campanha-arrecada-doacoes-ao-centro-de-apoio-dos-doutores-sem-fronteiras","status":"publish","type":"post","link":"http:\/\/blogdalucianaoliveira.com.br\/blog\/2017\/10\/30\/campanha-arrecada-doacoes-ao-centro-de-apoio-dos-doutores-sem-fronteiras\/","title":{"rendered":"CAMPANHA ARRECADA DOA\u00c7\u00d5ES AO CENTRO DE APOIO DOS DOUTORES SEM FRONTEIRAS\u00a0"},"content":{"rendered":"<p><!--more--><br \/>\n<img data-recalc-dims=\"1\" loading=\"lazy\" decoding=\"async\" data-attachment-id=\"14675\" data-permalink=\"http:\/\/blogdalucianaoliveira.com.br\/blog\/2017\/10\/30\/campanha-arrecada-doacoes-ao-centro-de-apoio-dos-doutores-sem-fronteiras\/cen-3\/\" data-orig-file=\"https:\/\/i0.wp.com\/blogdalucianaoliveira.com.br\/blog\/wp-content\/uploads\/2017\/10\/cen.jpg?fit=960%2C636\" data-orig-size=\"960,636\" data-comments-opened=\"0\" data-image-meta=\"{&quot;aperture&quot;:&quot;0&quot;,&quot;credit&quot;:&quot;&quot;,&quot;camera&quot;:&quot;&quot;,&quot;caption&quot;:&quot;&quot;,&quot;created_timestamp&quot;:&quot;0&quot;,&quot;copyright&quot;:&quot;&quot;,&quot;focal_length&quot;:&quot;0&quot;,&quot;iso&quot;:&quot;0&quot;,&quot;shutter_speed&quot;:&quot;0&quot;,&quot;title&quot;:&quot;&quot;,&quot;orientation&quot;:&quot;0&quot;}\" data-image-title=\"cen\" data-image-description=\"\" data-image-caption=\"\" data-medium-file=\"https:\/\/i0.wp.com\/blogdalucianaoliveira.com.br\/blog\/wp-content\/uploads\/2017\/10\/cen.jpg?fit=300%2C199\" data-large-file=\"https:\/\/i0.wp.com\/blogdalucianaoliveira.com.br\/blog\/wp-content\/uploads\/2017\/10\/cen.jpg?fit=600%2C398\" class=\"alignnone size-full wp-image-14675\" src=\"https:\/\/i0.wp.com\/blogdalucianaoliveira.com.br\/blog\/wp-content\/uploads\/2017\/10\/cen.jpg?resize=600%2C398\" alt=\"cen\" width=\"600\" height=\"398\" srcset=\"https:\/\/i0.wp.com\/blogdalucianaoliveira.com.br\/blog\/wp-content\/uploads\/2017\/10\/cen.jpg?w=960 960w, https:\/\/i0.wp.com\/blogdalucianaoliveira.com.br\/blog\/wp-content\/uploads\/2017\/10\/cen.jpg?resize=300%2C199 300w, https:\/\/i0.wp.com\/blogdalucianaoliveira.com.br\/blog\/wp-content\/uploads\/2017\/10\/cen.jpg?resize=768%2C509 768w, https:\/\/i0.wp.com\/blogdalucianaoliveira.com.br\/blog\/wp-content\/uploads\/2017\/10\/cen.jpg?resize=453%2C300 453w\" sizes=\"auto, (max-width: 600px) 100vw, 600px\" \/><\/p>\n<p><strong>O terreno para a constru\u00e7\u00e3o do Centro que ampliar\u00e1 o atendimento odontol\u00f3gico na regi\u00e3o do baixo Madeira foi doado e as funda\u00e7\u00f5es erguidas pela comunidade e membros da equipe dos Doutores Sem Fronteiras.<!--more--><\/p>\n<p><strong>Quando as \u00e1guas do rio subirem, o transporte de madeira tamb\u00e9m doada, ser\u00e1 feito com seguran\u00e7a.<\/strong><\/p>\n<p><strong>Mas, para o Centro de Apoio ficar pronto \u00e9 preciso que muitos ajudem com doa\u00e7\u00f5es.<\/strong><\/p>\n<p><strong>Duas etapas de campanhas de arrecada\u00e7\u00e3o est\u00e3o em andamento.<\/strong><\/p>\n<p><strong>\u00a0<\/strong><strong>A primeira \u00e9 para conseguir quem doe telhas, caixa d&#8217;\u00e1gua, fios, tomadas, janelas, portas, pias, vasos sanit\u00e1rios, divis\u00f3rias de PVC, forro, fog\u00e3o, geladeira, torneira, central de ar e qualquer mob\u00edlia \u00fatil ao Centro.<\/strong><\/p>\n<p><strong>A segunda etapa ser\u00e1 focada na doa\u00e7\u00e3o de cadeiras odontol\u00f3gicas que ser\u00e3o utilizadas nas regi\u00f5es ribeirinhas e tamb\u00e9m em aldeias ind\u00edgenas com a Campanha Sorrisos da Amaz\u00f4nia, feita em parceria com a Kanind\u00e9, Associa\u00e7\u00e3o de Defesa Etnoambiental.<\/strong><\/p>\n<p><strong>H\u00e1 quatro anos a equipe dos DSF vem a Porto Velho atender ribeirinhos e no \u00faltimo m\u00eas de julho tamb\u00e9m se deslocou \u00e0 aldeias ind\u00edgenas na regi\u00e3o central do estado. <\/strong><\/p>\n<p><strong>S\u00f3 este ano, foram mais de 800 procedimentos dent\u00e1rios nas aldeias e quase 3 mil nas comunidades ribeirinhas, muitos para tratamento de canal.<\/strong><\/p>\n<p><img data-recalc-dims=\"1\" loading=\"lazy\" decoding=\"async\" data-attachment-id=\"14677\" data-permalink=\"http:\/\/blogdalucianaoliveira.com.br\/blog\/2017\/10\/30\/campanha-arrecada-doacoes-ao-centro-de-apoio-dos-doutores-sem-fronteiras\/den1\/\" data-orig-file=\"https:\/\/i0.wp.com\/blogdalucianaoliveira.com.br\/blog\/wp-content\/uploads\/2017\/10\/den1.jpg?fit=960%2C639\" data-orig-size=\"960,639\" data-comments-opened=\"0\" data-image-meta=\"{&quot;aperture&quot;:&quot;0&quot;,&quot;credit&quot;:&quot;&quot;,&quot;camera&quot;:&quot;&quot;,&quot;caption&quot;:&quot;&quot;,&quot;created_timestamp&quot;:&quot;0&quot;,&quot;copyright&quot;:&quot;&quot;,&quot;focal_length&quot;:&quot;0&quot;,&quot;iso&quot;:&quot;0&quot;,&quot;shutter_speed&quot;:&quot;0&quot;,&quot;title&quot;:&quot;&quot;,&quot;orientation&quot;:&quot;0&quot;}\" data-image-title=\"den1\" data-image-description=\"\" data-image-caption=\"\" data-medium-file=\"https:\/\/i0.wp.com\/blogdalucianaoliveira.com.br\/blog\/wp-content\/uploads\/2017\/10\/den1.jpg?fit=300%2C200\" data-large-file=\"https:\/\/i0.wp.com\/blogdalucianaoliveira.com.br\/blog\/wp-content\/uploads\/2017\/10\/den1.jpg?fit=600%2C399\" class=\"alignnone size-full wp-image-14677\" src=\"https:\/\/i0.wp.com\/blogdalucianaoliveira.com.br\/blog\/wp-content\/uploads\/2017\/10\/den1.jpg?resize=600%2C399\" alt=\"den1\" width=\"600\" height=\"399\" srcset=\"https:\/\/i0.wp.com\/blogdalucianaoliveira.com.br\/blog\/wp-content\/uploads\/2017\/10\/den1.jpg?w=960 960w, https:\/\/i0.wp.com\/blogdalucianaoliveira.com.br\/blog\/wp-content\/uploads\/2017\/10\/den1.jpg?resize=300%2C200 300w, https:\/\/i0.wp.com\/blogdalucianaoliveira.com.br\/blog\/wp-content\/uploads\/2017\/10\/den1.jpg?resize=768%2C511 768w, https:\/\/i0.wp.com\/blogdalucianaoliveira.com.br\/blog\/wp-content\/uploads\/2017\/10\/den1.jpg?resize=451%2C300 451w\" sizes=\"auto, (max-width: 600px) 100vw, 600px\" \/><\/p>\n<p><strong>\u00a0<\/strong><\/p>\n<p><strong>O desafio \u00e9 provar poss\u00edvel um atendimento que custa caro, a custo zero \u00e0s comunidades de regi\u00f5es de dif\u00edcil acesso.<\/strong><\/p>\n<p><img data-recalc-dims=\"1\" loading=\"lazy\" decoding=\"async\" data-attachment-id=\"14676\" data-permalink=\"http:\/\/blogdalucianaoliveira.com.br\/blog\/2017\/10\/30\/campanha-arrecada-doacoes-ao-centro-de-apoio-dos-doutores-sem-fronteiras\/den\/\" data-orig-file=\"https:\/\/i0.wp.com\/blogdalucianaoliveira.com.br\/blog\/wp-content\/uploads\/2017\/10\/den.png?fit=581%2C581\" data-orig-size=\"581,581\" data-comments-opened=\"0\" data-image-meta=\"{&quot;aperture&quot;:&quot;0&quot;,&quot;credit&quot;:&quot;&quot;,&quot;camera&quot;:&quot;&quot;,&quot;caption&quot;:&quot;&quot;,&quot;created_timestamp&quot;:&quot;0&quot;,&quot;copyright&quot;:&quot;&quot;,&quot;focal_length&quot;:&quot;0&quot;,&quot;iso&quot;:&quot;0&quot;,&quot;shutter_speed&quot;:&quot;0&quot;,&quot;title&quot;:&quot;&quot;,&quot;orientation&quot;:&quot;0&quot;}\" data-image-title=\"den\" data-image-description=\"\" data-image-caption=\"\" data-medium-file=\"https:\/\/i0.wp.com\/blogdalucianaoliveira.com.br\/blog\/wp-content\/uploads\/2017\/10\/den.png?fit=300%2C300\" data-large-file=\"https:\/\/i0.wp.com\/blogdalucianaoliveira.com.br\/blog\/wp-content\/uploads\/2017\/10\/den.png?fit=581%2C581\" class=\"alignnone size-full wp-image-14676\" src=\"https:\/\/i0.wp.com\/blogdalucianaoliveira.com.br\/blog\/wp-content\/uploads\/2017\/10\/den.png?resize=581%2C581\" alt=\"den\" width=\"581\" height=\"581\" srcset=\"https:\/\/i0.wp.com\/blogdalucianaoliveira.com.br\/blog\/wp-content\/uploads\/2017\/10\/den.png?w=581 581w, https:\/\/i0.wp.com\/blogdalucianaoliveira.com.br\/blog\/wp-content\/uploads\/2017\/10\/den.png?resize=150%2C150 150w, https:\/\/i0.wp.com\/blogdalucianaoliveira.com.br\/blog\/wp-content\/uploads\/2017\/10\/den.png?resize=300%2C300 300w\" sizes=\"auto, (max-width: 581px) 100vw, 581px\" \/><\/p>\n<p><strong>Com o Centro de Apoio no distrito de Nazar\u00e9 e a aquisi\u00e7\u00e3o de mais cadeiras odontol\u00f3gicas, al\u00e9m do atendimento ampliado, futuros dentistas tamb\u00e9m poder\u00e3o participar do projeto.<\/strong><\/p>\n<p>&nbsp;<\/p>\n<div class=\"fb-video\" data-allowfullscreen=\"true\" data-href=\"https:\/\/www.facebook.com\/doutoressemfronteiras\/videos\/1270545163074272\/\"><\/div>\n<p><strong>A aprendizagem e a boa a\u00e7\u00e3o poder\u00e1 ser compartilhada com estudantes locais.<\/strong><\/p>\n<p><strong>Os Doutores Sem Fronteiras possuem p\u00e1gina no Facebook e tamb\u00e9m o site www.dsf.org.br. Quem preferir pode usar tamb\u00e9m o e-mail apoie@dsf.org.br.<\/strong><\/p>\n<p>A previs\u00e3o \u00e9 a de que o Centro no distrito ribeirinho de Nazar\u00e9 seja inaugurado em julho de 2018, por isso \u00e9 fundamental que as doa\u00e7\u00f5es do material necess\u00e1rio \u00e0 constru\u00e7\u00e3o sejam feitas.<\/p>\n<p><strong>Este blog tamb\u00e9m est\u00e1 engajado na campanha para dar informa\u00e7\u00f5es e recolher arrecada\u00e7\u00f5es.<\/strong><\/p>\n<div class=\"fb-post\" data-href=\"https:\/\/www.facebook.com\/luciana.oliveira.75457\/posts\/1504543726288192\" data-width=\"552\"><\/div>\n<p>&nbsp;<\/p>\n<p>&nbsp;<\/p>\n","protected":false},"excerpt":{"rendered":"","protected":false},"author":1,"featured_media":0,"comment_status":"closed","ping_status":"open","sticky":false,"template":"","format":"standard","meta":{"_exactmetrics_skip_tracking":false,"_exactmetrics_sitenote_active":false,"_exactmetrics_sitenote_note":"","_exactmetrics_sitenote_category":0,"jetpack_post_was_ever_published":false,"_jetpack_newsletter_access":"","_jetpack_dont_email_post_to_subs":false,"_jetpack_newsletter_tier_id":0,"_jetpack_memberships_contains_paywalled_content":false,"_jetpack_memberships_contains_paid_content":false,"footnotes":"","jetpack_publicize_message":"","jetpack_publicize_feature_enabled":true,"jetpack_social_post_already_shared":true,"jetpack_social_options":{"image_generator_settings":{"template":"highway","enabled":false},"version":2}},"categories":[1],"tags":[],"class_list":["post-14674","post","type-post","status-publish","format-standard","hentry","category-notas"],"jetpack_publicize_connections":[],"jetpack_sharing_enabled":true,"jetpack_featured_media_url":"","jetpack_shortlink":"https:\/\/wp.me\/p7wKYW-3OG","jetpack-related-posts":[],"_links":{"self":[{"href":"http:\/\/blogdalucianaoliveira.com.br\/blog\/wp-json\/wp\/v2\/posts\/14674","targetHints":{"allow":["GET"]}}],"collection":[{"href":"http:\/\/blogdalucianaoliveira.com.br\/blog\/wp-json\/wp\/v2\/posts"}],"about":[{"href":"http:\/\/blogdalucianaoliveira.com.br\/blog\/wp-json\/wp\/v2\/types\/post"}],"author":[{"embeddable":true,"href":"http:\/\/blogdalucianaoliveira.com.br\/blog\/wp-json\/wp\/v2\/users\/1"}],"replies":[{"embeddable":true,"href":"http:\/\/blogdalucianaoliveira.com.br\/blog\/wp-json\/wp\/v2\/comments?post=14674"}],"version-history":[{"count":15,"href":"http:\/\/blogdalucianaoliveira.com.br\/blog\/wp-json\/wp\/v2\/posts\/14674\/revisions"}],"predecessor-version":[{"id":14698,"href":"http:\/\/blogdalucianaoliveira.com.br\/blog\/wp-json\/wp\/v2\/posts\/14674\/revisions\/14698"}],"wp:attachment":[{"href":"http:\/\/blogdalucianaoliveira.com.br\/blog\/wp-json\/wp\/v2\/media?parent=14674"}],"wp:term":[{"taxonomy":"category","embeddable":true,"href":"http:\/\/blogdalucianaoliveira.com.br\/blog\/wp-json\/wp\/v2\/categories?post=14674"},{"taxonomy":"post_tag","embeddable":true,"href":"http:\/\/blogdalucianaoliveira.com.br\/blog\/wp-json\/wp\/v2\/tags?post=14674"}],"curies":[{"name":"wp","href":"https:\/\/api.w.org\/{rel}","templated":true}]}}