{"id":14692,"date":"2017-10-30T19:13:59","date_gmt":"2017-10-30T23:13:59","guid":{"rendered":"http:\/\/blogdalucianaoliveira.com.br\/blog\/?p=14692"},"modified":"2017-10-30T19:13:59","modified_gmt":"2017-10-30T23:13:59","slug":"segundo-a-juiza-o-brilhantismo-de-caetano-ameacaria-seguranca","status":"publish","type":"post","link":"http:\/\/blogdalucianaoliveira.com.br\/blog\/2017\/10\/30\/segundo-a-juiza-o-brilhantismo-de-caetano-ameacaria-seguranca\/","title":{"rendered":"Segundo a ju\u00edza, o &#8220;brilhantismo&#8221; de Caetano amea\u00e7aria seguran\u00e7a"},"content":{"rendered":"<p><img data-recalc-dims=\"1\" loading=\"lazy\" decoding=\"async\" data-attachment-id=\"14693\" data-permalink=\"http:\/\/blogdalucianaoliveira.com.br\/blog\/2017\/10\/30\/segundo-a-juiza-o-brilhantismo-de-caetano-ameacaria-seguranca\/cae-2\/\" data-orig-file=\"https:\/\/i0.wp.com\/blogdalucianaoliveira.com.br\/blog\/wp-content\/uploads\/2017\/10\/cae.jpg?fit=1000%2C357\" data-orig-size=\"1000,357\" data-comments-opened=\"0\" data-image-meta=\"{&quot;aperture&quot;:&quot;0&quot;,&quot;credit&quot;:&quot;&quot;,&quot;camera&quot;:&quot;&quot;,&quot;caption&quot;:&quot;&quot;,&quot;created_timestamp&quot;:&quot;0&quot;,&quot;copyright&quot;:&quot;&quot;,&quot;focal_length&quot;:&quot;0&quot;,&quot;iso&quot;:&quot;0&quot;,&quot;shutter_speed&quot;:&quot;0&quot;,&quot;title&quot;:&quot;&quot;,&quot;orientation&quot;:&quot;0&quot;}\" data-image-title=\"cae\" data-image-description=\"\" data-image-caption=\"\" data-medium-file=\"https:\/\/i0.wp.com\/blogdalucianaoliveira.com.br\/blog\/wp-content\/uploads\/2017\/10\/cae.jpg?fit=300%2C107\" data-large-file=\"https:\/\/i0.wp.com\/blogdalucianaoliveira.com.br\/blog\/wp-content\/uploads\/2017\/10\/cae.jpg?fit=600%2C214\" class=\"alignnone size-full wp-image-14693\" src=\"https:\/\/i0.wp.com\/blogdalucianaoliveira.com.br\/blog\/wp-content\/uploads\/2017\/10\/cae.jpg?resize=600%2C214\" alt=\"cae\" width=\"600\" height=\"214\" srcset=\"https:\/\/i0.wp.com\/blogdalucianaoliveira.com.br\/blog\/wp-content\/uploads\/2017\/10\/cae.jpg?w=1000 1000w, https:\/\/i0.wp.com\/blogdalucianaoliveira.com.br\/blog\/wp-content\/uploads\/2017\/10\/cae.jpg?resize=300%2C107 300w, https:\/\/i0.wp.com\/blogdalucianaoliveira.com.br\/blog\/wp-content\/uploads\/2017\/10\/cae.jpg?resize=768%2C274 768w, https:\/\/i0.wp.com\/blogdalucianaoliveira.com.br\/blog\/wp-content\/uploads\/2017\/10\/cae.jpg?resize=800%2C286 800w\" sizes=\"auto, (max-width: 600px) 100vw, 600px\" \/><\/p>\n<p>JU\u00cdZA PRO\u00cdBE SHOW DE CAETANO EM ASSENTAMENTO ALEGANDO INSEGURAN\u00c7A<\/p>\n<p><strong>Da\u00a0<a href=\"https:\/\/www.revistaforum.com.br\/2017\/10\/30\/justica-proibe-show-de-caetano-em-ocupacao-do-mtst\/\" target=\"_blank\">Revista F\u00f3rum<\/a><\/strong>\u00a0&#8211; A prefeitura de S\u00e3o Bernardo do Campo (SP), que\u00a0<a href=\"https:\/\/www.revistaforum.com.br\/2017\/10\/30\/prefeito-de-sao-bernardo-impede-passagem-de-equipamentos-para-show-de-caetano-em-ocupacao\/\">embargou o show de Caetano Veloso<\/a>\u00a0na ocupa\u00e7\u00e3o Povo Sem Medo ao colocar a Guarda Civil Municipal e a Pol\u00edcia Militar para impedir a entrada de geradores e equipamentos, seguiu o cumprimento de uma ordem judicial.<!--more--><\/p>\n<p>A Justi\u00e7a proibiu a apresenta\u00e7\u00e3o do artista atrav\u00e9s de decis\u00e3o proferida pela ju\u00edza Ida In\u00eas Del Cid, da 2\u00aa Vara da Fazenda P\u00fablica de S\u00e3o Bernardo do Campo, no final da tarde desta segunda-feira (30). O show seria realizado \u00e0s 19h30.<\/p>\n<p>A proibi\u00e7\u00e3o foi motivada por uma a\u00e7\u00e3o civil p\u00fablica apresentada pelo Minist\u00e9rio P\u00fablico estadual, que pediu a interdi\u00e7\u00e3o do show sob pena de multa de R$ 500 mil.<\/p>\n<p>Uma comitiva de artistas composta por nomes como Alinne Moraes, Sonia Braga, Leticia Sabatella e Marina Person tentaram negociar \u2013 sem sucesso \u2013 com a prefeitura a libera\u00e7\u00e3o do show.<\/p>\n<div class=\"code-block code-block-1 ai-viewport-1\"><\/div>\n<p>A apresenta\u00e7\u00e3o faria parte de uma mobiliza\u00e7\u00e3o de artistas liderada pela produtora Paula Lavigne que vem protestando contra uma s\u00e9rie de retirada de direitos do governo Temer e declarando apoio \u00e0 causas sociais, como \u00e9 a pauta da moradia reivindicada pelo MTST.<\/p>\n<p>A ocupa\u00e7\u00e3o em quest\u00e3o est\u00e1 situada em um terreno privado e ocioso e conta com 6.500 fam\u00edlias.<\/p>\n<p>Em nota enviada \u00e0\u00a0<strong>F\u00f3rum<\/strong>, a prefeitura de S\u00e3o Bernardo do Campo chamou a ocupa\u00e7\u00e3o de \u201cinvas\u00e3o\u201d e informou que Caetano Veloso poder\u00e1 se apresentar na cidade em qualquer outra ocasi\u00e3o, desde que a produ\u00e7\u00e3o do show cumpra com os quesitos de seguran\u00e7a pr\u00e9-estabelecidos.<\/p>\n<p>Confira, abaixo, a \u00edntegra da decis\u00e3o da Justi\u00e7a.<\/p>\n<p><em>Vistos.Trata-se de a\u00e7\u00e3o civil p\u00fablica, onde o Minist\u00e9rio P\u00fablico pede tutela provis\u00f3ria de urg\u00eancia, para n\u00e3o realiza\u00e7\u00e3o de show art\u00edstico, que seria realizado em local que foi ocupado, e que est\u00e1 sub j\u00fadice referida ocupa\u00e7\u00e3o.\u00c9 local que n\u00e3o possui estrutura a suportar show, mormente para artistas da envergadura de Caetano Veloso, um dos requeridos nesta a\u00e7\u00e3o. Seu brilhantismo atrair\u00e1 muitas pessoas para o local, o que certamente colocaria em risco estas mesmas, porque, como ressaltado, n\u00e3o h\u00e1 estrutura para shows, ainda mais, de artista t\u00e3o querido pelo p\u00fablico, por interpretar can\u00e7\u00f5es lind\u00edssimas, com voz inigual\u00e1vel. Destarte, o povo merece shows art\u00edsticos, mas desde que atendidos requisitos, que aqui n\u00e3o est\u00e3o presentes, conforme bem alegado pelo Minist\u00e9rio P\u00fablico. Destarte, e para salvaguardar a integridade das pessoas, bem como do artista, DEFIRO A TUTELA DE URG\u00caNCIA, PARA IMPEDIR A REALIZA\u00c7\u00c3O DE REFERIDO SHOW, desde j\u00e1 impondo multa de R$500.000,00 para cada um dos requeridos em caso de descumprimento desta ordem. Fica deferida ordem policial, caso necess\u00e1rio. No mais, citem-se. Intime-se.<\/em><\/p>\n","protected":false},"excerpt":{"rendered":"<p>JU\u00cdZA PRO\u00cdBE SHOW DE CAETANO EM ASSENTAMENTO ALEGANDO INSEGURAN\u00c7A Da\u00a0Revista F\u00f3rum\u00a0&#8211; A prefeitura de S\u00e3o Bernardo do Campo (SP), que\u00a0embargou o show de Caetano Veloso\u00a0na ocupa\u00e7\u00e3o Povo Sem Medo ao colocar a Guarda Civil Municipal e a Pol\u00edcia Militar para impedir a entrada de geradores e equipamentos, seguiu o cumprimento de uma ordem judicial.<\/p>\n","protected":false},"author":1,"featured_media":0,"comment_status":"closed","ping_status":"open","sticky":false,"template":"","format":"standard","meta":{"_exactmetrics_skip_tracking":false,"_exactmetrics_sitenote_active":false,"_exactmetrics_sitenote_note":"","_exactmetrics_sitenote_category":0,"jetpack_post_was_ever_published":false,"_jetpack_newsletter_access":"","_jetpack_dont_email_post_to_subs":false,"_jetpack_newsletter_tier_id":0,"_jetpack_memberships_contains_paywalled_content":false,"_jetpack_memberships_contains_paid_content":false,"footnotes":"","jetpack_publicize_message":"","jetpack_publicize_feature_enabled":true,"jetpack_social_post_already_shared":true,"jetpack_social_options":{"image_generator_settings":{"template":"highway","enabled":false},"version":2}},"categories":[1],"tags":[],"class_list":["post-14692","post","type-post","status-publish","format-standard","hentry","category-notas"],"jetpack_publicize_connections":[],"jetpack_sharing_enabled":true,"jetpack_featured_media_url":"","jetpack_shortlink":"https:\/\/wp.me\/p7wKYW-3OY","jetpack-related-posts":[],"_links":{"self":[{"href":"http:\/\/blogdalucianaoliveira.com.br\/blog\/wp-json\/wp\/v2\/posts\/14692","targetHints":{"allow":["GET"]}}],"collection":[{"href":"http:\/\/blogdalucianaoliveira.com.br\/blog\/wp-json\/wp\/v2\/posts"}],"about":[{"href":"http:\/\/blogdalucianaoliveira.com.br\/blog\/wp-json\/wp\/v2\/types\/post"}],"author":[{"embeddable":true,"href":"http:\/\/blogdalucianaoliveira.com.br\/blog\/wp-json\/wp\/v2\/users\/1"}],"replies":[{"embeddable":true,"href":"http:\/\/blogdalucianaoliveira.com.br\/blog\/wp-json\/wp\/v2\/comments?post=14692"}],"version-history":[{"count":1,"href":"http:\/\/blogdalucianaoliveira.com.br\/blog\/wp-json\/wp\/v2\/posts\/14692\/revisions"}],"predecessor-version":[{"id":14694,"href":"http:\/\/blogdalucianaoliveira.com.br\/blog\/wp-json\/wp\/v2\/posts\/14692\/revisions\/14694"}],"wp:attachment":[{"href":"http:\/\/blogdalucianaoliveira.com.br\/blog\/wp-json\/wp\/v2\/media?parent=14692"}],"wp:term":[{"taxonomy":"category","embeddable":true,"href":"http:\/\/blogdalucianaoliveira.com.br\/blog\/wp-json\/wp\/v2\/categories?post=14692"},{"taxonomy":"post_tag","embeddable":true,"href":"http:\/\/blogdalucianaoliveira.com.br\/blog\/wp-json\/wp\/v2\/tags?post=14692"}],"curies":[{"name":"wp","href":"https:\/\/api.w.org\/{rel}","templated":true}]}}