{"id":14699,"date":"2017-10-31T09:22:04","date_gmt":"2017-10-31T13:22:04","guid":{"rendered":"http:\/\/blogdalucianaoliveira.com.br\/blog\/?p=14699"},"modified":"2017-10-31T09:22:04","modified_gmt":"2017-10-31T13:22:04","slug":"quem-e-o-grupo-que-mandou-flores-e-champanhe-para-aecio-apos-salvacao-no-senado","status":"publish","type":"post","link":"http:\/\/blogdalucianaoliveira.com.br\/blog\/2017\/10\/31\/quem-e-o-grupo-que-mandou-flores-e-champanhe-para-aecio-apos-salvacao-no-senado\/","title":{"rendered":"Quem \u00e9 o grupo que mandou flores e champanhe para A\u00e9cio ap\u00f3s salva\u00e7\u00e3o no Senado"},"content":{"rendered":"<p><img data-recalc-dims=\"1\" loading=\"lazy\" decoding=\"async\" data-attachment-id=\"14700\" data-permalink=\"http:\/\/blogdalucianaoliveira.com.br\/blog\/2017\/10\/31\/quem-e-o-grupo-que-mandou-flores-e-champanhe-para-aecio-apos-salvacao-no-senado\/aei\/\" data-orig-file=\"https:\/\/i0.wp.com\/blogdalucianaoliveira.com.br\/blog\/wp-content\/uploads\/2017\/10\/aei.jpg?fit=660%2C371\" data-orig-size=\"660,371\" data-comments-opened=\"0\" data-image-meta=\"{&quot;aperture&quot;:&quot;0&quot;,&quot;credit&quot;:&quot;&quot;,&quot;camera&quot;:&quot;&quot;,&quot;caption&quot;:&quot;&quot;,&quot;created_timestamp&quot;:&quot;0&quot;,&quot;copyright&quot;:&quot;&quot;,&quot;focal_length&quot;:&quot;0&quot;,&quot;iso&quot;:&quot;0&quot;,&quot;shutter_speed&quot;:&quot;0&quot;,&quot;title&quot;:&quot;&quot;,&quot;orientation&quot;:&quot;0&quot;}\" data-image-title=\"aei\" data-image-description=\"\" data-image-caption=\"\" data-medium-file=\"https:\/\/i0.wp.com\/blogdalucianaoliveira.com.br\/blog\/wp-content\/uploads\/2017\/10\/aei.jpg?fit=300%2C169\" data-large-file=\"https:\/\/i0.wp.com\/blogdalucianaoliveira.com.br\/blog\/wp-content\/uploads\/2017\/10\/aei.jpg?fit=600%2C337\" src=\"https:\/\/i0.wp.com\/blogdalucianaoliveira.com.br\/blog\/wp-content\/uploads\/2017\/10\/aei.jpg?resize=600%2C337\" alt=\"aei\" width=\"600\" height=\"337\" class=\"alignnone size-full wp-image-14700\" srcset=\"https:\/\/i0.wp.com\/blogdalucianaoliveira.com.br\/blog\/wp-content\/uploads\/2017\/10\/aei.jpg?w=660 660w, https:\/\/i0.wp.com\/blogdalucianaoliveira.com.br\/blog\/wp-content\/uploads\/2017\/10\/aei.jpg?resize=300%2C169 300w, https:\/\/i0.wp.com\/blogdalucianaoliveira.com.br\/blog\/wp-content\/uploads\/2017\/10\/aei.jpg?resize=534%2C300 534w\" sizes=\"auto, (max-width: 600px) 100vw, 600px\" \/><\/p>\n<p>Da BBC, por Mariana Alvim &#8211; H\u00e1 um ano, o sonho de um hoje restrito grupo de brasileiros parecia uma obviedade no mundo pol\u00edtico: uma nova candidatura de A\u00e9cio Neves \u00e0 presid\u00eancia, que, em 2014, rendeu ao tucano pouco mais de 51 milh\u00f5es de votos na disputa em que foi derrotado pela petista Dilma Rousseff.<!--more--><\/p>\n<p>Mas enquanto esta n\u00e3o vem, o movimento &#8220;Tucanos com A\u00e9cio em A\u00e7\u00e3o&#8221; teve a chance de brindar um feito mais modesto e resolveu enviar ao senador mineiro flores, champanhe e um cart\u00e3o em comemora\u00e7\u00e3o \u00e0 devolu\u00e7\u00e3o do seu mandato &#8211; decidida pelo Senado no \u00faltimo dia 17, revertendo o afastamento da Casa determinado pelo Supremo Tribunal Federal (STF) em meio a investiga\u00e7\u00f5es por corrup\u00e7\u00e3o. Diferente das manchetes negativas, A\u00e9cio teve uma tr\u00e9gua e p\u00f4de ler palavras de apoio.<br \/>\n&#8220;Seus eleitores e admiradores estar\u00e3o sempre torcendo por seu merecido sucesso e te acompanhando em cada passo desta caminhada. Desejamos v\u00ea-lo na Tribuna do Senado fazendo um belo e caloroso discurso que ser\u00e1 alentador para quem se solidarizou com voc\u00ea nestes dias t\u00e3o sombrios&#8221;, diz um trecho da mensagem enviada pelos Tucanos com A\u00e9cio em A\u00e7\u00e3o ao senador.<\/p>\n<p>Segundo sua &#8220;l\u00edder&#8221;, a estudante Walleska da Costa, de 28 anos, integrantes do grupo &#8211; que ela prefere n\u00e3o quantificar, mas que somam pouco mais de 1,2 mil no Facebook &#8211; fizeram uma vaquinha para comprar os mimos, encomendados em uma floricultura. A escolha pelo champanhe faz refer\u00eancia a um cap\u00edtulo de A\u00e9cio na Lava-Jato: o afastamento do senador de seu mandato, em setembro, determinado pela Primeira Turma do Supremo Tribunal Federal (STF) e derrubado pelo Senado na semana passada. Segundo o colunista da Rede TV! Reinaldo Azevedo, o ministro Lu\u00eds Roberto Barroso teria aberto uma garrafa de champanhe em seu gabinete ap\u00f3s votar pelo afastamento. Barroso nega o relato. O movimento quis dar a A\u00e9cio a chance de estourar a champanhe por \u00faltimo.<br \/>\n&#8220;O A\u00e9cio est\u00e1 sendo usado como bode expiat\u00f3rio. Lula e Gleisi [Hoffmann, senadora do PT] continuam soltos. J\u00e1 o A\u00e9cio est\u00e1 sempre sendo malhado, ent\u00e3o quisemos mandar um agrado de boas vindas&#8221;, aponta Costa, moradora do Rio Grande do Sul. &#8220;Em Minas Gerais, ele foi um excelente governador, com 92% de aprova\u00e7\u00e3o no final do mandato&#8221;.<br \/>\nPostagem da p\u00e1gina &#8216;A\u00e9cio Neves Tucanos Com A\u00e9cio Em A\u00e7\u00e3o&#8217; diz: &#8216;A\u00e9cio \u00e9 do bem\/Vamos virar esse jogo!&#8217;<\/p>\n<p><img data-recalc-dims=\"1\" loading=\"lazy\" decoding=\"async\" data-attachment-id=\"14701\" data-permalink=\"http:\/\/blogdalucianaoliveira.com.br\/blog\/2017\/10\/31\/quem-e-o-grupo-que-mandou-flores-e-champanhe-para-aecio-apos-salvacao-no-senado\/dob\/\" data-orig-file=\"https:\/\/i0.wp.com\/blogdalucianaoliveira.com.br\/blog\/wp-content\/uploads\/2017\/10\/dob.jpg?fit=624%2C683\" data-orig-size=\"624,683\" data-comments-opened=\"0\" data-image-meta=\"{&quot;aperture&quot;:&quot;0&quot;,&quot;credit&quot;:&quot;&quot;,&quot;camera&quot;:&quot;&quot;,&quot;caption&quot;:&quot;&quot;,&quot;created_timestamp&quot;:&quot;0&quot;,&quot;copyright&quot;:&quot;&quot;,&quot;focal_length&quot;:&quot;0&quot;,&quot;iso&quot;:&quot;0&quot;,&quot;shutter_speed&quot;:&quot;0&quot;,&quot;title&quot;:&quot;&quot;,&quot;orientation&quot;:&quot;0&quot;}\" data-image-title=\"dob\" data-image-description=\"\" data-image-caption=\"\" data-medium-file=\"https:\/\/i0.wp.com\/blogdalucianaoliveira.com.br\/blog\/wp-content\/uploads\/2017\/10\/dob.jpg?fit=274%2C300\" data-large-file=\"https:\/\/i0.wp.com\/blogdalucianaoliveira.com.br\/blog\/wp-content\/uploads\/2017\/10\/dob.jpg?fit=600%2C657\" src=\"https:\/\/i0.wp.com\/blogdalucianaoliveira.com.br\/blog\/wp-content\/uploads\/2017\/10\/dob.jpg?resize=600%2C657\" alt=\"dob\" width=\"600\" height=\"657\" class=\"alignnone size-full wp-image-14701\" srcset=\"https:\/\/i0.wp.com\/blogdalucianaoliveira.com.br\/blog\/wp-content\/uploads\/2017\/10\/dob.jpg?w=624 624w, https:\/\/i0.wp.com\/blogdalucianaoliveira.com.br\/blog\/wp-content\/uploads\/2017\/10\/dob.jpg?resize=274%2C300 274w\" sizes=\"auto, (max-width: 600px) 100vw, 600px\" \/><\/p>\n<p>A avalia\u00e7\u00e3o positiva por 92% dos entrevistados foi divulgada pela campanha de A\u00e9cio em 2014, mas, segundo checagem do projeto Truco, da Ag\u00eancia P\u00fablica, a informa\u00e7\u00e3o \u00e9 enganosa. O valor, atribu\u00eddo a pesquisa do instituto Vox Populi em 2010, soma o percentual de eleitores que consideraram o governo de A\u00e9cio regular (16%) aos que o avaliaram como \u00f3timo ou bom (76%). O tucano foi governador de Minas Gerais entre 2003 e 2010.<br \/>\nDe acordo com Costa, muitos dos integrantes do grupo s\u00e3o de Minas Gerais. Por outro lado, nem todos s\u00e3o filiados ao PSDB, como ela. O grupo foi formado ap\u00f3s a den\u00fancia feita contra A\u00e9cio pela Procuradoria Geral de Rep\u00fablica (PGR), em junho deste ano. Costa diz que o grupo se re\u00fane apenas virtualmente, no Facebook e WhatsApp &#8211; mas planeja reuni\u00f5es presenciais para o futuro.<br \/>\nRefer\u00eancias \u00e0 Venezuela<br \/>\nNa p\u00e1gina no Facebook, os aecistas divulgam memes, v\u00eddeos e refer\u00eancias a Tancredo Neves, av\u00f4 de A\u00e9cio que morreu logo ap\u00f3s ser eleito presidente. No in\u00edcio deste m\u00eas &#8211; antes, portanto, do Senado devolver o mandato a A\u00e9cio -, uma miscel\u00e2nea de v\u00eddeos traz participantes do grupo protestando contra as medidas cautelares determinadas pelo STF contra A\u00e9cio e dizendo a frase &#8220;Eu n\u00e3o sou filhote de Maduro. AI-5 n\u00e3o. A\u00e9cio no Senado!&#8221;. A trilha sonora ao fundo traz uma voz feminina cantando a m\u00fasica religiosa Al\u00e9m do \u00e1trio, cujos versos falam de inoc\u00eancia: &#8220;Passa-me pela multid\u00e3o\/ Os sacerdotes que te louvam\/ Pois tenho sede de Justi\u00e7a\/ S\u00f3 aqui posso encontrar&#8221;.<br \/>\nNicol\u00e1s Maduro, presidente da Venezuela, n\u00e3o \u00e9 a \u00fanica refer\u00eancia ao pa\u00eds vizinho feita na p\u00e1gina. Membros da oposi\u00e7\u00e3o venezuelana tamb\u00e9m aparecem nas postagens, como em uma colagem em que aparecem, lado a lado, fotos de Leopoldo L\u00f3pez, detido desde 2014 na Venezuela, e de A\u00e9cio, com os dizeres: &#8220;N\u00e3o vamos permitir que fa\u00e7am com A\u00e9cio Neves o que fizeram com Leopoldo Lopez. Aqui n\u00e3o \u00e9 Venezuela! #A\u00e9cioNoSenado&#8221;.<\/p>\n<p>Flores e champanhe entregues a A\u00e9cio pelo grupo<br \/>\n<img data-recalc-dims=\"1\" loading=\"lazy\" decoding=\"async\" data-attachment-id=\"14702\" data-permalink=\"http:\/\/blogdalucianaoliveira.com.br\/blog\/2017\/10\/31\/quem-e-o-grupo-que-mandou-flores-e-champanhe-para-aecio-apos-salvacao-no-senado\/flo\/\" data-orig-file=\"https:\/\/i0.wp.com\/blogdalucianaoliveira.com.br\/blog\/wp-content\/uploads\/2017\/10\/flo.jpg?fit=304%2C540\" data-orig-size=\"304,540\" data-comments-opened=\"0\" data-image-meta=\"{&quot;aperture&quot;:&quot;0&quot;,&quot;credit&quot;:&quot;&quot;,&quot;camera&quot;:&quot;&quot;,&quot;caption&quot;:&quot;&quot;,&quot;created_timestamp&quot;:&quot;0&quot;,&quot;copyright&quot;:&quot;&quot;,&quot;focal_length&quot;:&quot;0&quot;,&quot;iso&quot;:&quot;0&quot;,&quot;shutter_speed&quot;:&quot;0&quot;,&quot;title&quot;:&quot;&quot;,&quot;orientation&quot;:&quot;0&quot;}\" data-image-title=\"flo\" data-image-description=\"\" data-image-caption=\"\" data-medium-file=\"https:\/\/i0.wp.com\/blogdalucianaoliveira.com.br\/blog\/wp-content\/uploads\/2017\/10\/flo.jpg?fit=169%2C300\" data-large-file=\"https:\/\/i0.wp.com\/blogdalucianaoliveira.com.br\/blog\/wp-content\/uploads\/2017\/10\/flo.jpg?fit=304%2C540\" src=\"https:\/\/i0.wp.com\/blogdalucianaoliveira.com.br\/blog\/wp-content\/uploads\/2017\/10\/flo.jpg?resize=304%2C540\" alt=\"flo\" width=\"304\" height=\"540\" class=\"alignnone size-full wp-image-14702\" srcset=\"https:\/\/i0.wp.com\/blogdalucianaoliveira.com.br\/blog\/wp-content\/uploads\/2017\/10\/flo.jpg?w=304 304w, https:\/\/i0.wp.com\/blogdalucianaoliveira.com.br\/blog\/wp-content\/uploads\/2017\/10\/flo.jpg?resize=169%2C300 169w\" sizes=\"auto, (max-width: 304px) 100vw, 304px\" \/><\/p>\n<p>Aqui, para o grupo, a persegui\u00e7\u00e3o a A\u00e9cio teria como origem o papel do senador no impeachment da ex-presidente Dilma Rousseff.<br \/>\n&#8220;Acreditamos na inoc\u00eancia do senador&#8221;, diz Costa. &#8220;Com certeza foi uma vingan\u00e7a da esquerda [pelo impeachment]. N\u00e3o queremos que esse pa\u00eds vire uma Venezuela.&#8221;<br \/>\nA hashtag #AcordaBrasil, que frequentemente aparece nas postagens da p\u00e1gina, remete inclusive a um dos motes usados por movimentos que pediam o impeachment de Dilma.<br \/>\nO envolvimento em protestos de rua, inicialmente em 2013 e depois em manifesta\u00e7\u00f5es pelo impeachment, levaram o estudante Hugo Ferreira, de 32 anos, ao voluntariado no grupo. Para ele, as &#8220;injusti\u00e7as com A\u00e9cio&#8221; s\u00e3o at\u00e9 anteriores ao impeachment &#8211; remontando \u00e0 disputa presidencial em 2014. Ferreira, morador de Belo Horizonte, chama o epis\u00f3dio de &#8220;fraude eleitoral&#8221;.<br \/>\n&#8220;Conhe\u00e7o a trajet\u00f3ria do A\u00e9cio, sei o tanto de coisa boa que ele fez para Minas Gerais. Esse inconformismo n\u00e3o \u00e9 s\u00f3 meu: a cada dia a gente tem provado que \u00e9 uma mentira o que est\u00e1 sendo propagado. Os verdadeiros culpados s\u00e3o outros&#8221;, diz o estudante.<br \/>\nPerguntado sobre a identidade dos &#8220;culpados&#8221;, Ferreira menciona &#8220;governos passados&#8221;. O atual, do presidente Michel Temer, \u00e9 visto com bons olhos pela maioria do grupo \u2014 para quem a pol\u00edtica econ\u00f4mica da equipe do peemedebista se destaca.<\/p>\n","protected":false},"excerpt":{"rendered":"<p>Da BBC, por Mariana Alvim &#8211; H\u00e1 um ano, o sonho de um hoje restrito grupo de brasileiros parecia uma obviedade no mundo pol\u00edtico: uma nova candidatura de A\u00e9cio Neves \u00e0 presid\u00eancia, que, em 2014, rendeu ao tucano pouco mais de 51 milh\u00f5es de votos na disputa em que foi derrotado pela petista Dilma Rousseff.<\/p>\n","protected":false},"author":1,"featured_media":0,"comment_status":"closed","ping_status":"open","sticky":false,"template":"","format":"standard","meta":{"_exactmetrics_skip_tracking":false,"_exactmetrics_sitenote_active":false,"_exactmetrics_sitenote_note":"","_exactmetrics_sitenote_category":0,"jetpack_post_was_ever_published":false,"_jetpack_newsletter_access":"","_jetpack_dont_email_post_to_subs":false,"_jetpack_newsletter_tier_id":0,"_jetpack_memberships_contains_paywalled_content":false,"_jetpack_memberships_contains_paid_content":false,"footnotes":"","jetpack_publicize_message":"","jetpack_publicize_feature_enabled":true,"jetpack_social_post_already_shared":true,"jetpack_social_options":{"image_generator_settings":{"template":"highway","enabled":false},"version":2}},"categories":[1],"tags":[],"class_list":["post-14699","post","type-post","status-publish","format-standard","hentry","category-notas"],"jetpack_publicize_connections":[],"jetpack_sharing_enabled":true,"jetpack_featured_media_url":"","jetpack_shortlink":"https:\/\/wp.me\/p7wKYW-3P5","jetpack-related-posts":[],"_links":{"self":[{"href":"http:\/\/blogdalucianaoliveira.com.br\/blog\/wp-json\/wp\/v2\/posts\/14699","targetHints":{"allow":["GET"]}}],"collection":[{"href":"http:\/\/blogdalucianaoliveira.com.br\/blog\/wp-json\/wp\/v2\/posts"}],"about":[{"href":"http:\/\/blogdalucianaoliveira.com.br\/blog\/wp-json\/wp\/v2\/types\/post"}],"author":[{"embeddable":true,"href":"http:\/\/blogdalucianaoliveira.com.br\/blog\/wp-json\/wp\/v2\/users\/1"}],"replies":[{"embeddable":true,"href":"http:\/\/blogdalucianaoliveira.com.br\/blog\/wp-json\/wp\/v2\/comments?post=14699"}],"version-history":[{"count":1,"href":"http:\/\/blogdalucianaoliveira.com.br\/blog\/wp-json\/wp\/v2\/posts\/14699\/revisions"}],"predecessor-version":[{"id":14703,"href":"http:\/\/blogdalucianaoliveira.com.br\/blog\/wp-json\/wp\/v2\/posts\/14699\/revisions\/14703"}],"wp:attachment":[{"href":"http:\/\/blogdalucianaoliveira.com.br\/blog\/wp-json\/wp\/v2\/media?parent=14699"}],"wp:term":[{"taxonomy":"category","embeddable":true,"href":"http:\/\/blogdalucianaoliveira.com.br\/blog\/wp-json\/wp\/v2\/categories?post=14699"},{"taxonomy":"post_tag","embeddable":true,"href":"http:\/\/blogdalucianaoliveira.com.br\/blog\/wp-json\/wp\/v2\/tags?post=14699"}],"curies":[{"name":"wp","href":"https:\/\/api.w.org\/{rel}","templated":true}]}}