{"id":14720,"date":"2017-10-31T19:32:27","date_gmt":"2017-10-31T23:32:27","guid":{"rendered":"http:\/\/blogdalucianaoliveira.com.br\/blog\/?p=14720"},"modified":"2017-10-31T19:32:27","modified_gmt":"2017-10-31T23:32:27","slug":"indio-negro-e-europeu-saci-representa-os-tres-povos-que-formaram-o-brasileiro","status":"publish","type":"post","link":"http:\/\/blogdalucianaoliveira.com.br\/blog\/2017\/10\/31\/indio-negro-e-europeu-saci-representa-os-tres-povos-que-formaram-o-brasileiro\/","title":{"rendered":"\u00cdndio, negro e europeu: Saci representa os tr\u00eas povos que formaram o brasileiro"},"content":{"rendered":"<p><img data-recalc-dims=\"1\" loading=\"lazy\" decoding=\"async\" data-attachment-id=\"14721\" data-permalink=\"http:\/\/blogdalucianaoliveira.com.br\/blog\/2017\/10\/31\/indio-negro-e-europeu-saci-representa-os-tres-povos-que-formaram-o-brasileiro\/saci\/\" data-orig-file=\"https:\/\/i0.wp.com\/blogdalucianaoliveira.com.br\/blog\/wp-content\/uploads\/2017\/10\/saci.jpg?fit=640%2C316\" data-orig-size=\"640,316\" data-comments-opened=\"0\" data-image-meta=\"{&quot;aperture&quot;:&quot;0&quot;,&quot;credit&quot;:&quot;&quot;,&quot;camera&quot;:&quot;&quot;,&quot;caption&quot;:&quot;&quot;,&quot;created_timestamp&quot;:&quot;0&quot;,&quot;copyright&quot;:&quot;&quot;,&quot;focal_length&quot;:&quot;0&quot;,&quot;iso&quot;:&quot;0&quot;,&quot;shutter_speed&quot;:&quot;0&quot;,&quot;title&quot;:&quot;&quot;,&quot;orientation&quot;:&quot;0&quot;}\" data-image-title=\"saci\" data-image-description=\"\" data-image-caption=\"\" data-medium-file=\"https:\/\/i0.wp.com\/blogdalucianaoliveira.com.br\/blog\/wp-content\/uploads\/2017\/10\/saci.jpg?fit=300%2C148\" data-large-file=\"https:\/\/i0.wp.com\/blogdalucianaoliveira.com.br\/blog\/wp-content\/uploads\/2017\/10\/saci.jpg?fit=600%2C296\" class=\"alignnone size-full wp-image-14721\" src=\"https:\/\/i0.wp.com\/blogdalucianaoliveira.com.br\/blog\/wp-content\/uploads\/2017\/10\/saci.jpg?resize=600%2C296\" alt=\"saci\" width=\"600\" height=\"296\" srcset=\"https:\/\/i0.wp.com\/blogdalucianaoliveira.com.br\/blog\/wp-content\/uploads\/2017\/10\/saci.jpg?w=640 640w, https:\/\/i0.wp.com\/blogdalucianaoliveira.com.br\/blog\/wp-content\/uploads\/2017\/10\/saci.jpg?resize=300%2C148 300w, https:\/\/i0.wp.com\/blogdalucianaoliveira.com.br\/blog\/wp-content\/uploads\/2017\/10\/saci.jpg?resize=608%2C300 608w\" sizes=\"auto, (max-width: 600px) 100vw, 600px\" \/><\/p>\n<h2 class=\"description\">Em entrevista, o s\u00f3cio fundador da Sosaci, Mouzar Benedito fala sobre a figura mais conhecidas do folclore nacional<\/h2>\n<p><!--more--><\/p>\n<div class=\"details-bar\">\n<div class=\"author-time\">\n<address class=\"author\">Camila Salmazio<\/address>\n<div class=\"place-and-time\">\n<div class=\"place\">\n<p>Brasil de Fato<\/p>\n<\/div>\n<\/div>\n<\/div>\n<\/div>\n<p>Moleque levado, negrinho\u00a0de uma perna s\u00f3, que usa gorro vermelho. Conhecido por suas travessuras, como dar n\u00f3 na crina do cavalo, salgar a comida e assustar os bichos com assobio. Fuma cachimbo e faz redemoinho. O\u00a0saci-perer\u00ea \u00e9 uma das figuras mais emblem\u00e1ticas do folclore brasileiro e tem seu dia comemorado em 31 de outubro.<\/p>\n<p>Para falar sobre as hist\u00f3rias desse menino travesso e a import\u00e2ncia desse mito para a cultura brasileira, a\u00a0<strong>Radioag\u00eancia Brasil de Fato<\/strong>\u00a0conversou com o colunista Mouzar Benedito, que tamb\u00e9m \u00e9 jornalista, ge\u00f3grafo, contador de causos e s\u00f3cio-fundador da Socidade dos Observadores do Saci (Sosaci).<\/p>\n<p>Confira a entrevista:<\/p>\n<p><strong>Brasil de Fato: O saci \u00e9 um dos mitos mais conhecidos em todas as regi\u00f5es do Brasil n\u00e9?<\/strong><\/p>\n<p>Mouzar: Sim, ele surgiu na Mata Atl\u00e2ntica, no Sul do Brasil, ali na fronteira com Argentina e Paraguai, mas se espalhou pelo Brasil todo. Em qualquer lugar que a gente for, eu j\u00e1 estive em Roraima fazendo bate-papo, Santa Catarina, Goi\u00e1s, Minas Gerais, Bahia, e n\u00e3o precisa explicar quem \u00e9 o Saci. Ele \u00e9 o nosso personagem mais conhecido, mais popular mesmo.<\/p>\n<p><strong>Existem v\u00e1rias festas que celebram o Dia do Saci, mas uma bem emblem\u00e1tica, considerada uma das primeiras, \u00e9 a que acontece em S\u00e3o Luis do Paraitinga (SP) e voc\u00ea, inclusive, \u00e9 um dos fundadores desta festa. Conta um pouco como surgiu essa ideia e qual foi a motiva\u00e7\u00e3o de voc\u00eas.<\/strong><\/p>\n<p>Fazia muito tempo que est\u00e1vamos incomodados com o Halloween, que representa\u00a0uma esp\u00e9cie de imperialismo cultural, que \u00e9 uma coisa imposta de fora para dentro e eu acredito que n\u00e3o tem nenhuma ingenuidade nisso, \u00e9 uma pol\u00edtica tradicional dos Estados Unidos impor h\u00e1bitos culturais deles para outros povos. Os portugueses e espanh\u00f3is fizeram muito isso aqui na Am\u00e9rica Latina, destruia a cultura ind\u00edgena para impor a cultura deles &#8211; o Deus deles era o Deus poderoso contra os mitos ind\u00edgenas. Ent\u00e3o, at\u00e9 na zona rural tinha escola fazendo festa de Halloween sem ningu\u00e9m saber porque. A\u00ed, n\u00f3s pensamos em fundar uma institui\u00e7\u00e3o de estudo e defesa da cultura brasileira com um personagem\u00a0bem brasileiro, e a gente escolheu o Saci justamente por isso. Ele era um \u00edndio na origem, mas os colonizadores come\u00e7aram a falar que ele era um demoniozinho, que ele cheirava enxofre, tinha chifre e praticava o mal. Isso para amedrontrar as pessoas, dizer que ele era um dem\u00f4nio e n\u00e3o um Deus menor da cultura guarani. Depois, transformaram ele em negro, porque era \u00e9poca de escravid\u00e3o, l\u00e1 por volta de 1800, para criar mais preconceito contra ele. Mas as negras gostaram porque, por exemplo, uma escrava que cozinhava e errava na m\u00e3o era castigada severamente, ent\u00e3o quando elas viam a sinh\u00e1 reclamando da comida, elas justificavam dizendo que tinha sido o Saci que jogou sal.\u00a0Quando tinha uma rebeli\u00e3o na senzala, a pessoa que iniciou podia ser pega, morta ou marcada \u00e0 ferro, ent\u00e3o a culpa era sempre do Saci. Foi uma solu\u00e7\u00e3o, um benef\u00edcio pros negros, na verdade.<\/p>\n<p>A\u00ed depois j\u00e1 ganhou o gorrinho m\u00e1gico que faz parte da cultura da Pen\u00ednsula Ib\u00e9rica, v\u00e1rios mitos de l\u00e1 tem esse gorrinho m\u00e1gico. Al\u00e9m disso, na Revolu\u00e7\u00e3o Francesa, por exemplo, os republicanos usavam um gorrinho semelhante a esse, ent\u00e3o voc\u00ea v\u00ea que \u00e9 um s\u00edmbolo de liberta\u00e7\u00e3o. Ent\u00e3o, o Saci, ele junta no mesmo personagem o \u00edndio, o negro e o europeu, os tr\u00eas povos que formaram o brasileiro. Al\u00e9m disso, ele \u00e9 negro, que \u00e9 v\u00edtima de preconceito, \u00e9 perneta, v\u00edtima de preconceito tamb\u00e9m, e n\u00e3o usa roupa, \u00e9 pobre. A \u00fanica roupa que ele usa \u00e9 o gorrinho, s\u00f3 aparece na televis\u00e3o de cal\u00e7\u00e3o porque na TV n\u00e3o pode ir pelado.\u00a0A gente achou que ia demorar pra pegar, mas n\u00e3o. Logo de cara foi uma aceita\u00e7\u00e3o muito grande, foi crescendo, ent\u00e3o agora n\u00f3s vamos fazer a 15\u00aa festa em S\u00e3o Luis.<\/p>\n<p class=\"editor\">Edi\u00e7\u00e3o: Anelize Moreira<\/p>\n","protected":false},"excerpt":{"rendered":"<p>Em entrevista, o s\u00f3cio fundador da Sosaci, Mouzar Benedito fala sobre a figura mais conhecidas do folclore nacional<\/p>\n","protected":false},"author":1,"featured_media":0,"comment_status":"closed","ping_status":"open","sticky":false,"template":"","format":"standard","meta":{"_exactmetrics_skip_tracking":false,"_exactmetrics_sitenote_active":false,"_exactmetrics_sitenote_note":"","_exactmetrics_sitenote_category":0,"jetpack_post_was_ever_published":false,"_jetpack_newsletter_access":"","_jetpack_dont_email_post_to_subs":false,"_jetpack_newsletter_tier_id":0,"_jetpack_memberships_contains_paywalled_content":false,"_jetpack_memberships_contains_paid_content":false,"footnotes":"","jetpack_publicize_message":"","jetpack_publicize_feature_enabled":true,"jetpack_social_post_already_shared":true,"jetpack_social_options":{"image_generator_settings":{"template":"highway","enabled":false},"version":2}},"categories":[1],"tags":[],"class_list":["post-14720","post","type-post","status-publish","format-standard","hentry","category-notas"],"jetpack_publicize_connections":[],"jetpack_sharing_enabled":true,"jetpack_featured_media_url":"","jetpack_shortlink":"https:\/\/wp.me\/p7wKYW-3Pq","jetpack-related-posts":[],"_links":{"self":[{"href":"http:\/\/blogdalucianaoliveira.com.br\/blog\/wp-json\/wp\/v2\/posts\/14720","targetHints":{"allow":["GET"]}}],"collection":[{"href":"http:\/\/blogdalucianaoliveira.com.br\/blog\/wp-json\/wp\/v2\/posts"}],"about":[{"href":"http:\/\/blogdalucianaoliveira.com.br\/blog\/wp-json\/wp\/v2\/types\/post"}],"author":[{"embeddable":true,"href":"http:\/\/blogdalucianaoliveira.com.br\/blog\/wp-json\/wp\/v2\/users\/1"}],"replies":[{"embeddable":true,"href":"http:\/\/blogdalucianaoliveira.com.br\/blog\/wp-json\/wp\/v2\/comments?post=14720"}],"version-history":[{"count":1,"href":"http:\/\/blogdalucianaoliveira.com.br\/blog\/wp-json\/wp\/v2\/posts\/14720\/revisions"}],"predecessor-version":[{"id":14722,"href":"http:\/\/blogdalucianaoliveira.com.br\/blog\/wp-json\/wp\/v2\/posts\/14720\/revisions\/14722"}],"wp:attachment":[{"href":"http:\/\/blogdalucianaoliveira.com.br\/blog\/wp-json\/wp\/v2\/media?parent=14720"}],"wp:term":[{"taxonomy":"category","embeddable":true,"href":"http:\/\/blogdalucianaoliveira.com.br\/blog\/wp-json\/wp\/v2\/categories?post=14720"},{"taxonomy":"post_tag","embeddable":true,"href":"http:\/\/blogdalucianaoliveira.com.br\/blog\/wp-json\/wp\/v2\/tags?post=14720"}],"curies":[{"name":"wp","href":"https:\/\/api.w.org\/{rel}","templated":true}]}}