{"id":14723,"date":"2017-10-31T19:49:36","date_gmt":"2017-10-31T23:49:36","guid":{"rendered":"http:\/\/blogdalucianaoliveira.com.br\/blog\/?p=14723"},"modified":"2017-10-31T19:49:36","modified_gmt":"2017-10-31T23:49:36","slug":"lutero-e-a-redescoberta-do-evangelho-500-anos-depois-uma-nova-reforma-visando-ao-dialogo-inter-religioso","status":"publish","type":"post","link":"http:\/\/blogdalucianaoliveira.com.br\/blog\/2017\/10\/31\/lutero-e-a-redescoberta-do-evangelho-500-anos-depois-uma-nova-reforma-visando-ao-dialogo-inter-religioso\/","title":{"rendered":"Lutero e a redescoberta do Evangelho. 500 anos depois, uma nova reforma visando ao di\u00e1logo inter-religioso"},"content":{"rendered":"<p><img data-recalc-dims=\"1\" loading=\"lazy\" decoding=\"async\" data-attachment-id=\"14724\" data-permalink=\"http:\/\/blogdalucianaoliveira.com.br\/blog\/2017\/10\/31\/lutero-e-a-redescoberta-do-evangelho-500-anos-depois-uma-nova-reforma-visando-ao-dialogo-inter-religioso\/refo\/\" data-orig-file=\"https:\/\/i0.wp.com\/blogdalucianaoliveira.com.br\/blog\/wp-content\/uploads\/2017\/10\/refo.jpg?fit=990%2C499\" data-orig-size=\"990,499\" data-comments-opened=\"0\" data-image-meta=\"{&quot;aperture&quot;:&quot;0&quot;,&quot;credit&quot;:&quot;&quot;,&quot;camera&quot;:&quot;&quot;,&quot;caption&quot;:&quot;&quot;,&quot;created_timestamp&quot;:&quot;0&quot;,&quot;copyright&quot;:&quot;&quot;,&quot;focal_length&quot;:&quot;0&quot;,&quot;iso&quot;:&quot;0&quot;,&quot;shutter_speed&quot;:&quot;0&quot;,&quot;title&quot;:&quot;&quot;,&quot;orientation&quot;:&quot;0&quot;}\" data-image-title=\"refo\" data-image-description=\"\" data-image-caption=\"\" data-medium-file=\"https:\/\/i0.wp.com\/blogdalucianaoliveira.com.br\/blog\/wp-content\/uploads\/2017\/10\/refo.jpg?fit=300%2C151\" data-large-file=\"https:\/\/i0.wp.com\/blogdalucianaoliveira.com.br\/blog\/wp-content\/uploads\/2017\/10\/refo.jpg?fit=600%2C302\" class=\"alignnone size-full wp-image-14724\" src=\"https:\/\/i0.wp.com\/blogdalucianaoliveira.com.br\/blog\/wp-content\/uploads\/2017\/10\/refo.jpg?resize=600%2C302\" alt=\"refo\" width=\"600\" height=\"302\" srcset=\"https:\/\/i0.wp.com\/blogdalucianaoliveira.com.br\/blog\/wp-content\/uploads\/2017\/10\/refo.jpg?w=990 990w, https:\/\/i0.wp.com\/blogdalucianaoliveira.com.br\/blog\/wp-content\/uploads\/2017\/10\/refo.jpg?resize=300%2C151 300w, https:\/\/i0.wp.com\/blogdalucianaoliveira.com.br\/blog\/wp-content\/uploads\/2017\/10\/refo.jpg?resize=768%2C387 768w, https:\/\/i0.wp.com\/blogdalucianaoliveira.com.br\/blog\/wp-content\/uploads\/2017\/10\/refo.jpg?resize=595%2C300 595w\" sizes=\"auto, (max-width: 600px) 100vw, 600px\" \/><\/p>\n<p>Do Instituto Humanitas Unisinos &#8211;\u00a0<a href=\"http:\/\/www.ihuonline.unisinos.br\/edicao\/280\" target=\"_blank\" rel=\"noopener noreferrer\">Martinho Lutero<\/a>\u00a0tem na\u00a0<strong>cr\u00edtica \u00e0s indulg\u00eancias<\/strong>\u00a0o ponto mais lembrado quando se fala nas raz\u00f5es que o levaram a se insurgir contra a\u00a0<strong>Igreja<\/strong>. Nessa quest\u00e3o das indulg\u00eancias \u2013 apenas um dos tantos pontos propostos por ele \u2013, \u00e9 importante compreender o que est\u00e1 por tr\u00e1s dessa cr\u00edtica.<!--more--><\/p>\n<p>&nbsp;<\/p>\n<p>Segundo o te\u00f3logo\u00a0<a href=\"http:\/\/www.ihu.unisinos.br\/entrevistas\/526407-abertura-ecumenica-no-pontificado-de-francisco-entrevista-especial-com-walter-altmann\" target=\"_blank\" rel=\"noopener noreferrer\">Walter Altmann<\/a>,\u00a0<strong>Lutero<\/strong>\u00a0queria destacar a no\u00e7\u00e3o de\u00a0<strong>gratuidade da salva\u00e7\u00e3o<\/strong>, acess\u00edvel a todos. \u201cEssa\u00a0<a href=\"http:\/\/www.ihu.unisinos.br\/entrevistas\/550210--deus-reina-para-aqueles-que-nao-se-bastam-sozinhos-entrevista-especial-com-elian-cuvillier\" target=\"_blank\" rel=\"noopener noreferrer\">no\u00e7\u00e3o de gratuidade<\/a>\u00a0segue relevante nos dias de hoje, em que temos numerosas formas \u2018modernas\u2019 de m<strong>ercantiliza\u00e7\u00e3o da f\u00e9<\/strong>\u201d, acrescenta. Segundo\u00a0<strong>Altmann<\/strong>, essa gratuidade tem conex\u00e3o direta com a no\u00e7\u00e3o de liberdade, j\u00e1 que a partir da cis\u00e3o emergem outras tantas formas de se viver o\u00a0<strong>cristianismo<\/strong>. \u201cNum mundo globalizado e de comunica\u00e7\u00e3o global, caracter\u00edstico para a atualidade, h\u00e1 uma movimenta\u00e7\u00e3o religiosa com uma intensidade jamais vista\u201d, pontua, na entrevista concedida por e-mail \u00e0\u00a0<strong>IHU On-Line<\/strong>.<\/p>\n<p>Em meio a tantas formas de professar a f\u00e9, o te\u00f3logo destaca outro valor que se torna importante em nosso tempo: o\u00a0<a href=\"http:\/\/www.ihu.unisinos.br\/images\/stories\/cadernos\/teopublica\/086_cadernosteologiapublica.pdf\" target=\"_blank\" rel=\"noopener noreferrer\">di\u00e1logo inter-religioso<\/a>. Isso porque, no passado, a\u00a0<a href=\"http:\/\/www.ihu.unisinos.br\/573093-o-mistico-que-traz-o-monasterio-para-o-cotidiano-popular-entrevista-especial-com-vitor-westhelle\" target=\"_blank\" rel=\"noopener noreferrer\">Reforma<\/a>\u00a0gerou muito mais do que disputas teol\u00f3gicas, chegando a guerras. Hoje, destaca que \u00e9 importante fazer essa reforma da\u00a0<strong>Reforma<\/strong>\u00a0e compreender a necessidade de alimentar o<strong>\u00a0esp\u00edrito ecum\u00eanico<\/strong>. \u00c9 uma esp\u00e9cie de aproxima\u00e7\u00e3o, n\u00e3o s\u00f3 com cat\u00f3licos, mas com diversos credos. \u201cHoje, ao recha\u00e7armos qualquer tenta\u00e7\u00e3o ou intento de enfrentar os\u00a0<strong>mu\u00e7ulmanos<\/strong>\u00a0em nome da f\u00e9 crist\u00e3, devemos construir de todos os modos poss\u00edveis avenidas de respeito e di\u00e1logo\u201d, exemplifica. E sobre a aproxima\u00e7\u00e3o entre\u00a0<a href=\"http:\/\/www.ihuonline.unisinos.br\/artigo\/6667-vitor-westhelle-4\" target=\"_blank\" rel=\"noopener noreferrer\">cat\u00f3licos e luteranos<\/a>, pontua: \u201cn\u00e3o se trata de uma meta j\u00e1 plenamente alcan\u00e7ada, mas de uma trajet\u00f3ria em curso. Pode-se dizer que o conflito foi deixado para tr\u00e1s. H\u00e1 um reconhecimento comum de que pessoas cat\u00f3licas e luteranas s\u00e3o irm\u00e3s em Cristo, a separa\u00e7\u00e3o \u00e9 sentida com dor e o di\u00e1logo tem avan\u00e7ado em muitas quest\u00f5es\u201d.<\/p>\n<div class=\"ihu-small-image-left\">\n<div class=\"news-image-credits\"><img data-recalc-dims=\"1\" decoding=\"async\" src=\"https:\/\/i0.wp.com\/www.ihu.unisinos.br\/images\/ihu\/2016\/ESCOLHER_A_FOTO.jpg?w=600\" alt=\"\" \/><img data-recalc-dims=\"1\" decoding=\"async\" src=\"https:\/\/i0.wp.com\/www.ihu.unisinos.br\/images\/ihu\/2017\/10\/31_10_walter_altmann_foto_joaovitor_santos_ihu.jpg?w=600\" alt=\"\" \/>Walter Altmann | Foto: Jo\u00e3o Vitor Santos &#8211; IHU<\/p>\n<\/div>\n<\/div>\n<p><a href=\"http:\/\/www.ihu.unisinos.br\/561784-500-anos-da-reforma-manifesta-o-desejo-de-um-futuro-de-diversidade-reconciliada-entrevista-especial-com-walter-altmann\" target=\"_blank\" rel=\"noopener noreferrer\">Walter Altmann<\/a>\u00a0\u00e9 pastor em\u00e9rito da Igreja Evang\u00e9lica de Confiss\u00e3o Luterana no Brasil &#8211; IECLB, com doutorado em Teologia pela Universidade de Hamburgo, Alemanha, professor de Teologia na Faculdades EST, de S\u00e3o Leopoldo\/RS, presidente do Conselho Latino-Americano de Igrejas &#8211; CLAI, de 1995 a 2001, pastor-Presidente da IECLB de 2002 a 2010 e moderador do Conselho Mundial de Igrejas &#8211; CMI, de 2006 a 2013. Entre suas publica\u00e7\u00f5es, destacamos\u00a0<strong>Lutero e liberta\u00e7\u00e3o. Releitura de Lutero em perspectiva latino-americana<\/strong>\u00a0(S\u00e3o Leopoldo: Editora Sinodal, 2016) e que foi recentemente publicada tamb\u00e9m em ingl\u00eas, com o t\u00edtulo\u00a0<strong>Luther and Liberation: A Latin American Perspective<\/strong>\u00a0(Minneapolis, EUA: Fortress Press, 2016).<\/p>\n<p><em>A entrevista \u00e9 publicada tamb\u00e9m na revista\u00a0<strong>IHU On-Line<\/strong>\u00a0desta semana, edi\u00e7\u00e3o no. 514, cujo tema de capa \u00e9\u00a0<strong>Lutero e a Reforma. 500 anos depois. Um debate<\/strong>, e que pode ser acessada\u00a0<a href=\"http:\/\/www.ihuonline.unisinos.br\/edicao\/514\">aqui<\/a>.<\/em><\/p>\n<p><strong>Confira a entrevista.<\/strong><\/p>\n<p><strong>IHU On-Line \u2013 Como compreender a Reforma Luterana para al\u00e9m da perspectiva teol\u00f3gica?<\/strong><\/p>\n<p><strong>Walter Altmann \u2013<\/strong>\u00a0Embora a preocupa\u00e7\u00e3o central de\u00a0<a href=\"http:\/\/www.ihu.unisinos.br\/573129-lutero-homem-arcaico-que-funda-a-idade-moderna\" target=\"_blank\" rel=\"noopener noreferrer\">Lutero<\/a>\u00a0tenha sido uma quest\u00e3o teol\u00f3gica (\u201ccomo posso obter um Deus misericordioso?\u201d), \u00e9 ineg\u00e1vel que a\u00a0<a href=\"http:\/\/www.ihu.unisinos.br\/159-noticias\/entrevistas\/561767-a-reforma-protestante-para-alem-do-triunfalismo-entrevista-especial-com-ricardo-willy-rieth\" target=\"_blank\" rel=\"noopener noreferrer\">Reforma<\/a>\u00a0teve implica\u00e7\u00f5es profundas na igreja e na sociedade do mundo ocidental. Ali\u00e1s, foi a conjun\u00e7\u00e3o de v\u00e1rios fatores que tornou a\u00a0<strong>Reforma<\/strong>\u00a0um evento hist\u00f3rico epocal. De uma forma um tanto simplificada, mas ainda assim acurada, pode-se dizer que\u00a0<strong>Lutero<\/strong>rompeu com a concep\u00e7\u00e3o de uma tutela da ordem eclesi\u00e1stica sobre a ordem secular.<\/p>\n<p>Embora na concep\u00e7\u00e3o de\u00a0<strong>Lutero<\/strong>\u00a0todos os setores da vida humana estejam submetidos \u00e0 vontade de Deus e devam servir para atender as necessidades das pessoas, ao fazer a distin\u00e7\u00e3o de que o of\u00edcio prec\u00edpuo da Igreja \u00e9 de ordem espiritual t\u00e3o somente, for\u00e7as pol\u00edticas, econ\u00f4micas, sociais e culturais puderam desabrochar e desenvolver-se sem as amarras \u00e0s quais estavam submetidas. A ordem social j\u00e1 n\u00e3o seria mais regrada por um\u00a0<strong>direito divino<\/strong>\u00a0imut\u00e1vel, mas por um\u00a0<strong>direito humano<\/strong>, reform\u00e1vel de acordo com realidades contextuais.<\/p>\n<p><strong>IHU On-Line \u2013 Qual o contexto hist\u00f3rico que a faz emergir? E quais suas consequ\u00eancias nos campos social, econ\u00f4mico, cient\u00edfico\/tecnol\u00f3gico e pol\u00edtico?<\/strong><\/p>\n<p><strong>Walter Altmann \u2013<\/strong>\u00a0No in\u00edcio do s\u00e9culo XVI, j\u00e1 estavam em curso v\u00e1rios processos de mudan\u00e7a na\u00a0<strong>Europa<\/strong>. Na cultura, o\u00a0<strong>Renascimento<\/strong>\u00a0trazia para o centro de suas obras (na pintura, por exemplo) o pr\u00f3prio ser humano. Para\u00a0<strong>Lutero<\/strong>, a f\u00e9 pessoal haveria de ser algo de suma import\u00e2ncia. Tamb\u00e9m havia um movimento cultural de \u201cvolta \u00e0s fontes\u201d da\u00a0<strong>Antiguidade<\/strong>.\u00a0<strong>Lutero<\/strong>\u00a0haveria de fundamentar a\u00a0<a href=\"http:\/\/www.ihu.unisinos.br\/78-noticias\/561369-lutero-profeta-da-biblia-e-da-consciencia\" target=\"_blank\" rel=\"noopener noreferrer\">doutrina na B\u00edblia<\/a>\u00a0que ele magistralmente traduziu \u00e0 l\u00edngua alem\u00e3.\u00a0<strong>Gutenberg<\/strong>\u00a0[1] havia descoberto a imprensa que foi determinante para a extraordin\u00e1ria difus\u00e3o n\u00e3o apenas da B\u00edblia, mas tamb\u00e9m dos numerosos escritos de\u00a0<strong>Lutero<\/strong>.<\/p>\n<p>Como\u00a0<strong>Lutero<\/strong>\u00a0considerava que todas as pessoas devem ter acesso \u00e0 B\u00edblia e que o estudo seria importante tamb\u00e9m para os of\u00edcios seculares, ele foi pioneiro em advogar em favor de um sistema de educa\u00e7\u00e3o universal, e isso numa \u00e9poca em que a esmagadora maioria da popula\u00e7\u00e3o era analfabeta. Numa \u00e9poca em que emergiam unidades pol\u00edticas territoriais aut\u00f4nomas, potencialmente independentes, ele ancorou a dignidade do of\u00edcio pol\u00edtico no conceito de sacerd\u00f3cio geral das pessoas batizadas e ele o definiu como manuten\u00e7\u00e3o da paz, estabelecimento da justi\u00e7a e prote\u00e7\u00e3o \u00e0s pessoas mais fracas.<\/p>\n<p>Na economia, inspirou iniciativas de caixas comunit\u00e1rias, com o fim de garantir a todas as pessoas o atendimento de suas necessidades b\u00e1sicas, como sustento, sa\u00fade, educa\u00e7\u00e3o. Tamb\u00e9m combateu pr\u00e1ticas comerciais e financeiras que, no advento do\u00a0<strong>capitalismo mercantil<\/strong>, exploravam os mais pobres, aprofundando suas necessidades. Num tempo em que tropas turcas avan\u00e7avam sobre a Europa, chegando \u00e0s portas de\u00a0<strong>Viena<\/strong>,\u00a0<strong>Lutero<\/strong>defendeu o direito e o dever da popula\u00e7\u00e3o de se defender e dos mandantes de proteger seus s\u00faditos, mas recha\u00e7ou totalmente o conceito de qualquer \u201c<strong>guerra santa<\/strong>\u201d. Tudo isso apontava para algo profundamente renovador.<\/p>\n<p><strong>IHU On-Line \u2013 De que forma podemos compreender o que leva Lutero a questionar a Igreja da \u00e9poca? E como as inquieta\u00e7\u00f5es de Lutero se atualizam em nosso tempo?<\/strong><\/p>\n<p><strong>Walter Altmann \u2013<\/strong>\u00a0O \u00e2mago da\u00a0<strong>Reforma<\/strong>\u00a0foi o que se convencionou chamar de a \u201c<strong>redescoberta do Evangelho<\/strong>\u201d, isto \u00e9, a no\u00e7\u00e3o de que a salva\u00e7\u00e3o \u00e9 concedida gratuitamente por Deus, em Cristo, especificamente no Cristo crucificado, o que deve ser recebido em f\u00e9. Mas o estopim da\u00a0<strong>Reforma<\/strong>\u00a0foram suas\u00a0<a href=\"http:\/\/www.ihu.unisinos.br\/78-noticias\/561367-as-95-teses-de-martinho-lutero-na-porta-da-igreja-do-castelo-de-wittenberg\" target=\"_blank\" rel=\"noopener noreferrer\">95 Teses<\/a>\u00a0que, segundo a tradi\u00e7\u00e3o, teriam sido afixadas \u00e0 porta da Igreja do Castelo, na cidade de\u00a0<strong>Wittenberg<\/strong>, em 31 de outubro de 1517. Nelas, a partir da no\u00e7\u00e3o de gratuidade da salva\u00e7\u00e3o,\u00a0<strong>Lutero<\/strong>combateu o com\u00e9rcio de indulg\u00eancias. Suas teses se difundiram qual rastilho de p\u00f3lvora pela\u00a0<strong>Europa<\/strong>\u00a0inteira.<\/p>\n<p>Precisamente essa\u00a0<strong>no\u00e7\u00e3o de gratuidade<\/strong>\u00a0da salva\u00e7\u00e3o segue relevante nos dias de hoje, em que temos numerosas formas \u201cmodernas\u201d de\u00a0<strong>mercantiliza\u00e7\u00e3o da f\u00e9<\/strong>. Significativa e acertadamente a\u00a0<strong>Federa\u00e7\u00e3o Luterana Mundial &#8211; FLM<\/strong>, em sua\u00a0<a href=\"http:\/\/www.ihu.unisinos.br\/78-noticias\/567484-xii-assembleia-da-flm-na-namibia-um-encontro-mundial-historico-para-marcar-a-reforma-em-curso\" target=\"_blank\" rel=\"noopener noreferrer\">assembleia geral realizada num pa\u00eds do Sul, na Nam\u00edbia<\/a>, em maio passado, em pleno ano comemorativo da\u00a0<strong>Reforma<\/strong>, tomou como tema a<strong>\u00a0gratuidade da salva\u00e7\u00e3o<\/strong>, afirmando nos subtemas que \u201ca salva\u00e7\u00e3o n\u00e3o est\u00e1 \u00e0 venda\u201d, \u201cos seres humanos n\u00e3o est\u00e3o \u00e0 venda\u201d, \u201ca cria\u00e7\u00e3o n\u00e3o est\u00e1 \u00e0 venda\u201d. N\u00e3o s\u00e3o artigos comercializ\u00e1veis. Salva\u00e7\u00e3o, seres humanos, cria\u00e7\u00e3o \u2013 uma abrang\u00eancia ampla para atualiza\u00e7\u00e3o do \u00e2mago teol\u00f3gico da\u00a0<strong>Reforma<\/strong>.<\/p>\n<p><iframe loading=\"lazy\" src=\"https:\/\/www.youtube.com\/embed\/PE_uqWEsFRQ\" width=\"100%\" height=\"400\" allowfullscreen=\"allowfullscreen\" data-mce-fragment=\"1\"><\/iframe><\/p>\n<p><strong>IHU On-Line \u2013 Quais as particularidades da Reforma Protestante que ocorreram nos pa\u00edses hoje conhecidos como Alemanha, Su\u00ed\u00e7a e Fran\u00e7a e, mais tarde, Reino Unido, Escandin\u00e1via e outros locais da Europa? E como compreender as divis\u00f5es da Reforma Protestante p\u00f3s-Lutero e o papel que assumem outros l\u00edderes?<\/strong><\/p>\n<p><strong>Walter Altmann \u2013<\/strong>\u00a0De fato, a\u00a0<a href=\"http:\/\/www.ihu.unisinos.br\/78-noticias\/554386-reforma-1517-2017-os-500-anos-depois-de-lutero-entrevista-com-bernard-sesbouee\" target=\"_blank\" rel=\"noopener noreferrer\">Reforma<\/a>, surgida em territ\u00f3rio alem\u00e3o, se expandiu com relativa rapidez para outras regi\u00f5es e, para tanto, contou com outras lideran\u00e7as que se inspiraram em\u00a0<strong>Lutero<\/strong>. Contribu\u00edram, para tanto, peculiaridades de cada uma das regi\u00f5es, e as respectivas lideran\u00e7as tamb\u00e9m colocaram \u00eanfases teol\u00f3gicas pr\u00f3prias, aqui e ali divergentes de Lutero. Nasceu uma diversifica\u00e7\u00e3o eclesiol\u00f3gica que se intensificou a partir do s\u00e9culo passado. Um ponto comum certamente era o desejo de maior\u00a0<strong>autonomia civil e pol\u00edtica<\/strong>\u00a0das diferentes sociedades, bem como uma compreens\u00e3o eclesiol\u00f3gica menos centrada numa hierarquia, e mais na comunidade local (ou, em desenvolvimento posterior, numa organiza\u00e7\u00e3o territorial).<\/p>\n<p>Assim, o\u00a0<a href=\"http:\/\/www.ihu.unisinos.br\/159-noticias\/entrevistas\/500502-protestantismo-e-tempo-de-refletir-entrevista-especial-com-claudio-kupka-martin-dreher-e-walter-altmann\" target=\"_blank\" rel=\"noopener noreferrer\">protestantismo<\/a>\u00a0foi se difundindo n\u00e3o tanto como um organismo estruturado, mas como um movimento que foi se estabelecendo com maior ou menor vigor em novos lugares e regi\u00f5es. Na\u00a0<strong>Escandin\u00e1via<\/strong>\u00a0o\u00a0<strong>luteranismo<\/strong>\u00a0tornou-se a religi\u00e3o de quase unanimidade da popula\u00e7\u00e3o e sua organiza\u00e7\u00e3o social guarda muitas \u00eanfases pr\u00f3prias da\u00a0<strong>Reforma<\/strong>, como a aten\u00e7\u00e3o para com as necessidades de toda a popula\u00e7\u00e3o, superando eficazmente a pobreza e as desigualdades. Ao longo dos s\u00e9culos, a Reforma tornou-se um movimento de alcance mundial, presente em todas as regi\u00f5es do globo e crescentemente no\u00a0<strong>Sul<\/strong>, em particular na\u00a0<strong>\u00c1frica<\/strong>.<\/p>\n<p><strong>IHU On-Line \u2013 Em que medida podemos afirmar que a Igreja Cat\u00f3lica tamb\u00e9m \u201c\u00e9 reformada\u201d depois de todas as quest\u00f5es trazidas por Lutero?<\/strong><\/p>\n<p><strong>Walter Altmann \u2013<\/strong>\u00a0O\u00a0<strong>conflito religioso<\/strong>\u00a0que se produziu entre\u00a0<strong>Lutero<\/strong>\u00a0e a\u00a0<strong>Igreja Cat\u00f3lica<\/strong>, embora n\u00e3o fosse sua inten\u00e7\u00e3o romper com ela (ao contr\u00e1rio, Lutero foi excomungado da Igreja Cat\u00f3lica em janeiro de 1521 pelo Papa\u00a0<strong>Le\u00e3o X<\/strong>\u00a0[2]), se agudizou ainda mais em tempos posteriores, tanto nas quest\u00f5es doutrin\u00e1rias quanto nos desdobramentos pol\u00edticos, levando inclusive \u00e0 extraordinariamente sangrenta\u00a0<strong>Guerra dos Trinta Anos<\/strong>\u00a0(1618-1648) [3], at\u00e9 que, exauridos em sangue,\u00a0<strong>cat\u00f3licos e protestantes<\/strong>\u00a0estabelecessem um acordo de conviv\u00eancia territorial, com territ\u00f3rios cat\u00f3licos e territ\u00f3rios protestantes. (O\u00a0<a href=\"http:\/\/www.ihuonline.unisinos.br\/artigo\/6973-peter-berger-e-o-pluralismo-religioso\" target=\"_blank\" rel=\"noopener noreferrer\">pluralismo religioso<\/a>, em que diferentes confiss\u00f5es religiosas convivam no mesmo espa\u00e7o geogr\u00e1fico, s\u00f3 viria muito tempo depois, com o advento pleno da\u00a0<strong>Modernidade<\/strong>.)<\/p>\n<p>Mas o\u00a0<strong>dissenso cat\u00f3lico-protestante<\/strong>, aparentemente absoluto e irreconcili\u00e1vel, haveria de perdurar at\u00e9 o s\u00e9culo XX. O advento do movimento ecum\u00eanico no seio do\u00a0<strong>protestantismo<\/strong>, com ra\u00edzes no s\u00e9culo XIX, mas estabelecido a partir da\u00a0<strong>Confer\u00eancia de Miss\u00e3o de Edimburgo<\/strong>, em 1910, e a ades\u00e3o oficial da<strong>\u00a0Igreja Cat\u00f3lica<\/strong>\u00a0ao movimento ecum\u00eanico, com o\u00a0<strong>Vaticano II<\/strong>\u00a0(1962-1965) [4] transformaram radicalmente as rela\u00e7\u00f5es entre os diferentes integrantes da fam\u00edlia crist\u00e3, abrindo crescentes espa\u00e7os para o respeito e o entendimento m\u00fatuo, bem como a coopera\u00e7\u00e3o, n\u00e3o por \u00faltimo em \u00e1reas sociais.<\/p>\n<p>O\u00a0<a href=\"http:\/\/www.ihu.unisinos.br\/78-noticias\/562732-vaticano-ii-um-novo-tempo-axial-para-a-igreja\" target=\"_blank\" rel=\"noopener noreferrer\">Vaticano II<\/a>\u00a0implantou uma s\u00e9rie de reformas e fez uma s\u00e9rie de afirma\u00e7\u00f5es teol\u00f3gicas b\u00e1sicas que eram caras ao\u00a0<strong>protestantismo<\/strong>\u00a0desde seus prim\u00f3rdios, entre outras: a missa na l\u00edngua vern\u00e1cula, e n\u00e3o mais em latim; a \u00eanfase na B\u00edblia, proporcionando o acesso dos fi\u00e9is a ela; a compreens\u00e3o da eclesialidade plena da igreja local, a valoriza\u00e7\u00e3o do sacerd\u00f3cio comum dos fi\u00e9is; a compreens\u00e3o da Tradi\u00e7\u00e3o como um desdobramento da Escritura, e n\u00e3o como um adendo a ela.<\/p>\n<p><strong>IHU On-Line \u2013 O que a resist\u00eancia \u00e0 Reforma, a chamada Contrarreforma Cat\u00f3lica, revela acerca da Igreja Cat\u00f3lica da \u00e9poca? Quais as consequ\u00eancias sociais, econ\u00f4micas e pol\u00edticas dessas disputas?<\/strong><\/p>\n<p><strong>Walter Altmann \u2013<\/strong>\u00a0A chamada\u00a0<a href=\"http:\/\/www.ihu.unisinos.br\/78-noticias\/565803-contrarreforma-modernidade-e-preconceito\" target=\"_blank\" rel=\"noopener noreferrer\">Contrarreforma<\/a>\u00a0foi um intento de responder propositivamente (e n\u00e3o simplesmente de modo repressivo) ao desafio lan\u00e7ado pela\u00a0<strong>Reforma<\/strong>. Suprimiu abusos na pr\u00e1tica da<strong>\u00a0Igreja Cat\u00f3lica<\/strong>\u00a0de ent\u00e3o, reavivou a seriedade da teologia e da piedade, acendeu a paix\u00e3o pela miss\u00e3o, e assim colocou barreiras \u00e0 expans\u00e3o da Reforma. Nas \u00e1reas que permaneceram solidamente vinculadas \u00e0 Igreja Cat\u00f3lica, ela tamb\u00e9m acabou contribuindo, n\u00e3o intencionalmente, para retardar o desenvolvimento social, pol\u00edtico e econ\u00f4mico em dire\u00e7\u00e3o ao\u00a0<strong>capitalismo<\/strong>, sem, contudo, poder impedi-lo, por ser um processo regido por for\u00e7as hist\u00f3ricas pr\u00f3prias irreprim\u00edveis. As\u00a0<strong>col\u00f4nias<\/strong>, da Am\u00e9rica hisp\u00e2nica e portuguesa, por exemplo, ficaram por s\u00e9culos hermeticamente fechadas \u00e0\u00a0<strong>Reforma<\/strong>, que haveria de aportar de forma permanente em pa\u00edses da\u00a0<strong>Am\u00e9rica Latina<\/strong>\u00a0apenas ap\u00f3s os processos de independ\u00eancia nacional.<\/p>\n<p><strong>IHU On-Line \u2013 Como a Reforma Protestante chegou ao ent\u00e3o chamado \u201cnovo mundo\u201d?<\/strong><\/p>\n<p><strong>Walter Altmann \u2013<\/strong>\u00a0\u00c0 parte de algumas presen\u00e7as espor\u00e1dicas de indiv\u00edduos (por exemplo, o viajante alem\u00e3o luterano\u00a0<a href=\"http:\/\/www.ihuonline.unisinos.br\/index.php?option=com_content&amp;view=article&amp;id=779&amp;secao=212\" target=\"_blank\" rel=\"noopener noreferrer\">Hans Staden<\/a>\u00a0[5] no s\u00e9culo XVI, que deixou relato de suas perip\u00e9cias, tendo inclusive se tornado cativo de tribo ind\u00edgena, da qual conseguiu fugir) e dos intentos ap\u00f3s algum tempo fracassados de\u00a0<strong>coloniza\u00e7\u00e3o<\/strong>\u00a0de parte de\u00a0<strong>calvinistas franceses<\/strong>\u00a0na Ba\u00eda da Guanabara e de\u00a0<strong>holandeses<\/strong>\u00a0no\u00a0<strong>Nordeste brasileiro,<\/strong>\u00a0a presen\u00e7a de adeptos da\u00a0<a href=\"http:\/\/www.ihu.unisinos.br\/images\/stories\/cadernos\/teopublica\/097_cadernosteologiapublica.pdf\" target=\"_blank\" rel=\"noopener noreferrer\">Reforma na Am\u00e9rica Latina<\/a>\u00a0se deu a partir do s\u00e9culo XIX, seja ligada a presen\u00e7as diplom\u00e1ticas e comerciais (de ingleses, por exemplo), seja da vinda de imigrantes (<strong>alem\u00e3es<\/strong>, no\u00a0<strong>Brasil<\/strong>\u00a0a partir de 1824), como soldados do Imp\u00e9rio ou agricultores e artes\u00e3os, necess\u00e1rios para o desenvolvimento de um pa\u00eds independente, seja ainda, mais tarde, de miss\u00f5es\u00a0<strong>protestantes<\/strong>\u00a0vindas dos\u00a0<strong>Estados Unidos<\/strong>, das quais se esperava uma contribui\u00e7\u00e3o em \u00e1reas carentes, como a educa\u00e7\u00e3o. Foram, a princ\u00edpio, legalmente \u201ctolerados\u201d enquanto adeptos da\u00a0<strong>Reforma<\/strong>. O reconhecimento legal pleno se deu, no caso brasileiro, apenas com a Proclama\u00e7\u00e3o da Rep\u00fablica em 1889.<\/p>\n<p><strong>IHU On-Line \u2013 Como se configura o cen\u00e1rio religioso hoje e o que isso representa para as igrejas?<\/strong><\/p>\n<p><strong>Walter Altmann \u2013<\/strong>\u00a0Muito diferente de tempos passados, o cen\u00e1rio religioso hoje \u00e9 de um crescente\u00a0<a href=\"http:\/\/www.ihu.unisinos.br\/172-noticias\/noticias-2012\/505706-pluralismo-religioso-desafio-para-a-teologia-do-seculo-xxi\" target=\"_blank\" rel=\"noopener noreferrer\">pluralismo<\/a>. Primeiramente, tem havido, no caso brasileiro e, em larga medida at\u00e9 mesmo em n\u00edvel mundial, particularmente no chamado\u00a0<strong>Sul Global<\/strong>, um impressionante crescimento do\u00a0<strong>pentecostalismo<\/strong>\u00a0e tamb\u00e9m do chamado\u00a0<strong>neopentecostalismo<\/strong>. Na origem, o pentecostalismo emergiu do interior de igrejas protestantes, mas hoje se configura como uma fam\u00edlia confessional pr\u00f3pria.<\/p>\n<p>Tamb\u00e9m h\u00e1 no mundo\u00a0<strong>cat\u00f3licos carism\u00e1ticos<\/strong>, praticamente em igual n\u00famero ao de\u00a0<strong>pentecostais<\/strong>\u00a0n\u00e3o cat\u00f3licos. H\u00e1 diferen\u00e7as entre eles, por exemplo no respeito \u00e0 hierarquia e na manuten\u00e7\u00e3o fiel da celebra\u00e7\u00e3o eucar\u00edstica por parte dos carism\u00e1ticos cat\u00f3licos, enquanto os pentecostais assumem grande liberdade no tocante a essas quest\u00f5es. Mas h\u00e1 muito analogias e semelhan\u00e7as nas formas de culto e espiritualidade, bem como no enfatizar a centralidade das manifesta\u00e7\u00f5es do Esp\u00edrito Santo.<\/p>\n<p>Num mundo globalizado e de comunica\u00e7\u00e3o global, caracter\u00edstico para a atualidade, h\u00e1 uma\u00a0<a href=\"http:\/\/www.ihu.unisinos.br\/78-noticias\/563255-a-transicao-religiosa-no-mundo-no-seculo-xxi\" target=\"_blank\" rel=\"noopener noreferrer\">movimenta\u00e7\u00e3o religiosa<\/a>\u00a0(de uma religi\u00e3o \u00e0 outra, de uma regi\u00e3o do globo a outra) com uma intensidade jamais vista e que vai muito al\u00e9m da cristandade, abrangendo uma multiplicidade de religi\u00f5es. Um subproduto altamente problem\u00e1tico desse fen\u00f4meno \u00e9 a competi\u00e7\u00e3o, pac\u00edfica ou muitas vezes agressiva, entre diferentes express\u00f5es religiosas, levando at\u00e9 mesmo a ideologiza\u00e7\u00f5es religiosas de conflitos armados mundo afora.<\/p>\n<p>A resposta a esse fen\u00f4meno de parte das religi\u00f5es em geral, embora aqui me refira em particular \u00e0s igrejas crist\u00e3s, s\u00f3 pode ser um claro compromisso ecum\u00eanico de respeito, de compreens\u00e3o, ainda que por vezes cr\u00edtica (e ao mesmo tempo autocr\u00edtica), do \u201coutro\u201d, o estabelecimento de vias de di\u00e1logo e coopera\u00e7\u00e3o, por exemplo no estabelecimento da paz onde h\u00e1 conflitos e na defesa da dignidade humana e cuidado da cria\u00e7\u00e3o como um todo. Portanto, \u00e9 algo que ultrapassa a rela\u00e7\u00e3o entre igrejas crist\u00e3s, mas abrange o relacionamento entre religi\u00f5es diversas.<\/p>\n<p><strong>IHU On-Line \u2013 Como compreender o isl\u00e3 no contexto da Reforma? Em alguma medida, a Reforma promove mudan\u00e7as na rela\u00e7\u00e3o entre crist\u00e3os e mu\u00e7ulmanos?<\/strong><\/p>\n<p><strong>Walter Altmann \u2013<\/strong>\u00a0No tempo da\u00a0<strong>Reforma<\/strong>, a\u00a0<strong>Europa<\/strong>\u00a0crist\u00e3 estava amea\u00e7ada em sua integridade pol\u00edtica e cultural pelo avan\u00e7o das for\u00e7as b\u00e9licas do<strong>\u00a0Imp\u00e9rio Otomano<\/strong>\u00a0(os chamados \u201cturcos\u201d), que chegaram \u00e0s portas de\u00a0<strong>Viena<\/strong>,\u00a0<strong>\u00c1ustria<\/strong>. Do ponto de vista religioso, eram\u00a0<strong>mu\u00e7ulmanos<\/strong>.\u00a0<strong>Lutero<\/strong>\u00a0convocou \u00e0 defesa do territ\u00f3rio, das localidades e da popula\u00e7\u00e3o, mas o entendeu n\u00e3o como um empreendimento religioso, e sim como um dever da cidadania e do of\u00edcio das autoridades seculares. Recha\u00e7ou completamente o conceito de uma\u00a0<strong>guerra santa<\/strong>. A f\u00e9 n\u00e3o se imp\u00f5e. A eventuais prisioneiros crist\u00e3os recomendou que, inseridos numa ordem isl\u00e2mica, obedecessem a ordens civis, mas se dispusessem inclusive ao mart\u00edrio se viessem a ser coagidos a assumir a f\u00e9 isl\u00e2mica.<\/p>\n<p>Hoje, ao recha\u00e7armos qualquer tenta\u00e7\u00e3o ou intento de enfrentar os\u00a0<strong>mu\u00e7ulmanos<\/strong>\u00a0em nome da f\u00e9 crist\u00e3, devemos construir de todos os modos poss\u00edveis avenidas de respeito e di\u00e1logo. Na\u00a0<strong>Europa<\/strong>, por exemplo, as\u00a0<strong>igrejas da Reforma<\/strong>\u00a0t\u00eam se manifestado claramente contra a exclus\u00e3o de refugiados \u00e0 base de sua confiss\u00e3o religiosa, mas ao contr\u00e1rio, t\u00eam apoiado pol\u00edticas de acolhimento e aten\u00e7\u00e3o a eles.\u00a0<strong>Radicalismos religiosos<\/strong>\u00a0devem ser superados em todas as religi\u00f5es.<\/p>\n<p><strong>IHU On-Line \u2013 Passados 500 anos, como avalia a rela\u00e7\u00e3o entre luteranos e cat\u00f3licos? Quais os desafios para o di\u00e1logo inter-religioso do nosso tempo?<\/strong><\/p>\n<p><strong>Walter Altmann \u2013<\/strong>\u00a0O mais recente documento elaborado pela\u00a0<a href=\"http:\/\/www.ihu.unisinos.br\/544913-desenvolver-uma-maior-comunhao-o-dialogo-luterano-catolico-em-vista-dos-500-anos-da-reforma\" target=\"_blank\" rel=\"noopener noreferrer\">Comiss\u00e3o Internacional Cat\u00f3lico-Luterana<\/a>, institu\u00edda pelo\u00a0<strong>Vaticano<\/strong>\u00a0e pela\u00a0<strong>Federa\u00e7\u00e3o Luterana Mundial &#8211; FLM<\/strong>, de 2013, tem o significativo t\u00edtulo \u201c<a href=\"http:\/\/www.ihu.unisinos.br\/521160-do-conflito-a-comunhao-novo-documento-sobre-o-dialogo-catolico-luterano\" target=\"_blank\" rel=\"noopener noreferrer\">Do conflito \u00e0 comunh\u00e3o<\/a>\u201d [6]. N\u00e3o se trata de uma meta j\u00e1 plenamente alcan\u00e7ada, mas de uma trajet\u00f3ria em curso. Pode-se dizer que o conflito foi deixado para tr\u00e1s. H\u00e1 um reconhecimento comum de que pessoas cat\u00f3licas e luteranas s\u00e3o irm\u00e3s em Cristo, a separa\u00e7\u00e3o \u00e9 sentida com dor e o di\u00e1logo tem avan\u00e7ado em muitas quest\u00f5es. Ainda h\u00e1 obst\u00e1culos, sobretudo de entendimento eclesiol\u00f3gico, mas j\u00e1 n\u00e3o na compreens\u00e3o da salva\u00e7\u00e3o.<\/p>\n<p>Diferen\u00e7as a\u00ed s\u00e3o entendidas como \u00eanfases complementares. A\u00a0<a href=\"http:\/\/www.ihu.unisinos.br\/173-noticias\/noticias-2011\/500786-bento-xvi-e-lutero-a-doutrina-da-justificacao\" target=\"_blank\" rel=\"noopener noreferrer\">Declara\u00e7\u00e3o Conjunta Cat\u00f3lico-Luterana acerca da Doutrina da Justifica\u00e7\u00e3o<\/a>\u00a0[7], de 1999, foi entrementes subscrita tamb\u00e9m pelo\u00a0<strong>Conc\u00edlio Metodista Mundial<\/strong>\u00a0[8] e pela\u00a0<strong>Comunh\u00e3o Mundial das Igrejas Reformadas (calvinistas)<\/strong>\u00a0[9], e em princ\u00edpio tamb\u00e9m acolhida favoravelmente pela\u00a0<strong>Comunh\u00e3o Anglicana<\/strong>\u00a0[10]. Os obst\u00e1culos remanescentes est\u00e3o a\u00ed para serem superados. Mas, \u00e0 parte de resist\u00eancias internas, tanto no\u00a0<strong>protestantismo<\/strong>\u00a0quanto no\u00a0<strong>catolicismo<\/strong>, impera um esp\u00edrito de rela\u00e7\u00f5es fraternas. Tanto que tem havido mundo afora\u00a0<strong>comemora\u00e7\u00f5es conjuntas<\/strong>\u00a0de cat\u00f3licos e luteranos acerca dos\u00a0<a href=\"http:\/\/www.ihu.unisinos.br\/78-noticias\/564292-a-comemoracao-dos-500-anos-da-reforma-um-aniversario-em-comunhao-artigo-de-kurt-koch\" target=\"_blank\" rel=\"noopener noreferrer\">500 anos da Reforma<\/a>, n\u00e3o por \u00faltimo pelo pr\u00f3prio\u00a0<a href=\"http:\/\/www.ihu.unisinos.br\/78-noticias\/561678-500-anos-da-reforma-protestante-e-a-reviravolta-historica-do-papa-francisco-entrevista-com-paolo-ricca\" target=\"_blank\" rel=\"noopener noreferrer\">Papa Francisco e o Presidente da Federa\u00e7\u00e3o Luterana Mundial, Bispo luterano Munib Younan<\/a>\u00a0[11], de Jerusal\u00e9m, em\u00a0<strong>Lund<\/strong>, na\u00a0<strong>Su\u00e9cia<\/strong>, em 31 de outubro de 2016. N\u00e3o \u00e9 de se excluir que no dia 31 de outubro deste ano, na data dos 500 anos, haja novos gestos simb\u00f3licos que reforcem ainda mais a caminhada rumo \u00e0\u00a0<strong>comunh\u00e3o<\/strong>\u00a0almejada.<\/p>\n<p><strong>IHU On-Line \u2013 Deseja acrescentar algo?<\/strong><\/p>\n<p><strong>Walter Altmann \u2013<\/strong>\u00a0Nas comemora\u00e7\u00f5es dos\u00a0<strong>500 anos<\/strong>, o reformador\u00a0<strong>Martinho Lutero<\/strong>\u00a0foi extensamente evocado. Mas n\u00e3o \u00e9 a ele que se comemora. Lutero teve seus lados obscuros e conden\u00e1veis, como posicionamentos que tomou n\u00e3o apenas em rela\u00e7\u00e3o ao papa, mas tamb\u00e9m aos chamados anabatistas, ala radical da\u00a0<strong>Reforma<\/strong>, aos judeus e tamb\u00e9m manifesta\u00e7\u00f5es acerca de\u00a0<strong>Maom\u00e9<\/strong>. Ele pr\u00f3prio estava muito consciente de suas limita\u00e7\u00f5es e pediu expl\u00edcita e contundentemente que ningu\u00e9m se chamasse de luterano, mas simplesmente de crist\u00e3o. (\u201cQuem sou eu, pobre e fedorento saco de vermes, a que se chamem por meu indigno nome?\u201d \u201cN\u00e3o fui crucificado por ningu\u00e9m.\u201d). Por conting\u00eancia hist\u00f3rica surgiram igrejas \u201cluteranas\u201d, e hoje cerca de 75 milh\u00f5es de pessoas crist\u00e3s no mundo se entendem como \u201cluteranas\u201d.<\/p>\n<p>Sabem-se, contudo, muito mais como \u201c<strong>evang\u00e9licas<\/strong>\u201d, no sentido de se sentirem agraciadas pelas boas novas da liberdade em Cristo e comprometidas com o chamado a servir em amor a seu pr\u00f3ximo. Em belo escrito acerca do\u00a0<strong>C\u00e2ntico de Maria<\/strong>\u00a0(o\u00a0<a href=\"http:\/\/www.ihu.unisinos.br\/170-noticias\/noticias-2014\/536068-o-mundo-ao-avesso-do-magnificat-entrevista-com-mariapia-veladiano\" target=\"_blank\" rel=\"noopener noreferrer\">Magnificat<\/a>), de 1521,\u00a0<strong>Lutero<\/strong>\u00a0exaltou com a Virgem Maria o Deus que \u201cderrubou do seu trono os poderosos e exaltou os humildes\u201d (Lucas 1:52). Isso vale a pena comemorar, no sentido de evocar sua mem\u00f3ria e no sentido de se comprometer como uma tarefa recebida.<\/p>\n","protected":false},"excerpt":{"rendered":"<p>Do Instituto Humanitas Unisinos &#8211;\u00a0Martinho Lutero\u00a0tem na\u00a0cr\u00edtica \u00e0s indulg\u00eancias\u00a0o ponto mais lembrado quando se fala nas raz\u00f5es que o levaram a se insurgir contra a\u00a0Igreja. Nessa quest\u00e3o das indulg\u00eancias \u2013 apenas um dos tantos pontos propostos por ele \u2013, \u00e9 importante compreender o que est\u00e1 por tr\u00e1s dessa cr\u00edtica.<\/p>\n","protected":false},"author":1,"featured_media":0,"comment_status":"closed","ping_status":"open","sticky":false,"template":"","format":"standard","meta":{"_exactmetrics_skip_tracking":false,"_exactmetrics_sitenote_active":false,"_exactmetrics_sitenote_note":"","_exactmetrics_sitenote_category":0,"jetpack_post_was_ever_published":false,"_jetpack_newsletter_access":"","_jetpack_dont_email_post_to_subs":false,"_jetpack_newsletter_tier_id":0,"_jetpack_memberships_contains_paywalled_content":false,"_jetpack_memberships_contains_paid_content":false,"footnotes":"","jetpack_publicize_message":"","jetpack_publicize_feature_enabled":true,"jetpack_social_post_already_shared":true,"jetpack_social_options":{"image_generator_settings":{"template":"highway","enabled":false},"version":2}},"categories":[1],"tags":[],"class_list":["post-14723","post","type-post","status-publish","format-standard","hentry","category-notas"],"jetpack_publicize_connections":[],"jetpack_sharing_enabled":true,"jetpack_featured_media_url":"","jetpack_shortlink":"https:\/\/wp.me\/p7wKYW-3Pt","jetpack-related-posts":[],"_links":{"self":[{"href":"http:\/\/blogdalucianaoliveira.com.br\/blog\/wp-json\/wp\/v2\/posts\/14723","targetHints":{"allow":["GET"]}}],"collection":[{"href":"http:\/\/blogdalucianaoliveira.com.br\/blog\/wp-json\/wp\/v2\/posts"}],"about":[{"href":"http:\/\/blogdalucianaoliveira.com.br\/blog\/wp-json\/wp\/v2\/types\/post"}],"author":[{"embeddable":true,"href":"http:\/\/blogdalucianaoliveira.com.br\/blog\/wp-json\/wp\/v2\/users\/1"}],"replies":[{"embeddable":true,"href":"http:\/\/blogdalucianaoliveira.com.br\/blog\/wp-json\/wp\/v2\/comments?post=14723"}],"version-history":[{"count":1,"href":"http:\/\/blogdalucianaoliveira.com.br\/blog\/wp-json\/wp\/v2\/posts\/14723\/revisions"}],"predecessor-version":[{"id":14725,"href":"http:\/\/blogdalucianaoliveira.com.br\/blog\/wp-json\/wp\/v2\/posts\/14723\/revisions\/14725"}],"wp:attachment":[{"href":"http:\/\/blogdalucianaoliveira.com.br\/blog\/wp-json\/wp\/v2\/media?parent=14723"}],"wp:term":[{"taxonomy":"category","embeddable":true,"href":"http:\/\/blogdalucianaoliveira.com.br\/blog\/wp-json\/wp\/v2\/categories?post=14723"},{"taxonomy":"post_tag","embeddable":true,"href":"http:\/\/blogdalucianaoliveira.com.br\/blog\/wp-json\/wp\/v2\/tags?post=14723"}],"curies":[{"name":"wp","href":"https:\/\/api.w.org\/{rel}","templated":true}]}}