{"id":14726,"date":"2017-11-01T16:19:10","date_gmt":"2017-11-01T20:19:10","guid":{"rendered":"http:\/\/blogdalucianaoliveira.com.br\/blog\/?p=14726"},"modified":"2017-11-01T16:19:10","modified_gmt":"2017-11-01T20:19:10","slug":"mpf-questiona-constitucionalidade-de-foro-especial-para-crime-de-militar-contra-civil","status":"publish","type":"post","link":"http:\/\/blogdalucianaoliveira.com.br\/blog\/2017\/11\/01\/mpf-questiona-constitucionalidade-de-foro-especial-para-crime-de-militar-contra-civil\/","title":{"rendered":"MPF questiona constitucionalidade de foro especial para crime de militar contra civil"},"content":{"rendered":"<h2 class=\"description\"><img data-recalc-dims=\"1\" loading=\"lazy\" decoding=\"async\" data-attachment-id=\"14727\" data-permalink=\"http:\/\/blogdalucianaoliveira.com.br\/blog\/2017\/11\/01\/mpf-questiona-constitucionalidade-de-foro-especial-para-crime-de-militar-contra-civil\/e\/\" data-orig-file=\"https:\/\/i0.wp.com\/blogdalucianaoliveira.com.br\/blog\/wp-content\/uploads\/2017\/11\/e.jpg?fit=640%2C427\" data-orig-size=\"640,427\" data-comments-opened=\"0\" data-image-meta=\"{&quot;aperture&quot;:&quot;0&quot;,&quot;credit&quot;:&quot;&quot;,&quot;camera&quot;:&quot;&quot;,&quot;caption&quot;:&quot;&quot;,&quot;created_timestamp&quot;:&quot;0&quot;,&quot;copyright&quot;:&quot;&quot;,&quot;focal_length&quot;:&quot;0&quot;,&quot;iso&quot;:&quot;0&quot;,&quot;shutter_speed&quot;:&quot;0&quot;,&quot;title&quot;:&quot;&quot;,&quot;orientation&quot;:&quot;0&quot;}\" data-image-title=\"e\" data-image-description=\"\" data-image-caption=\"\" data-medium-file=\"https:\/\/i0.wp.com\/blogdalucianaoliveira.com.br\/blog\/wp-content\/uploads\/2017\/11\/e.jpg?fit=300%2C200\" data-large-file=\"https:\/\/i0.wp.com\/blogdalucianaoliveira.com.br\/blog\/wp-content\/uploads\/2017\/11\/e.jpg?fit=600%2C400\" class=\"alignnone size-full wp-image-14727\" src=\"https:\/\/i0.wp.com\/blogdalucianaoliveira.com.br\/blog\/wp-content\/uploads\/2017\/11\/e.jpg?resize=600%2C400\" alt=\"e\" width=\"600\" height=\"400\" srcset=\"https:\/\/i0.wp.com\/blogdalucianaoliveira.com.br\/blog\/wp-content\/uploads\/2017\/11\/e.jpg?w=640 640w, https:\/\/i0.wp.com\/blogdalucianaoliveira.com.br\/blog\/wp-content\/uploads\/2017\/11\/e.jpg?resize=300%2C200 300w, https:\/\/i0.wp.com\/blogdalucianaoliveira.com.br\/blog\/wp-content\/uploads\/2017\/11\/e.jpg?resize=450%2C300 450w\" sizes=\"auto, (max-width: 600px) 100vw, 600px\" \/><\/h2>\n<h2 class=\"description\">Lei que transfere julgamentos para Justi\u00e7a Militar foi sancionada pelo presidente golpista Michel Temer<\/h2>\n<p><!--more--><\/p>\n<div class=\"details-bar\">\n<div class=\"author-time\">\n<address class=\"author\">Rafael Tatemoto<\/address>\n<div class=\"place-and-time\">\n<div class=\"place\">\n<p>Brasil de Fato | Bras\u00edlia (DF)<\/p>\n<\/div>\n<p>A Procuradoria Federal dos Direitos do Cidad\u00e3o (PFDC) questionou a constitucionalidade da lei que modifica a compet\u00eancia para julgamentos de crimes dolosos cometidos por militares das For\u00e7as Armadas contra civis durante opera\u00e7\u00f5es de apoio \u00e0 seguran\u00e7a p\u00fablica.<\/p>\n<p>O \u00f3rg\u00e3o, que \u00e9 um inst\u00e2ncia interna do Minist\u00e9rio P\u00fablico Federal (MPF), se manifestou por meio de um pedido de a\u00e7\u00e3o de inconstitucionalidade encaminhado \u00e0 Procuradoria-Geral da Rep\u00fablica (PGR), inst\u00e2ncia m\u00e1xima da institui\u00e7\u00e3o.<\/p>\n<p>Tamb\u00e9m assinam o documento, a C\u00e2mara Criminal e a C\u00e2mara de Controle Externo da Atividade Policial e Sistema Prisional do Minist\u00e9rio P\u00fablico.<\/p>\n<p>A lei que modifica os julgamentos foi sancionada pelo presidente golpista Michel Temer (PMDB). Na pr\u00e1tica, ela transfere os julgamentos do tribunal do j\u00fari para a Justi\u00e7a Militar.<\/p>\n<p>Originalmente, o projeto aprovado estabelecia mudan\u00e7a tempor\u00e1ria de foro, somente para o per\u00edodo da realiza\u00e7\u00e3o da Copa do Mundo e das Olimp\u00edadas. A ressalva foi vetada pela Presid\u00eancia.<\/p>\n<p>O pedido dos \u00f3rg\u00e3os do Minist\u00e9rio P\u00fablico aponta que a lei fere o princ\u00edpio da isonomia, j\u00e1 que os militares federais ser\u00e3o julgados por seus pares, e n\u00e3o no tribunal do j\u00fari, como \u00e9 o caso dos integrantes das for\u00e7as policias estaduais.<\/p>\n<p>Al\u00e9m disso, a Procuradoria do Cidad\u00e3o afirma que a altera\u00e7\u00e3o fere tratados internacionais assinados pelo pa\u00eds.<\/p>\n<p>O deputado federal\u00a0Esperidi\u00e3o Amin (PP-SC)\u00a0\u00e9 autor do projeto de lei original. Em entrevista ao Brasil de Fato, por email, ele afirmou que \u201co ingresso com a\u00e7\u00e3o direta de inconstitucionalidade \u00e9 o caminho correto\u201d, j\u00e1 que a proposta \u201ctinha como foco as Olimp\u00edadas e as ParaOlimp\u00edadas, com prazo at\u00e9 o fim de 2016\u201d.<\/p>\n<p>Gabriel Santos Elias, assessor do N\u00facleo de Atua\u00e7\u00e3o Pol\u00edtica do Instituto Brasileiro de Ci\u00eancias Criminais (IBCCRIM) concorda que a altera\u00e7\u00e3o \u00e9 inconstitucional. Para ele, o pr\u00f3prio uso das For\u00e7as Armadas na seguran\u00e7a p\u00fablica deve ser combatido.<\/p>\n<p>&#8220;A tend\u00eancia \u00e9 que isso enfraque\u00e7a o poder das For\u00e7as Armadas e aumente a sensa\u00e7\u00e3o de inseguran\u00e7a, porque \u00e9 uma atua\u00e7\u00e3o unicamente baseada na viol\u00eancia. Com a crise econ\u00f4mica, aumento do desemprego, diminui\u00e7\u00e3o de recursos em assist\u00eancia social h\u00e1 sim um aumento da sensa\u00e7\u00e3o de inseguran\u00e7a nas cidades. Tem se buscado solu\u00e7\u00f5es que, na verdade, n\u00e3o s\u00e3o solu\u00e7\u00f5es\u201d, disse.<\/p>\n<p>Para Elias, h\u00e1 solu\u00e7\u00e3o dos problemas de seguran\u00e7a p\u00fablica, mas elas exigem a atua\u00e7\u00e3o em diversas frentes para al\u00e9m do policiamento em si. \u201cA ideia que n\u00f3s defendemos \u00e9 o refor\u00e7o das pol\u00edticas de seguridade social e de direitos aos cidad\u00e3os de forma ampla e, al\u00e9m disso, uma for\u00e7a de policiamento que seja comunit\u00e1ria, que n\u00e3o seja baseada somente no combate violento \u00e0s organiza\u00e7\u00f5es criminosas, mas tamb\u00e9m na presen\u00e7a do Estado\u201d, pontuou.<\/p>\n<p>A Procuradoria-Geral da Rep\u00fablica afirmou que ainda analisa a quest\u00e3o. A Presid\u00eancia da Rep\u00fablica n\u00e3o retornou o contato da reportagem.<\/p>\n<p class=\"editor\">Edi\u00e7\u00e3o: Simone Freire<\/p>\n<div class=\"content-footer\"><\/div>\n<\/div>\n<\/div>\n<\/div>\n","protected":false},"excerpt":{"rendered":"<p>Lei que transfere julgamentos para Justi\u00e7a Militar foi sancionada pelo presidente golpista Michel Temer<\/p>\n","protected":false},"author":1,"featured_media":0,"comment_status":"closed","ping_status":"open","sticky":false,"template":"","format":"standard","meta":{"_exactmetrics_skip_tracking":false,"_exactmetrics_sitenote_active":false,"_exactmetrics_sitenote_note":"","_exactmetrics_sitenote_category":0,"jetpack_post_was_ever_published":false,"_jetpack_newsletter_access":"","_jetpack_dont_email_post_to_subs":false,"_jetpack_newsletter_tier_id":0,"_jetpack_memberships_contains_paywalled_content":false,"_jetpack_memberships_contains_paid_content":false,"footnotes":"","jetpack_publicize_message":"","jetpack_publicize_feature_enabled":true,"jetpack_social_post_already_shared":true,"jetpack_social_options":{"image_generator_settings":{"template":"highway","enabled":false},"version":2}},"categories":[1],"tags":[],"class_list":["post-14726","post","type-post","status-publish","format-standard","hentry","category-notas"],"jetpack_publicize_connections":[],"jetpack_sharing_enabled":true,"jetpack_featured_media_url":"","jetpack_shortlink":"https:\/\/wp.me\/p7wKYW-3Pw","jetpack-related-posts":[],"_links":{"self":[{"href":"http:\/\/blogdalucianaoliveira.com.br\/blog\/wp-json\/wp\/v2\/posts\/14726","targetHints":{"allow":["GET"]}}],"collection":[{"href":"http:\/\/blogdalucianaoliveira.com.br\/blog\/wp-json\/wp\/v2\/posts"}],"about":[{"href":"http:\/\/blogdalucianaoliveira.com.br\/blog\/wp-json\/wp\/v2\/types\/post"}],"author":[{"embeddable":true,"href":"http:\/\/blogdalucianaoliveira.com.br\/blog\/wp-json\/wp\/v2\/users\/1"}],"replies":[{"embeddable":true,"href":"http:\/\/blogdalucianaoliveira.com.br\/blog\/wp-json\/wp\/v2\/comments?post=14726"}],"version-history":[{"count":1,"href":"http:\/\/blogdalucianaoliveira.com.br\/blog\/wp-json\/wp\/v2\/posts\/14726\/revisions"}],"predecessor-version":[{"id":14728,"href":"http:\/\/blogdalucianaoliveira.com.br\/blog\/wp-json\/wp\/v2\/posts\/14726\/revisions\/14728"}],"wp:attachment":[{"href":"http:\/\/blogdalucianaoliveira.com.br\/blog\/wp-json\/wp\/v2\/media?parent=14726"}],"wp:term":[{"taxonomy":"category","embeddable":true,"href":"http:\/\/blogdalucianaoliveira.com.br\/blog\/wp-json\/wp\/v2\/categories?post=14726"},{"taxonomy":"post_tag","embeddable":true,"href":"http:\/\/blogdalucianaoliveira.com.br\/blog\/wp-json\/wp\/v2\/tags?post=14726"}],"curies":[{"name":"wp","href":"https:\/\/api.w.org\/{rel}","templated":true}]}}