{"id":1479,"date":"2016-06-05T12:46:40","date_gmt":"2016-06-05T16:46:40","guid":{"rendered":"http:\/\/blogdalucianaoliveira.com.br\/blog\/?p=1479"},"modified":"2016-06-05T12:47:57","modified_gmt":"2016-06-05T16:47:57","slug":"parabens-ou-melhor-bem-feito","status":"publish","type":"post","link":"http:\/\/blogdalucianaoliveira.com.br\/blog\/2016\/06\/05\/parabens-ou-melhor-bem-feito\/","title":{"rendered":"Parab\u00e9ns! Ou melhor, bem feito!"},"content":{"rendered":"<p><img data-recalc-dims=\"1\" loading=\"lazy\" decoding=\"async\" data-attachment-id=\"1480\" data-permalink=\"http:\/\/blogdalucianaoliveira.com.br\/blog\/2016\/06\/05\/parabens-ou-melhor-bem-feito\/image-318\/\" data-orig-file=\"https:\/\/i0.wp.com\/blogdalucianaoliveira.com.br\/blog\/wp-content\/uploads\/2016\/06\/image-13.jpeg?fit=406%2C362\" data-orig-size=\"406,362\" data-comments-opened=\"0\" data-image-meta=\"{&quot;aperture&quot;:&quot;0&quot;,&quot;credit&quot;:&quot;&quot;,&quot;camera&quot;:&quot;&quot;,&quot;caption&quot;:&quot;&quot;,&quot;created_timestamp&quot;:&quot;0&quot;,&quot;copyright&quot;:&quot;&quot;,&quot;focal_length&quot;:&quot;0&quot;,&quot;iso&quot;:&quot;0&quot;,&quot;shutter_speed&quot;:&quot;0&quot;,&quot;title&quot;:&quot;&quot;,&quot;orientation&quot;:&quot;0&quot;}\" data-image-title=\"image\" data-image-description=\"\" data-image-caption=\"\" data-medium-file=\"https:\/\/i0.wp.com\/blogdalucianaoliveira.com.br\/blog\/wp-content\/uploads\/2016\/06\/image-13.jpeg?fit=300%2C267\" data-large-file=\"https:\/\/i0.wp.com\/blogdalucianaoliveira.com.br\/blog\/wp-content\/uploads\/2016\/06\/image-13.jpeg?fit=406%2C362\" src=\"https:\/\/i0.wp.com\/blogdalucianaoliveira.com.br\/blog\/wp-content\/uploads\/2016\/06\/image-13.jpeg?resize=406%2C362\" alt=\"image\" width=\"406\" height=\"362\" class=\"alignnone size-full wp-image-1480\" srcset=\"https:\/\/i0.wp.com\/blogdalucianaoliveira.com.br\/blog\/wp-content\/uploads\/2016\/06\/image-13.jpeg?w=406 406w, https:\/\/i0.wp.com\/blogdalucianaoliveira.com.br\/blog\/wp-content\/uploads\/2016\/06\/image-13.jpeg?resize=300%2C267 300w, https:\/\/i0.wp.com\/blogdalucianaoliveira.com.br\/blog\/wp-content\/uploads\/2016\/06\/image-13.jpeg?resize=336%2C300 336w\" sizes=\"auto, (max-width: 406px) 100vw, 406px\" \/><\/p>\n<p>E ai, feliz\u00e3o com as recentes a\u00e7\u00f5es do governo interino? <\/p>\n<p>Pois \u00e9 amigo leitor, espero que n\u00e3o tenha se arrependido depois de tanto esfor\u00e7o para ajudar a dar um bico nas urnas, rasgar quase 55 milh\u00f5es de votos e tirar do Planalto uma presidente eleita legitimamente pela maioria do provo brasileiros. Espero mesmo, de cora\u00e7\u00e3o!<!--more--><\/p>\n<p>E ent\u00e3o, voc\u00ea viu a \u00faltima? Os caras do governo interino anunciam um buraco de R$ 170 bilh\u00f5es, prometem cortes dr\u00e1sticos em programas sociais e, e, e\u2026.. conferem a si pr\u00f3prios e a todo o funcionalismo um aumento de sal\u00e1rio que gerar\u00e1 impacto de R$ 59 bilh\u00f5es nas finan\u00e7as p\u00fablicas at\u00e9 2019. N\u00e3o \u00e9 interessante? Conseguiram achar dinheiro na falta de dinheiro para se auto presentearem! Os caras s\u00e3o bons mesmos, n\u00e9?<\/p>\n<p>N\u00e3o vamos ser repetitivos e colocar \u00e1gua no seu chopp. Queremos hoje deix\u00e1-lo festejar em paz as novas medidas do governo usurpador. N\u00e3o, n\u00e3o vamos falar nas inten\u00e7\u00f5es declaradas de membros \u00edntimos do governo interino em cessar as investiga\u00e7\u00f5es da Lava-Jato. Eles disseram e voc\u00ea acreditou que o Golpe de Estado era para dar fim a corrup\u00e7\u00e3o, acabar com o maldito Partido dos Trabalhadores e tirar de cena o sapo barbudo. N\u00e3o quero desmenti-los e nem deix\u00e1-lo decepcionado. N\u00e3o, n\u00e3o vou fazer isso, fique tranquilo! Continue acreditando neles, em Papai Noel, Coelho da P\u00e1scoa, Fada do Dente etc\u2026<\/p>\n<p>Tamb\u00e9m n\u00e3o vou falar do chanceler que envergonha o Brasil no Exterior, que manda a pol\u00edcia francesa acabar com protestos de brasileiros em Paris contra o atentado \u00e0 Democracia no Brasil. N\u00e3o, n\u00e3o vou falar mesmo, \u201cteje\u201d calmo. N\u00e3o, n\u00e3o vou repetir aquela hist\u00f3ria que em Buenos Aires ele entrou pela porta dos fundos do pr\u00e9dio onde aconteceria a reuni\u00e3o com o presidente Macri s\u00f3 porque n\u00e3o teve coragem de encarar os manifestantes. Tamb\u00e9m n\u00e3o vou dar um pio sobre a tentativa de agress\u00e3o do senador Aloysio Nunes Ferreira a um jornalista apenas somente porque ele perguntou sobre a cita\u00e7\u00e3o de seu nome na Lava-Jato. E, tamb\u00e9m, nada direi dos dois milh\u00f5es de reais em im\u00f3veis registrados no nome de Michelzinho, o filhinho de sete anos do interino.<\/p>\n<p>Hoje n\u00e3o vou falar nada! Vou deix\u00e1-lo comemorar as \u00faltimas na \u201csanta paz\u201d. Era isso que voc\u00ea queira, pois voc\u00ea conseguiu.<\/p>\n<p>Parab\u00e9ns. Ou melhor, bem feito!<\/p>\n<p>Fonte: https:\/\/cronicasdeumjornalistadesacocheio.wordpress.com\/sobre\/<\/p>\n","protected":false},"excerpt":{"rendered":"<p>E ai, feliz\u00e3o com as recentes a\u00e7\u00f5es do governo interino? Pois \u00e9 amigo leitor, espero que n\u00e3o tenha se arrependido depois de tanto esfor\u00e7o para ajudar a dar um bico nas urnas, rasgar quase 55 milh\u00f5es de votos e tirar do Planalto uma presidente eleita legitimamente pela maioria do provo brasileiros. Espero mesmo, de cora\u00e7\u00e3o!<\/p>\n","protected":false},"author":1,"featured_media":0,"comment_status":"closed","ping_status":"open","sticky":false,"template":"","format":"standard","meta":{"_exactmetrics_skip_tracking":false,"_exactmetrics_sitenote_active":false,"_exactmetrics_sitenote_note":"","_exactmetrics_sitenote_category":0,"jetpack_post_was_ever_published":false,"_jetpack_newsletter_access":"","_jetpack_dont_email_post_to_subs":false,"_jetpack_newsletter_tier_id":0,"_jetpack_memberships_contains_paywalled_content":false,"_jetpack_memberships_contains_paid_content":false,"footnotes":"","jetpack_publicize_message":"","jetpack_publicize_feature_enabled":true,"jetpack_social_post_already_shared":true,"jetpack_social_options":{"image_generator_settings":{"template":"highway","enabled":false},"version":2}},"categories":[1],"tags":[21,39,45,112],"class_list":["post-1479","post","type-post","status-publish","format-standard","hentry","category-notas","tag-corrupcao","tag-golpe","tag-temer","tag-trouxinha"],"jetpack_publicize_connections":[],"jetpack_sharing_enabled":true,"jetpack_featured_media_url":"","jetpack_shortlink":"https:\/\/wp.me\/p7wKYW-nR","jetpack-related-posts":[],"_links":{"self":[{"href":"http:\/\/blogdalucianaoliveira.com.br\/blog\/wp-json\/wp\/v2\/posts\/1479","targetHints":{"allow":["GET"]}}],"collection":[{"href":"http:\/\/blogdalucianaoliveira.com.br\/blog\/wp-json\/wp\/v2\/posts"}],"about":[{"href":"http:\/\/blogdalucianaoliveira.com.br\/blog\/wp-json\/wp\/v2\/types\/post"}],"author":[{"embeddable":true,"href":"http:\/\/blogdalucianaoliveira.com.br\/blog\/wp-json\/wp\/v2\/users\/1"}],"replies":[{"embeddable":true,"href":"http:\/\/blogdalucianaoliveira.com.br\/blog\/wp-json\/wp\/v2\/comments?post=1479"}],"version-history":[{"count":2,"href":"http:\/\/blogdalucianaoliveira.com.br\/blog\/wp-json\/wp\/v2\/posts\/1479\/revisions"}],"predecessor-version":[{"id":1482,"href":"http:\/\/blogdalucianaoliveira.com.br\/blog\/wp-json\/wp\/v2\/posts\/1479\/revisions\/1482"}],"wp:attachment":[{"href":"http:\/\/blogdalucianaoliveira.com.br\/blog\/wp-json\/wp\/v2\/media?parent=1479"}],"wp:term":[{"taxonomy":"category","embeddable":true,"href":"http:\/\/blogdalucianaoliveira.com.br\/blog\/wp-json\/wp\/v2\/categories?post=1479"},{"taxonomy":"post_tag","embeddable":true,"href":"http:\/\/blogdalucianaoliveira.com.br\/blog\/wp-json\/wp\/v2\/tags?post=1479"}],"curies":[{"name":"wp","href":"https:\/\/api.w.org\/{rel}","templated":true}]}}