{"id":14978,"date":"2017-11-14T07:25:24","date_gmt":"2017-11-14T11:25:24","guid":{"rendered":"http:\/\/blogdalucianaoliveira.com.br\/blog\/?p=14978"},"modified":"2017-11-14T07:27:30","modified_gmt":"2017-11-14T11:27:30","slug":"tribunal-popular-julga-hoje-impactos-causados-por-usinas-do-madeira","status":"publish","type":"post","link":"http:\/\/blogdalucianaoliveira.com.br\/blog\/2017\/11\/14\/tribunal-popular-julga-hoje-impactos-causados-por-usinas-do-madeira\/","title":{"rendered":"Tribunal Popular julga hoje impactos causados por usinas do Madeira"},"content":{"rendered":"<p><img data-recalc-dims=\"1\" loading=\"lazy\" decoding=\"async\" data-attachment-id=\"14979\" data-permalink=\"http:\/\/blogdalucianaoliveira.com.br\/blog\/2017\/11\/14\/tribunal-popular-julga-hoje-impactos-causados-por-usinas-do-madeira\/1e25dcb5-8bda-42e7-aa83-bade82321cab\/\" data-orig-file=\"https:\/\/i0.wp.com\/blogdalucianaoliveira.com.br\/blog\/wp-content\/uploads\/2017\/11\/1E25DCB5-8BDA-42E7-AA83-BADE82321CAB.jpeg?fit=905%2C1280\" data-orig-size=\"905,1280\" data-comments-opened=\"0\" data-image-meta=\"{&quot;aperture&quot;:&quot;0&quot;,&quot;credit&quot;:&quot;&quot;,&quot;camera&quot;:&quot;&quot;,&quot;caption&quot;:&quot;&quot;,&quot;created_timestamp&quot;:&quot;0&quot;,&quot;copyright&quot;:&quot;&quot;,&quot;focal_length&quot;:&quot;0&quot;,&quot;iso&quot;:&quot;0&quot;,&quot;shutter_speed&quot;:&quot;0&quot;,&quot;title&quot;:&quot;&quot;,&quot;orientation&quot;:&quot;1&quot;}\" data-image-title=\"1E25DCB5-8BDA-42E7-AA83-BADE82321CAB\" data-image-description=\"\" data-image-caption=\"\" data-medium-file=\"https:\/\/i0.wp.com\/blogdalucianaoliveira.com.br\/blog\/wp-content\/uploads\/2017\/11\/1E25DCB5-8BDA-42E7-AA83-BADE82321CAB.jpeg?fit=212%2C300\" data-large-file=\"https:\/\/i0.wp.com\/blogdalucianaoliveira.com.br\/blog\/wp-content\/uploads\/2017\/11\/1E25DCB5-8BDA-42E7-AA83-BADE82321CAB.jpeg?fit=600%2C849\" class=\"alignnone size-full wp-image-14979\" src=\"https:\/\/i0.wp.com\/blogdalucianaoliveira.com.br\/blog\/wp-content\/uploads\/2017\/11\/1E25DCB5-8BDA-42E7-AA83-BADE82321CAB.jpeg?resize=600%2C849\" alt=\"1E25DCB5-8BDA-42E7-AA83-BADE82321CAB\" width=\"600\" height=\"849\" srcset=\"https:\/\/i0.wp.com\/blogdalucianaoliveira.com.br\/blog\/wp-content\/uploads\/2017\/11\/1E25DCB5-8BDA-42E7-AA83-BADE82321CAB.jpeg?w=905 905w, https:\/\/i0.wp.com\/blogdalucianaoliveira.com.br\/blog\/wp-content\/uploads\/2017\/11\/1E25DCB5-8BDA-42E7-AA83-BADE82321CAB.jpeg?resize=212%2C300 212w, https:\/\/i0.wp.com\/blogdalucianaoliveira.com.br\/blog\/wp-content\/uploads\/2017\/11\/1E25DCB5-8BDA-42E7-AA83-BADE82321CAB.jpeg?resize=768%2C1086 768w, https:\/\/i0.wp.com\/blogdalucianaoliveira.com.br\/blog\/wp-content\/uploads\/2017\/11\/1E25DCB5-8BDA-42E7-AA83-BADE82321CAB.jpeg?resize=724%2C1024 724w\" sizes=\"auto, (max-width: 600px) 100vw, 600px\" \/><\/p>\n<p>O julgamento acontecer\u00e1 no Minist\u00e9rio P\u00fablico do Estado de Rond\u00f4nia, a partir das 14 horas.<!--more--><\/p>\n<p>\u00c9 organizado pelo Grupo de Pesquisa Energia Renov\u00e1vel Sustent\u00e1vel \u2013 GPERS, Instituto Madeira Vivo \u2013 IMV, Movimento dos Atingidos Por Barragens \u2013 MAB, Comiss\u00e3o Pastoral da Terra \u2013 CPT, Conselho Indigenista \u2013 CIMI, Central de Movimentos Populares \u2013 CMP, Alian\u00e7a Dos Rios Panamaz\u00f4nicos e com a participa\u00e7\u00e3o das pastorais sociais da arquidiocese de Porto Velho.<\/p>\n<p>A ideia surgiu no II Encontro Sem Fronteiras Brasil, Bol\u00edvia e Peru, realizado em agosto de 2016.<\/p>\n<p>A inten\u00e7\u00e3o \u00e9 demonstrar o que de fato ocorreu e se agrava em termos de impactos sociais e ambientais com a implanta\u00e7\u00e3o das usinas hidrel\u00e9tricas de Santo Ant\u00f4nio e Jirau, no rio Madeira.<\/p>\n<p>Desde o in\u00edcio do megaprojeto que visa a Integra\u00e7\u00e3o de Infraestrutura Regional Sul-Americana (IIRSA), firmado em 2000 pelos presidentes dos 12 pa\u00edses da Am\u00e9rica do Sul para incentivar a integra\u00e7\u00e3o f\u00edsica e econ\u00f4mica da regi\u00e3o, que o Minist\u00e9rio P\u00fablico e ambientalistas alertam para os impactos da constru\u00e7\u00e3o na regi\u00e3o de rica biodiversidade e intensa vida ribeirinha.<\/p>\n<p>E s\u00e3o v\u00e1rios os aspectos que mudaram para sempre o meio ambiente e a vida em comunidades atingidas, o que gerou v\u00e1rias a\u00e7\u00f5es judiciais, individuais e coletivas.<\/p>\n<p>Recentemente, por conta de um erro o Operador Nacional do Sistema El\u00e9trico (ONS), determinou uma redu\u00e7\u00e3o de at\u00e9 1.600 megawatts do potencial total das usinas \u2013 o suficiente para atender cerca de 5 milh\u00f5es de pessoas \u2013 sob risco de causar um blecaute nas regi\u00f5es Sul e Sudeste do Pa\u00eds.<\/p>\n<p>Leia mais aqui: http:\/\/blogdalucianaoliveira.com.br\/blog\/2017\/10\/24\/apos-uma-decada-para-concluir-erro-de-projeto-limita-a-geracao-de-usinas-do-madeira-que-custaram-r-40-bilhoes\/<\/p>\n<p>\u00c9 um Tribunal Popular para an\u00e1lise t\u00e9cnica e pol\u00edtica das viola\u00e7\u00f5es de direitos ocorridas com a constru\u00e7\u00e3o da usinas, que resultaram em crimes contra o meio ambiente e pessoas.<\/p>\n<p>A cheia avassaladora de 2014, a lentid\u00e3o das a\u00e7\u00f5es judiciais e o assassinato da lideran\u00e7a do MAB, Nilce de Souza Magalh\u00e3es, ter\u00e3o destaque no julgamento.<\/p>\n<p>\u00c1guas Para Vida: atingidos da usina de Jirau. Foto: Joka Madrug<\/p>\n<p>A participa\u00e7\u00e3o de atingidos ser\u00e1 emblem\u00e1tica, com v\u00edtimas da \u00e1rea urbana e rural, inclusive da Bol\u00edvia.<br \/>\nPescadores, ribeirinhos, agricultores, especialistas nos campos energ\u00e9tico e ambiental, ir\u00e3o testemunhar sobre o que ocorreu ap\u00f3s a constru\u00e7\u00e3o das usinas.<\/p>\n<p>O corpo de jurados ser\u00e1 formado pelo especialista em modelo energ\u00e9tico e pessoas cr\u00edticas e comprometidas com lutas sociais, entre eles, o bispo Dom Ant\u00f4nio Possamai, o psic\u00f3logo Aloisio Vidal, o f\u00edsico Artur Moret, a jornalista Luciana Oliveira e o Deputado Estadual Lazinho da Fetagro.<\/p>\n<p>O juiz que coordenar\u00e1 o I Tribunal Popular \u00e9 Marcos Aur\u00e9lio Bastos de Macedo, da Bahia.<\/p>\n<p>Ernande Segismundo e Bruna Balbi, s\u00e3o os advogados de acusa\u00e7\u00e3o.<\/p>\n<p>Qualquer pessoa pode assistir e ter\u00e1 direito a certificado.<\/p>\n","protected":false},"excerpt":{"rendered":"<p>O julgamento acontecer\u00e1 no Minist\u00e9rio P\u00fablico do Estado de Rond\u00f4nia, a partir das 14 horas.<\/p>\n","protected":false},"author":1,"featured_media":14979,"comment_status":"closed","ping_status":"open","sticky":false,"template":"","format":"standard","meta":{"_exactmetrics_skip_tracking":false,"_exactmetrics_sitenote_active":false,"_exactmetrics_sitenote_note":"","_exactmetrics_sitenote_category":0,"jetpack_post_was_ever_published":false,"_jetpack_newsletter_access":"","_jetpack_dont_email_post_to_subs":false,"_jetpack_newsletter_tier_id":0,"_jetpack_memberships_contains_paywalled_content":false,"_jetpack_memberships_contains_paid_content":false,"footnotes":"","jetpack_publicize_message":"","jetpack_publicize_feature_enabled":true,"jetpack_social_post_already_shared":true,"jetpack_social_options":{"image_generator_settings":{"template":"highway","enabled":false},"version":2}},"categories":[1],"tags":[],"class_list":["post-14978","post","type-post","status-publish","format-standard","has-post-thumbnail","hentry","category-notas"],"jetpack_publicize_connections":[],"jetpack_sharing_enabled":true,"jetpack_featured_media_url":"https:\/\/i0.wp.com\/blogdalucianaoliveira.com.br\/blog\/wp-content\/uploads\/2017\/11\/1E25DCB5-8BDA-42E7-AA83-BADE82321CAB.jpeg?fit=905%2C1280","jetpack_shortlink":"https:\/\/wp.me\/p7wKYW-3TA","jetpack-related-posts":[],"_links":{"self":[{"href":"http:\/\/blogdalucianaoliveira.com.br\/blog\/wp-json\/wp\/v2\/posts\/14978","targetHints":{"allow":["GET"]}}],"collection":[{"href":"http:\/\/blogdalucianaoliveira.com.br\/blog\/wp-json\/wp\/v2\/posts"}],"about":[{"href":"http:\/\/blogdalucianaoliveira.com.br\/blog\/wp-json\/wp\/v2\/types\/post"}],"author":[{"embeddable":true,"href":"http:\/\/blogdalucianaoliveira.com.br\/blog\/wp-json\/wp\/v2\/users\/1"}],"replies":[{"embeddable":true,"href":"http:\/\/blogdalucianaoliveira.com.br\/blog\/wp-json\/wp\/v2\/comments?post=14978"}],"version-history":[{"count":3,"href":"http:\/\/blogdalucianaoliveira.com.br\/blog\/wp-json\/wp\/v2\/posts\/14978\/revisions"}],"predecessor-version":[{"id":14982,"href":"http:\/\/blogdalucianaoliveira.com.br\/blog\/wp-json\/wp\/v2\/posts\/14978\/revisions\/14982"}],"wp:featuredmedia":[{"embeddable":true,"href":"http:\/\/blogdalucianaoliveira.com.br\/blog\/wp-json\/wp\/v2\/media\/14979"}],"wp:attachment":[{"href":"http:\/\/blogdalucianaoliveira.com.br\/blog\/wp-json\/wp\/v2\/media?parent=14978"}],"wp:term":[{"taxonomy":"category","embeddable":true,"href":"http:\/\/blogdalucianaoliveira.com.br\/blog\/wp-json\/wp\/v2\/categories?post=14978"},{"taxonomy":"post_tag","embeddable":true,"href":"http:\/\/blogdalucianaoliveira.com.br\/blog\/wp-json\/wp\/v2\/tags?post=14978"}],"curies":[{"name":"wp","href":"https:\/\/api.w.org\/{rel}","templated":true}]}}