{"id":15002,"date":"2017-11-15T10:30:56","date_gmt":"2017-11-15T14:30:56","guid":{"rendered":"http:\/\/blogdalucianaoliveira.com.br\/blog\/?p=15002"},"modified":"2017-11-15T11:02:15","modified_gmt":"2017-11-15T15:02:15","slug":"uma-mentira-e-uma-rixa-amorosa-levaram-a-proclamacao-da-republica","status":"publish","type":"post","link":"http:\/\/blogdalucianaoliveira.com.br\/blog\/2017\/11\/15\/uma-mentira-e-uma-rixa-amorosa-levaram-a-proclamacao-da-republica\/","title":{"rendered":"Uma mentira e uma rixa amorosa levaram \u00e0 proclama\u00e7\u00e3o da Rep\u00fablica"},"content":{"rendered":"<p><img data-recalc-dims=\"1\" loading=\"lazy\" decoding=\"async\" data-attachment-id=\"15003\" data-permalink=\"http:\/\/blogdalucianaoliveira.com.br\/blog\/2017\/11\/15\/uma-mentira-e-uma-rixa-amorosa-levaram-a-proclamacao-da-republica\/deodoro\/\" data-orig-file=\"https:\/\/i0.wp.com\/blogdalucianaoliveira.com.br\/blog\/wp-content\/uploads\/2017\/11\/deodoro.png?fit=1000%2C666\" data-orig-size=\"1000,666\" data-comments-opened=\"0\" data-image-meta=\"{&quot;aperture&quot;:&quot;0&quot;,&quot;credit&quot;:&quot;&quot;,&quot;camera&quot;:&quot;&quot;,&quot;caption&quot;:&quot;&quot;,&quot;created_timestamp&quot;:&quot;0&quot;,&quot;copyright&quot;:&quot;&quot;,&quot;focal_length&quot;:&quot;0&quot;,&quot;iso&quot;:&quot;0&quot;,&quot;shutter_speed&quot;:&quot;0&quot;,&quot;title&quot;:&quot;&quot;,&quot;orientation&quot;:&quot;0&quot;}\" data-image-title=\"deodoro\" data-image-description=\"\" data-image-caption=\"\" data-medium-file=\"https:\/\/i0.wp.com\/blogdalucianaoliveira.com.br\/blog\/wp-content\/uploads\/2017\/11\/deodoro.png?fit=300%2C200\" data-large-file=\"https:\/\/i0.wp.com\/blogdalucianaoliveira.com.br\/blog\/wp-content\/uploads\/2017\/11\/deodoro.png?fit=600%2C400\" src=\"https:\/\/i0.wp.com\/blogdalucianaoliveira.com.br\/blog\/wp-content\/uploads\/2017\/11\/deodoro.png?resize=600%2C400\" alt=\"deodoro\" width=\"600\" height=\"400\" class=\"alignnone size-full wp-image-15003\" srcset=\"https:\/\/i0.wp.com\/blogdalucianaoliveira.com.br\/blog\/wp-content\/uploads\/2017\/11\/deodoro.png?w=1000 1000w, https:\/\/i0.wp.com\/blogdalucianaoliveira.com.br\/blog\/wp-content\/uploads\/2017\/11\/deodoro.png?resize=300%2C200 300w, https:\/\/i0.wp.com\/blogdalucianaoliveira.com.br\/blog\/wp-content\/uploads\/2017\/11\/deodoro.png?resize=768%2C511 768w, https:\/\/i0.wp.com\/blogdalucianaoliveira.com.br\/blog\/wp-content\/uploads\/2017\/11\/deodoro.png?resize=450%2C300 450w\" sizes=\"auto, (max-width: 600px) 100vw, 600px\" \/><\/p>\n<p>Na Super Interessante, Por Felipe van Deursen &#8211; A Guerra do Paraguai (1864-1870) matou cerca de 480 mil pessoas entre 1864 e 1870. O Paraguai foi devastado. Quase um quarto do territ\u00f3rio foi perdido para os inimigos, Brasil, Argentina e Uruguai. Cerca de 100 mil mortos, em um universo de at\u00e9 1,3 milh\u00e3o de habitantes, o que faz do pa\u00eds o Estado moderno com a maior perda de popula\u00e7\u00e3o causada por um conflito internacional. A poligamia informal se tornou comum. Com tantas vi\u00favas, \u00f3rf\u00e3s e solteiras, o pa\u00eds ficou conhecido como a Terra das Mulheres.<!--more--><\/p>\n<p>Desde ent\u00e3o, a pol\u00edtica no Paraguai \u00e9 um p\u00e2ntano. Somente em 1916, ap\u00f3s seis golpes de Estado, um presidente conseguiu cumprir o mandato at\u00e9 o fim. Houve oito revolu\u00e7\u00f5es fracassadas. Elei\u00e7\u00f5es democr\u00e1ticas, s\u00f3 em 1993. Em 1999, o presidente Ra\u00fal Cubas Grau foi acusado de envolvimento no assassinato de seu vice e renunciou. Em 2012, um processo de impeachment que durou menos de 48 horas destituiu Fernando Lugo do cargo.<\/p>\n<p>Se a guerra moldou toda a hist\u00f3ria do Paraguai, para o Brasil n\u00e3o foi diferente. A vit\u00f3ria transformou o Ex\u00e9rcito brasileiro em algo que ele nunca tinha sido: uma for\u00e7a pol\u00edtica, capaz de bater de frente com a aristocracia do imp\u00e9rio, caso fosse necess\u00e1rio. O que n\u00e3o demorou a acontecer. Em 1884, o tenente-coronel Sena Madureira, veterano da guerra e comandante da Escola de Tiro Campo Grande, no Rio de Janeiro, recebeu com festa o jangadeiro cearense Francisco Jos\u00e9 do Nascimento, um dos l\u00edderes abolicionistas do pa\u00eds. O governo considerou um ato de indisciplina, j\u00e1 que a escravid\u00e3o ainda era lei no pa\u00eds e cabia ao Ex\u00e9rcito ajudar na captura de escravos que fugiam. Sena Madureira acabou demitido, e trocou farpas na imprensa com o ministro da guerra, o civil Franco de S\u00e1.<\/p>\n<p>A atitude de Sena Madureira foi questionada, mas ele foi defendido por outro veterano do conflito no Paraguai, onde teve uma s\u00e9rie de promo\u00e7\u00f5es por atos de bravura. O marechal Deodoro da Fonseca argumentou que apenas a discuss\u00e3o p\u00fablica entre militares era proibida pela legisla\u00e7\u00e3o. Como o tenente-coronel fora atacado por uma autoridade civil, ele poderia responder \u00e0 altura. Por\u00e9m, antes que o of\u00edcio com a defesa de Deodoro, que ent\u00e3o era presidente em exerc\u00edcio da prov\u00edncia do Rio Grande do Sul, chegasse ao Rio de Janeiro, o novo ministro da guerra, Alfredo Chaves, puniu Sena Madureira. Isso uniu o Ex\u00e9rcito em solidariedade, e a chamada Quest\u00e3o Militar ficava mais forte. Na \u00e9poca, os militares reclamavam do soldo, congelado por anos, da redu\u00e7\u00e3o dos efetivos depois da guerra e da falta de moderniza\u00e7\u00e3o de equipamentos, entre outros assuntos. Era demais para uma classe que se via como a salvadora do pa\u00eds.<\/p>\n<p>Em 1889, os republicanos convenceram Deodoro de que o ent\u00e3o Presidente do Conselho de Ministros de Pedro II, o Visconde de Ouro Preto, havia expedido uma ordem de pris\u00e3o contra ele. N\u00e3o era verdade, mas bastou para que Deodoro juntasse um pequeno batalh\u00e3o e marchasse pelo Rio de Janeiro exigindo a deposi\u00e7\u00e3o de todo o minist\u00e9rio. Deodoro, ent\u00e3o, soube que o novo Ministro-Chefe seria Gaspar Silveira Martins, seu desafeto \u2013 os dois tinham disputado o amor da mesma mulher na juventude, e viraram rivais para o resto da vida. \u201cA\u00ed j\u00e1 \u00e9 demais\u201d, Deodoro talvez tenha pensado. O fato \u00e9 que isso levou Deodoro, que at\u00e9 ent\u00e3o n\u00e3o via o Brasil sem a monarquia, a derrubar Pedro II e instituir um governo provis\u00f3rio. Estava proclamada a Rep\u00fablica. Gra\u00e7as a uma rivalidade rom\u00e2ntica. E, principalmente, gra\u00e7as \u00e0 Guerra do Paraguai. Dois anos depois, a Rep\u00fablica se consolidaria sob o punho de ferro do sucessor de Deodoro: o marechal Floriano Peixoto, outro que ganhou destaque no Ex\u00e9rcito quando combateu as for\u00e7as de Solano L\u00f3pez.<\/p>\n<p>A hist\u00f3ria do Brasil Rep\u00fablica come\u00e7ou ali, e ainda hoje h\u00e1 ecos da maior guerra da Am\u00e9rica Latina: em 2014, 150 anos ap\u00f3s o in\u00edcio do conflito, o Paraguai pediu a devolu\u00e7\u00e3o de um importante canh\u00e3o. Mas ele permanece no Museu Hist\u00f3rico Nacional, no Rio.<\/p>\n","protected":false},"excerpt":{"rendered":"<p>Na Super Interessante, Por Felipe van Deursen &#8211; A Guerra do Paraguai (1864-1870) matou cerca de 480 mil pessoas entre 1864 e 1870. O Paraguai foi devastado. Quase um quarto do territ\u00f3rio foi perdido para os inimigos, Brasil, Argentina e Uruguai. Cerca de 100 mil mortos, em um universo de at\u00e9 1,3 milh\u00e3o de habitantes,&#8230;<a class=\"more-link\" href=\"http:\/\/blogdalucianaoliveira.com.br\/blog\/2017\/11\/15\/uma-mentira-e-uma-rixa-amorosa-levaram-a-proclamacao-da-republica\/\">Continue a leitura <span class=\"meta-nav\">&raquo;<\/span><\/a><\/p>\n","protected":false},"author":1,"featured_media":15006,"comment_status":"closed","ping_status":"open","sticky":false,"template":"","format":"standard","meta":{"_exactmetrics_skip_tracking":false,"_exactmetrics_sitenote_active":false,"_exactmetrics_sitenote_note":"","_exactmetrics_sitenote_category":0,"jetpack_post_was_ever_published":false,"_jetpack_newsletter_access":"","_jetpack_dont_email_post_to_subs":false,"_jetpack_newsletter_tier_id":0,"_jetpack_memberships_contains_paywalled_content":false,"_jetpack_memberships_contains_paid_content":false,"footnotes":"","jetpack_publicize_message":"","jetpack_publicize_feature_enabled":true,"jetpack_social_post_already_shared":true,"jetpack_social_options":{"image_generator_settings":{"template":"highway","enabled":false},"version":2}},"categories":[1],"tags":[],"class_list":["post-15002","post","type-post","status-publish","format-standard","has-post-thumbnail","hentry","category-notas"],"jetpack_publicize_connections":[],"jetpack_sharing_enabled":true,"jetpack_featured_media_url":"https:\/\/i0.wp.com\/blogdalucianaoliveira.com.br\/blog\/wp-content\/uploads\/2017\/11\/rep.jpg?fit=660%2C369","jetpack_shortlink":"https:\/\/wp.me\/p7wKYW-3TY","jetpack-related-posts":[],"_links":{"self":[{"href":"http:\/\/blogdalucianaoliveira.com.br\/blog\/wp-json\/wp\/v2\/posts\/15002","targetHints":{"allow":["GET"]}}],"collection":[{"href":"http:\/\/blogdalucianaoliveira.com.br\/blog\/wp-json\/wp\/v2\/posts"}],"about":[{"href":"http:\/\/blogdalucianaoliveira.com.br\/blog\/wp-json\/wp\/v2\/types\/post"}],"author":[{"embeddable":true,"href":"http:\/\/blogdalucianaoliveira.com.br\/blog\/wp-json\/wp\/v2\/users\/1"}],"replies":[{"embeddable":true,"href":"http:\/\/blogdalucianaoliveira.com.br\/blog\/wp-json\/wp\/v2\/comments?post=15002"}],"version-history":[{"count":1,"href":"http:\/\/blogdalucianaoliveira.com.br\/blog\/wp-json\/wp\/v2\/posts\/15002\/revisions"}],"predecessor-version":[{"id":15004,"href":"http:\/\/blogdalucianaoliveira.com.br\/blog\/wp-json\/wp\/v2\/posts\/15002\/revisions\/15004"}],"wp:featuredmedia":[{"embeddable":true,"href":"http:\/\/blogdalucianaoliveira.com.br\/blog\/wp-json\/wp\/v2\/media\/15006"}],"wp:attachment":[{"href":"http:\/\/blogdalucianaoliveira.com.br\/blog\/wp-json\/wp\/v2\/media?parent=15002"}],"wp:term":[{"taxonomy":"category","embeddable":true,"href":"http:\/\/blogdalucianaoliveira.com.br\/blog\/wp-json\/wp\/v2\/categories?post=15002"},{"taxonomy":"post_tag","embeddable":true,"href":"http:\/\/blogdalucianaoliveira.com.br\/blog\/wp-json\/wp\/v2\/tags?post=15002"}],"curies":[{"name":"wp","href":"https:\/\/api.w.org\/{rel}","templated":true}]}}