{"id":1501,"date":"2016-06-07T09:50:41","date_gmt":"2016-06-07T13:50:41","guid":{"rendered":"http:\/\/blogdalucianaoliveira.com.br\/blog\/?p=1501"},"modified":"2016-06-07T09:55:36","modified_gmt":"2016-06-07T13:55:36","slug":"oremos-quem-sabe-ate-o-natal-teori-julga-o-pedido-de-prisao-do-alto-cardinalato-do-pmdb","status":"publish","type":"post","link":"http:\/\/blogdalucianaoliveira.com.br\/blog\/2016\/06\/07\/oremos-quem-sabe-ate-o-natal-teori-julga-o-pedido-de-prisao-do-alto-cardinalato-do-pmdb\/","title":{"rendered":"Oremos! Quem sabe at\u00e9 o natal Teori julga o pedido de pris\u00e3o do alto cardinalato do PMDB"},"content":{"rendered":"<p><img data-recalc-dims=\"1\" loading=\"lazy\" decoding=\"async\" data-attachment-id=\"1502\" data-permalink=\"http:\/\/blogdalucianaoliveira.com.br\/blog\/2016\/06\/07\/oremos-quem-sabe-ate-o-natal-teori-julga-o-pedido-de-prisao-do-alto-cardinalato-do-pmdb\/montagemrenanjucacunha\/\" data-orig-file=\"https:\/\/i0.wp.com\/blogdalucianaoliveira.com.br\/blog\/wp-content\/uploads\/2016\/06\/montagemrenanjucacunha.jpg?fit=699%2C420\" data-orig-size=\"699,420\" data-comments-opened=\"0\" data-image-meta=\"{&quot;aperture&quot;:&quot;0&quot;,&quot;credit&quot;:&quot;&quot;,&quot;camera&quot;:&quot;&quot;,&quot;caption&quot;:&quot;&quot;,&quot;created_timestamp&quot;:&quot;0&quot;,&quot;copyright&quot;:&quot;&quot;,&quot;focal_length&quot;:&quot;0&quot;,&quot;iso&quot;:&quot;0&quot;,&quot;shutter_speed&quot;:&quot;0&quot;,&quot;title&quot;:&quot;&quot;,&quot;orientation&quot;:&quot;0&quot;}\" data-image-title=\"montagemrenanjucacunha\" data-image-description=\"\" data-image-caption=\"\" data-medium-file=\"https:\/\/i0.wp.com\/blogdalucianaoliveira.com.br\/blog\/wp-content\/uploads\/2016\/06\/montagemrenanjucacunha.jpg?fit=300%2C180\" data-large-file=\"https:\/\/i0.wp.com\/blogdalucianaoliveira.com.br\/blog\/wp-content\/uploads\/2016\/06\/montagemrenanjucacunha.jpg?fit=600%2C361\" src=\"https:\/\/i0.wp.com\/blogdalucianaoliveira.com.br\/blog\/wp-content\/uploads\/2016\/06\/montagemrenanjucacunha.jpg?resize=600%2C361\" alt=\"montagemrenanjucacunha\" width=\"600\" height=\"361\" class=\"alignnone size-full wp-image-1502\" srcset=\"https:\/\/i0.wp.com\/blogdalucianaoliveira.com.br\/blog\/wp-content\/uploads\/2016\/06\/montagemrenanjucacunha.jpg?w=699 699w, https:\/\/i0.wp.com\/blogdalucianaoliveira.com.br\/blog\/wp-content\/uploads\/2016\/06\/montagemrenanjucacunha.jpg?resize=300%2C180 300w, https:\/\/i0.wp.com\/blogdalucianaoliveira.com.br\/blog\/wp-content\/uploads\/2016\/06\/montagemrenanjucacunha.jpg?resize=499%2C300 499w\" sizes=\"auto, (max-width: 600px) 100vw, 600px\" \/><\/p>\n<p>O saudoso Bar\u00e3o de Itarar\u00e9 dizia que &#8220;de onde nada se espera \u00e9 que n\u00e3o sai nada mesmo&#8221;. <!--more--><\/p>\n<p>Ent\u00e3o, menos expectativa evita rugas, brigas e queda de cabelo.<\/p>\n<p>A not\u00edcia, por si s\u00f3, \u00e9 uma das melhores no \u00faltimo ano, mas da\u00ed a acreditar que seja atendido o pedido feito procurador-geral da Rep\u00fablica, Rodrigo Janot, para que o STF autorize a pris\u00e3o do presidente do Senado, Renan Calheiros (PMDB-AL), do senador Romero Juc\u00e1 (PMDB-RR) do ex-presidente da Rep\u00fablica, Jos\u00e9 Sarney e do presidente da C\u00e2mara afastado, Eduardo Cunha, h\u00e1 uma longa dist\u00e2ncia.<\/p>\n<p>Estamos falando de 152 anos de experi\u00eancia pol\u00edtica! De um concili\u00e1bulo que tem como o mais antigo e ativo pol\u00edtico, o ex-presidente Jos\u00e9 Sarney.<\/p>\n<p>Imaginar Sarney usando tornozeleira \u00e9 como imaginar Roberto Carlos de bermuda.<\/p>\n<p>Est\u00e1 nas m\u00e3os do ministro Teori Zavascki a decis\u00e3o, que no caso do ex-senador Delc\u00eddio do Amaral demorou 4 dias ap\u00f3s o pedido at\u00e9 proferir e avalizar na Corte.<\/p>\n<p>Quando ele analisar\u00e1 o pedido de pris\u00e3o do pacot\u00e3o de pol\u00edticos com argumentos jur\u00eddicos semelhantes \u00e9 uma inc\u00f3gnita.<\/p>\n<p>Bem que podia rolar um bol\u00e3o no Congresso Nacional, mas quem seriam os malucos a tirar onda com o cardinalato do PMDB que manda e desmanda na pol\u00edtica brasileira e tem as m\u00e3os na corda de muitos pesco\u00e7os?<\/p>\n<p>De qualquer modo, o pedido coloca o STF na parede. Quando maior a demora em julgar, maior a press\u00e3o pra julgar.<\/p>\n<p>At\u00e9 l\u00e1, teremos a imagem mais avacalhante da pol\u00edtica brasileira.<\/p>\n","protected":false},"excerpt":{"rendered":"<p>O saudoso Bar\u00e3o de Itarar\u00e9 dizia que &#8220;de onde nada se espera \u00e9 que n\u00e3o sai nada mesmo&#8221;.<\/p>\n","protected":false},"author":1,"featured_media":0,"comment_status":"closed","ping_status":"open","sticky":false,"template":"","format":"standard","meta":{"_exactmetrics_skip_tracking":false,"_exactmetrics_sitenote_active":false,"_exactmetrics_sitenote_note":"","_exactmetrics_sitenote_category":0,"jetpack_post_was_ever_published":false,"_jetpack_newsletter_access":"","_jetpack_dont_email_post_to_subs":false,"_jetpack_newsletter_tier_id":0,"_jetpack_memberships_contains_paywalled_content":false,"_jetpack_memberships_contains_paid_content":false,"footnotes":"","jetpack_publicize_message":"","jetpack_publicize_feature_enabled":true,"jetpack_social_post_already_shared":true,"jetpack_social_options":{"image_generator_settings":{"template":"highway","enabled":false},"version":2}},"categories":[1],"tags":[58,42,79,118,116,30],"class_list":["post-1501","post","type-post","status-publish","format-standard","hentry","category-notas","tag-cunha","tag-prisao","tag-renan","tag-romero","tag-sarney","tag-stf"],"jetpack_publicize_connections":[],"jetpack_sharing_enabled":true,"jetpack_featured_media_url":"","jetpack_shortlink":"https:\/\/wp.me\/p7wKYW-od","jetpack-related-posts":[],"_links":{"self":[{"href":"http:\/\/blogdalucianaoliveira.com.br\/blog\/wp-json\/wp\/v2\/posts\/1501","targetHints":{"allow":["GET"]}}],"collection":[{"href":"http:\/\/blogdalucianaoliveira.com.br\/blog\/wp-json\/wp\/v2\/posts"}],"about":[{"href":"http:\/\/blogdalucianaoliveira.com.br\/blog\/wp-json\/wp\/v2\/types\/post"}],"author":[{"embeddable":true,"href":"http:\/\/blogdalucianaoliveira.com.br\/blog\/wp-json\/wp\/v2\/users\/1"}],"replies":[{"embeddable":true,"href":"http:\/\/blogdalucianaoliveira.com.br\/blog\/wp-json\/wp\/v2\/comments?post=1501"}],"version-history":[{"count":4,"href":"http:\/\/blogdalucianaoliveira.com.br\/blog\/wp-json\/wp\/v2\/posts\/1501\/revisions"}],"predecessor-version":[{"id":1506,"href":"http:\/\/blogdalucianaoliveira.com.br\/blog\/wp-json\/wp\/v2\/posts\/1501\/revisions\/1506"}],"wp:attachment":[{"href":"http:\/\/blogdalucianaoliveira.com.br\/blog\/wp-json\/wp\/v2\/media?parent=1501"}],"wp:term":[{"taxonomy":"category","embeddable":true,"href":"http:\/\/blogdalucianaoliveira.com.br\/blog\/wp-json\/wp\/v2\/categories?post=1501"},{"taxonomy":"post_tag","embeddable":true,"href":"http:\/\/blogdalucianaoliveira.com.br\/blog\/wp-json\/wp\/v2\/tags?post=1501"}],"curies":[{"name":"wp","href":"https:\/\/api.w.org\/{rel}","templated":true}]}}