{"id":15015,"date":"2017-11-16T10:23:22","date_gmt":"2017-11-16T14:23:22","guid":{"rendered":"http:\/\/blogdalucianaoliveira.com.br\/blog\/?p=15015"},"modified":"2017-11-16T10:23:22","modified_gmt":"2017-11-16T14:23:22","slug":"o-cerebro-racista-nao-evolui","status":"publish","type":"post","link":"http:\/\/blogdalucianaoliveira.com.br\/blog\/2017\/11\/16\/o-cerebro-racista-nao-evolui\/","title":{"rendered":"O c\u00e9rebro racista n\u00e3o evolui"},"content":{"rendered":"<p><img data-recalc-dims=\"1\" loading=\"lazy\" decoding=\"async\" data-attachment-id=\"15016\" data-permalink=\"http:\/\/blogdalucianaoliveira.com.br\/blog\/2017\/11\/16\/o-cerebro-racista-nao-evolui\/raci\/\" data-orig-file=\"https:\/\/i0.wp.com\/blogdalucianaoliveira.com.br\/blog\/wp-content\/uploads\/2017\/11\/raci.jpg?fit=600%2C335\" data-orig-size=\"600,335\" data-comments-opened=\"0\" data-image-meta=\"{&quot;aperture&quot;:&quot;0&quot;,&quot;credit&quot;:&quot;&quot;,&quot;camera&quot;:&quot;&quot;,&quot;caption&quot;:&quot;&quot;,&quot;created_timestamp&quot;:&quot;0&quot;,&quot;copyright&quot;:&quot;&quot;,&quot;focal_length&quot;:&quot;0&quot;,&quot;iso&quot;:&quot;0&quot;,&quot;shutter_speed&quot;:&quot;0&quot;,&quot;title&quot;:&quot;&quot;,&quot;orientation&quot;:&quot;1&quot;}\" data-image-title=\"raci\" data-image-description=\"\" data-image-caption=\"\" data-medium-file=\"https:\/\/i0.wp.com\/blogdalucianaoliveira.com.br\/blog\/wp-content\/uploads\/2017\/11\/raci.jpg?fit=300%2C168\" data-large-file=\"https:\/\/i0.wp.com\/blogdalucianaoliveira.com.br\/blog\/wp-content\/uploads\/2017\/11\/raci.jpg?fit=600%2C335\" src=\"https:\/\/i0.wp.com\/blogdalucianaoliveira.com.br\/blog\/wp-content\/uploads\/2017\/11\/raci.jpg?resize=600%2C335\" alt=\"raci\" width=\"600\" height=\"335\" class=\"alignnone size-full wp-image-15016\" srcset=\"https:\/\/i0.wp.com\/blogdalucianaoliveira.com.br\/blog\/wp-content\/uploads\/2017\/11\/raci.jpg?w=600 600w, https:\/\/i0.wp.com\/blogdalucianaoliveira.com.br\/blog\/wp-content\/uploads\/2017\/11\/raci.jpg?resize=300%2C168 300w, https:\/\/i0.wp.com\/blogdalucianaoliveira.com.br\/blog\/wp-content\/uploads\/2017\/11\/raci.jpg?resize=537%2C300 537w\" sizes=\"auto, (max-width: 600px) 100vw, 600px\" \/><\/p>\n<p>Acordei pensando no que fomos e no quanto evolu\u00edmos como seres humanos no aspecto f\u00edsico.<br \/>\nOlhei no espelho e pensei no tempo em que levamos para ficar com postura ereta, desenvolver a linguagem e racioc\u00ednios complexos e in\u00fameras culturas.<\/p>\n<p>Putz! 300 mil anos atr\u00e1s.<!--more--><\/p>\n<p>Antes disso, t\u00ednhamos uma caixa craniana maior e mais robustez musculoesquel\u00e9tica.<br \/>\nT\u00ednhamos pelos por todo o corpo. <\/p>\n<p>Os cr\u00e2nios, ossos e dentes mais antigos foram encontrados na \u00c1frica.<br \/>\nCom o espalhamento pela Europa e \u00c1sia, fomos mudando fisicamente pelas diferentes condi\u00e7\u00f5es de meio. O troca-troca de genes foi moldando o homem moderno.<\/p>\n<p>Mas, apesar de sermos todos afrodescendentes, tem gente que se acha superior s\u00f3 pela cor da pele. Para alguns c\u00e9rebros que mant\u00eam funcionamento neandertal, existem coisas que s\u00e3o \u2018coisas de preto\u2019.<br \/>\nE isso \u00e9 recebido com banalidade, o que \u00e9 pior.<\/p>\n<p>Por que pensei nisso? Pelas mensagens que li em solidariedade ao \u2018jornazista\u2019 William Waack e para justificar a frase que saquei de um livro de cabeceira do irland\u00eas Clive Staples Lewis:<br \/>\n\u201cRezemos para que a ra\u00e7a humana nunca saia da Terra para espalhar sua iniquidade em outros lugares.\u201d<\/p>\n","protected":false},"excerpt":{"rendered":"<p>Acordei pensando no que fomos e no quanto evolu\u00edmos como seres humanos no aspecto f\u00edsico. Olhei no espelho e pensei no tempo em que levamos para ficar com postura ereta, desenvolver a linguagem e racioc\u00ednios complexos e in\u00fameras culturas. Putz! 300 mil anos atr\u00e1s.<\/p>\n","protected":false},"author":1,"featured_media":0,"comment_status":"closed","ping_status":"open","sticky":false,"template":"","format":"standard","meta":{"_exactmetrics_skip_tracking":false,"_exactmetrics_sitenote_active":false,"_exactmetrics_sitenote_note":"","_exactmetrics_sitenote_category":0,"jetpack_post_was_ever_published":false,"_jetpack_newsletter_access":"","_jetpack_dont_email_post_to_subs":false,"_jetpack_newsletter_tier_id":0,"_jetpack_memberships_contains_paywalled_content":false,"_jetpack_memberships_contains_paid_content":false,"footnotes":"","jetpack_publicize_message":"","jetpack_publicize_feature_enabled":true,"jetpack_social_post_already_shared":true,"jetpack_social_options":{"image_generator_settings":{"template":"highway","enabled":false},"version":2}},"categories":[1],"tags":[],"class_list":["post-15015","post","type-post","status-publish","format-standard","hentry","category-notas"],"jetpack_publicize_connections":[],"jetpack_sharing_enabled":true,"jetpack_featured_media_url":"","jetpack_shortlink":"https:\/\/wp.me\/p7wKYW-3Ub","jetpack-related-posts":[],"_links":{"self":[{"href":"http:\/\/blogdalucianaoliveira.com.br\/blog\/wp-json\/wp\/v2\/posts\/15015","targetHints":{"allow":["GET"]}}],"collection":[{"href":"http:\/\/blogdalucianaoliveira.com.br\/blog\/wp-json\/wp\/v2\/posts"}],"about":[{"href":"http:\/\/blogdalucianaoliveira.com.br\/blog\/wp-json\/wp\/v2\/types\/post"}],"author":[{"embeddable":true,"href":"http:\/\/blogdalucianaoliveira.com.br\/blog\/wp-json\/wp\/v2\/users\/1"}],"replies":[{"embeddable":true,"href":"http:\/\/blogdalucianaoliveira.com.br\/blog\/wp-json\/wp\/v2\/comments?post=15015"}],"version-history":[{"count":1,"href":"http:\/\/blogdalucianaoliveira.com.br\/blog\/wp-json\/wp\/v2\/posts\/15015\/revisions"}],"predecessor-version":[{"id":15017,"href":"http:\/\/blogdalucianaoliveira.com.br\/blog\/wp-json\/wp\/v2\/posts\/15015\/revisions\/15017"}],"wp:attachment":[{"href":"http:\/\/blogdalucianaoliveira.com.br\/blog\/wp-json\/wp\/v2\/media?parent=15015"}],"wp:term":[{"taxonomy":"category","embeddable":true,"href":"http:\/\/blogdalucianaoliveira.com.br\/blog\/wp-json\/wp\/v2\/categories?post=15015"},{"taxonomy":"post_tag","embeddable":true,"href":"http:\/\/blogdalucianaoliveira.com.br\/blog\/wp-json\/wp\/v2\/tags?post=15015"}],"curies":[{"name":"wp","href":"https:\/\/api.w.org\/{rel}","templated":true}]}}