{"id":15021,"date":"2017-11-16T11:33:08","date_gmt":"2017-11-16T15:33:08","guid":{"rendered":"http:\/\/blogdalucianaoliveira.com.br\/blog\/?p=15021"},"modified":"2017-11-16T11:33:08","modified_gmt":"2017-11-16T15:33:08","slug":"por-que-60-dos-eleitores-de-bolsonaro-sao-jovens","status":"publish","type":"post","link":"http:\/\/blogdalucianaoliveira.com.br\/blog\/2017\/11\/16\/por-que-60-dos-eleitores-de-bolsonaro-sao-jovens\/","title":{"rendered":"Por que 60% dos eleitores de Bolsonaro s\u00e3o jovens?"},"content":{"rendered":"<p><img data-recalc-dims=\"1\" loading=\"lazy\" decoding=\"async\" data-attachment-id=\"15022\" data-permalink=\"http:\/\/blogdalucianaoliveira.com.br\/blog\/2017\/11\/16\/por-que-60-dos-eleitores-de-bolsonaro-sao-jovens\/boboa\/\" data-orig-file=\"https:\/\/i0.wp.com\/blogdalucianaoliveira.com.br\/blog\/wp-content\/uploads\/2017\/11\/boboa.jpg?fit=660%2C371\" data-orig-size=\"660,371\" data-comments-opened=\"0\" data-image-meta=\"{&quot;aperture&quot;:&quot;0&quot;,&quot;credit&quot;:&quot;&quot;,&quot;camera&quot;:&quot;&quot;,&quot;caption&quot;:&quot;&quot;,&quot;created_timestamp&quot;:&quot;0&quot;,&quot;copyright&quot;:&quot;&quot;,&quot;focal_length&quot;:&quot;0&quot;,&quot;iso&quot;:&quot;0&quot;,&quot;shutter_speed&quot;:&quot;0&quot;,&quot;title&quot;:&quot;&quot;,&quot;orientation&quot;:&quot;0&quot;}\" data-image-title=\"boboa\" data-image-description=\"\" data-image-caption=\"\" data-medium-file=\"https:\/\/i0.wp.com\/blogdalucianaoliveira.com.br\/blog\/wp-content\/uploads\/2017\/11\/boboa.jpg?fit=300%2C169\" data-large-file=\"https:\/\/i0.wp.com\/blogdalucianaoliveira.com.br\/blog\/wp-content\/uploads\/2017\/11\/boboa.jpg?fit=600%2C337\" class=\"alignnone size-full wp-image-15022\" src=\"https:\/\/i0.wp.com\/blogdalucianaoliveira.com.br\/blog\/wp-content\/uploads\/2017\/11\/boboa.jpg?resize=600%2C337\" alt=\"boboa\" width=\"600\" height=\"337\" srcset=\"https:\/\/i0.wp.com\/blogdalucianaoliveira.com.br\/blog\/wp-content\/uploads\/2017\/11\/boboa.jpg?w=660 660w, https:\/\/i0.wp.com\/blogdalucianaoliveira.com.br\/blog\/wp-content\/uploads\/2017\/11\/boboa.jpg?resize=300%2C169 300w, https:\/\/i0.wp.com\/blogdalucianaoliveira.com.br\/blog\/wp-content\/uploads\/2017\/11\/boboa.jpg?resize=534%2C300 534w\" sizes=\"auto, (max-width: 600px) 100vw, 600px\" \/><\/p>\n<p>Da BBC Brasil em S\u00e3o Paulo, por\u00a0Leandro Machado &#8211; O estudante de administra\u00e7\u00e3o Gabriel Ara\u00fajo conheceu o deputado federal Jair Bolsonaro (PSC) em um meme no Facebook. Era final de 2013, e o jovem da Baixada Fluminense, hoje com 22 anos, estava desencantado com a pol\u00edtica e com o pa\u00eds. N\u00e3o acreditava em mais ningu\u00e9m. Foi depois do meme que nasceu sua admira\u00e7\u00e3o ao hoje pr\u00e9-candidato \u00e0 Presid\u00eancia da Rep\u00fablica.<!--more--><br \/>\nO parlamentar conservador aparece em segundo lugar em pesquisas recentes de inten\u00e7\u00f5es de voto. Segundo o Datafolha, 16% dos eleitores votariam nele. \u00c0 sua frente est\u00e1 o ex-presidente Luiz In\u00e1cio Lula da Silva (PT), com 36%, e atr\u00e1s, Marina Silva (Rede), com 14%.<br \/>\nNeste cen\u00e1rio, um detalhe tem chamado a aten\u00e7\u00e3o de analistas e cientistas sociais: 60% dos eleitores de Bolsonaro t\u00eam entre 16 e 34 anos. Desses, 30% t\u00eam menos de 24 anos. O percentual \u00e9 significativo quando comparado com a atra\u00e7\u00e3o ao p\u00fablico jovem de seus principais concorrentes: 45% dos que disseram votar em Lula t\u00eam menos de 34 anos. Entre os que preferiram Marina, 49% est\u00e3o nessa faixa et\u00e1ria.<br \/>\nPor que parte da juventude apoia de maneira apaixonada um ex-militar cuja atua\u00e7\u00e3o em seus 26 anos de Congresso (sete mandatos) vinha tendo pouco brilho?<br \/>\nUm consenso entre pesquisadores ouvidos pela BBC Brasil \u00e9 de que Bolsonaro \u00e9 um dos principais atores pol\u00edticos nas redes sociais &#8211; e que parte de sua for\u00e7a entre jovens pode derivar desse fato. Gabriel, por exemplo, viu o meme, pesquisou v\u00eddeos do deputado no YouTube e passou a acompanhar diariamente sua p\u00e1gina no Facebook &#8211; o perfil do pol\u00edtico tem 4,7 milh\u00f5es de seguidores.<br \/>\nEntre seus advers\u00e1rios na corrida presidencial, Lula tem 3 milh\u00f5es, Jo\u00e3o Doria, 2,9 milh\u00f5es. Marina tem 2,3 milh\u00f5es.<br \/>\nNeste m\u00eas, um levantamento do Ibope mostrou que os eleitores brasileiros com acesso frequente \u00e0 internet representam 68% do total de eleitores. Entre os que expressam prefer\u00eancia por Bolsonaro, no entanto, a situa\u00e7\u00e3o \u00e9 bastante diferente. &#8220;Nossa pesquisa mostrou que 90% dos eleitores de Bolsonaro t\u00eam acesso \u00e0 rede&#8221;, diz M\u00e1rcia Cavallari, diretora do Ibope.<br \/>\n&#8220;Bolsonaro sabe muito bem utilizar as redes sociais, conhece a linguagem que viraliza, usa frases curtas de efeito apelativo, cria pol\u00eamica, fala o que pensa. Ele \u00e9 um performer&#8221;, diz Esther Solano, doutora em ci\u00eancias pol\u00edticas e professora da Universidade Federal de S\u00e3o Paulo.<br \/>\nO universit\u00e1rio Gabriel Ara\u00fajo<\/p>\n<p><img data-recalc-dims=\"1\" loading=\"lazy\" decoding=\"async\" data-attachment-id=\"15023\" data-permalink=\"http:\/\/blogdalucianaoliveira.com.br\/blog\/2017\/11\/16\/por-que-60-dos-eleitores-de-bolsonaro-sao-jovens\/leso\/\" data-orig-file=\"https:\/\/i0.wp.com\/blogdalucianaoliveira.com.br\/blog\/wp-content\/uploads\/2017\/11\/leso.jpg?fit=624%2C351\" data-orig-size=\"624,351\" data-comments-opened=\"0\" data-image-meta=\"{&quot;aperture&quot;:&quot;0&quot;,&quot;credit&quot;:&quot;&quot;,&quot;camera&quot;:&quot;&quot;,&quot;caption&quot;:&quot;&quot;,&quot;created_timestamp&quot;:&quot;0&quot;,&quot;copyright&quot;:&quot;&quot;,&quot;focal_length&quot;:&quot;0&quot;,&quot;iso&quot;:&quot;0&quot;,&quot;shutter_speed&quot;:&quot;0&quot;,&quot;title&quot;:&quot;&quot;,&quot;orientation&quot;:&quot;0&quot;}\" data-image-title=\"leso\" data-image-description=\"\" data-image-caption=\"\" data-medium-file=\"https:\/\/i0.wp.com\/blogdalucianaoliveira.com.br\/blog\/wp-content\/uploads\/2017\/11\/leso.jpg?fit=300%2C169\" data-large-file=\"https:\/\/i0.wp.com\/blogdalucianaoliveira.com.br\/blog\/wp-content\/uploads\/2017\/11\/leso.jpg?fit=600%2C338\" class=\"alignnone size-full wp-image-15023\" src=\"https:\/\/i0.wp.com\/blogdalucianaoliveira.com.br\/blog\/wp-content\/uploads\/2017\/11\/leso.jpg?resize=600%2C338\" alt=\"leso\" width=\"600\" height=\"338\" srcset=\"https:\/\/i0.wp.com\/blogdalucianaoliveira.com.br\/blog\/wp-content\/uploads\/2017\/11\/leso.jpg?w=624 624w, https:\/\/i0.wp.com\/blogdalucianaoliveira.com.br\/blog\/wp-content\/uploads\/2017\/11\/leso.jpg?resize=300%2C169 300w, https:\/\/i0.wp.com\/blogdalucianaoliveira.com.br\/blog\/wp-content\/uploads\/2017\/11\/leso.jpg?resize=533%2C300 533w\" sizes=\"auto, (max-width: 600px) 100vw, 600px\" \/><br \/>\nO universit\u00e1rio Gabriel Ara\u00fajo, de 22 anos, conheceu Jair Bolsonaro em memes nas redes sociais<\/p>\n<p>&nbsp;<\/p>\n<p>Para Moys\u00e9s Pinto Neto, professor de filosofia da Universidade Luterana do Brasil, Bolsonaro criou um personagem midi\u00e1tico que joga com a incerteza sobre o tom do que diz. &#8220;Em um v\u00eddeo (gravado em 1999), ele disse que mataria pelo menos 30 mil pessoas no Brasil. Ele est\u00e1 falando s\u00e9rio ou n\u00e3o? N\u00e3o d\u00e1 pra saber&#8221;, diz o acad\u00eamico, que vem pesquisando como movimentos sociais de direita atuam nas redes sociais.<\/p>\n<p>Este tipo de discurso foi elogiado por tr\u00eas jovens eleitores do deputado em entrevista \u00e0 BBC Brasil.<\/p>\n<p>&#8220;Vi Bolsonaro pela primeira vez em 2014, em um v\u00eddeo no Facebook. Ele n\u00e3o fala nada para agradar o povo, ou para parecer politicamente correto&#8221;, diz a aut\u00f4noma J\u00e9ssica Melo da Silva, de 19 anos, moradora de Bel\u00e9m. &#8220;Ele fala o que pensa, e isso incomoda as pessoas&#8221;, diz Gabriel, que mora em Mesquita, na Baixada Fluminense.<\/p>\n<p>Mas soltar o verbo tamb\u00e9m deixou o pol\u00edtico conservador em apuros. Em outubro, ele foi condenado pela Justi\u00e7a a pagar R$ 50 mil de indeniza\u00e7\u00e3o por um coment\u00e1rio considerado preconceituoso sobre uma comunidade quilombola. Ele tamb\u00e9m \u00e9 chamado de homof\u00f3bico e de mis\u00f3gino, por ter feito declara\u00e7\u00f5es com cr\u00edticas a gays e piadas sobre as mulheres.<\/p>\n<p>Os eleitores relativizam manifesta\u00e7\u00f5es pol\u00eamicas do deputado: dizem que elas foram tiradas de contexto e que h\u00e1 persegui\u00e7\u00e3o por parte de movimentos de esquerda e de grupos feministas e LGBT. &#8220;Sou negro e n\u00e3o votaria em algu\u00e9m racista&#8221;, diz Gabriel.<\/p>\n<p>Outro eleitor, o estudante de engenharia civil Jo\u00e3o Pedro Vital, de 18 anos, tamb\u00e9m discorda da imagem de racista do parlamentar: &#8220;Algu\u00e9m que \u00e9 casado com uma mulata e tem um sogro com o nome de Paulo Negr\u00e3o n\u00e3o \u00e9 racista&#8221;, diz, em refer\u00eancia \u00e0 fam\u00edlia de Bolsonaro.<\/p>\n<h2 class=\"story-body__crosshead\">Bolsonaro com um &#8216;outsider&#8217;<\/h2>\n<figure class=\"media-landscape has-caption full-width\"><span class=\"image-and-copyright-container\"><img data-recalc-dims=\"1\" loading=\"lazy\" decoding=\"async\" class=\"responsive-image__img js-image-replace\" src=\"https:\/\/i0.wp.com\/ichef-1.bbci.co.uk\/news\/624\/cpsprodpb\/E28E\/production\/_98689975_bolsonaro2.jpg?resize=549%2C549&#038;ssl=1\" alt=\"J\u00e9ssica Melo da Silva\" width=\"549\" height=\"549\" data-highest-encountered-width=\"624\" \/><\/span><figcaption class=\"media-caption\"><span class=\"off-screen\">Image caption<\/span><span class=\"media-caption__text\">Assim como seu \u00eddolo pol\u00edtico, J\u00e9ssica Melo da Silva, de 18 anos, elogia o regime militar que comandou o pa\u00eds por 20 anos (Foto: Arquivo Pessoal)<\/span><\/figcaption><\/figure>\n<p>Segundo pesquisadores ouvidos pela BBC Brasil, o pol\u00edtico conservador se apresenta como um &#8220;outsider&#8221;, ou seja, diz que n\u00e3o faz parte da pol\u00edtica tradicional, cuja imagem \u00e9 de corrup\u00e7\u00e3o. Ele se mostra contra o chamado &#8220;establishment&#8221;, as mais poderosas institui\u00e7\u00f5es e organiza\u00e7\u00f5es pol\u00edticas, midi\u00e1ticas e econ\u00f4micas do pa\u00eds. Temas como descriminaliza\u00e7\u00e3o do aborto e casamento LGBT seriam do interesse desse &#8220;establishment&#8221;, na vis\u00e3o dos conservadores.<\/p>\n<p>Para o universit\u00e1rio Vital, de Salvador, o deputado se destaca por n\u00e3o ter nenhum esc\u00e2ndalo de corrup\u00e7\u00e3o no curr\u00edculo. &#8220;Ele tem moral, \u00e9 \u00e9tico e n\u00e3o est\u00e1 metido em corrup\u00e7\u00e3o&#8221;, diz.<\/p>\n<p>Bolsonaro come\u00e7ou a ganhar simpatizantes depois dos protestos de junho de 2013, quando milh\u00f5es de jovens tomaram as ruas para, primeiro, protestar contra o aumento das tarifas de transporte e, depois, contra governos e pol\u00edticos.<\/p>\n<p>As manifesta\u00e7\u00f5es surgiram com o Movimento Passe Livre (MPL), grupo de esquerda que, apesar de n\u00e3o gritar contra partidos, dizia-se apartid\u00e1rio. Em seguida, os protestos foram &#8220;cooptados&#8221; por manifestantes de direita, que chegaram a proibir bandeiras de partidos.<\/p>\n<figure class=\"media-landscape has-caption full-width\"><span class=\"image-and-copyright-container\"><img data-recalc-dims=\"1\" loading=\"lazy\" decoding=\"async\" class=\"responsive-image__img js-image-replace\" src=\"https:\/\/i0.wp.com\/ichef-1.bbci.co.uk\/news\/624\/cpsprodpb\/7EFD\/production\/_98690523_publico.jpg?resize=600%2C338&#038;ssl=1\" alt=\"Multid\u00e3o espera por Bolsonaro\" width=\"600\" height=\"338\" data-highest-encountered-width=\"624\" \/><\/span><figcaption class=\"media-caption\"><span class=\"off-screen\">Image caption<\/span><span class=\"media-caption__text\">Em evento em Bel\u00e9m em outubro, Bolsonaro foi recebido por milhares de jovens | Foto: Leandro Machado\/BBC Brasil<\/span><\/figcaption><\/figure>\n<p>&#8220;Eram protestos essencialmente para mostrar um descontentamento com governos progressistas de esquerda, que n\u00e3o conseguiram implementar reformas estruturais e que acabaram se alinhando justamente ao sistema econ\u00f4mico que antes criticava&#8221;, explica Moys\u00e9s.<\/p>\n<p>Mauro Paulino, diretor do instituto Datafolha, concorda que o movimento &#8220;antipol\u00edtico&#8221; come\u00e7ou a mostrar as caras naquele ano. &#8220;Em 2013, as manifesta\u00e7\u00f5es j\u00e1 tinham um car\u00e1ter de nega\u00e7\u00e3o de qualquer bandeira pol\u00edtica&#8221;, diz.<\/p>\n<p>Em um contexto de mais de uma d\u00e9cada de governos federais petistas &#8211; que coincidiu com a inf\u00e2ncia e a adolesc\u00eancia de muitos dos que hoje se assumem eleitores de Bolsonaro -, a esquerda pode ter sido encarada pelos eleitores em forma\u00e7\u00e3o como a for\u00e7a pol\u00edtica a ser contestada.<\/p>\n<p>&#8220;\u00c9 uma caracter\u00edstica do jovem ser do contra, buscar a mudan\u00e7a, as transforma\u00e7\u00f5es sociais. Ele \u00e9 mais receptivo aos discursos radicais, \u00e0 esquerda e \u00e0 direita&#8221;, diz o cientista pol\u00edtico Hilton Cesario Fernandes, professor da Funda\u00e7\u00e3o Escola de Sociologia e Pol\u00edtica de S\u00e3o Paulo (Fespsp).<\/p>\n<p>Para Danilo Cersosimo, diretor do instituto de pesquisas Ipsos, o fen\u00f4meno de Bolsonaro como bandeira contestadora se expressa principalmente na juventude da classe m\u00e9dia urbana. &#8220;\u00c9 um movimento de um jovem escolarizado que n\u00e3o conseguiu ver as suas aspira\u00e7\u00f5es atendidas&#8221;, afirma o analista. &#8220;Ele pode estar desempregado, ou tem um emprego ruim, tem medo da viol\u00eancia e da crise econ\u00f4mica. Ent\u00e3o ele culpa o governo por n\u00e3o conseguir cumprir suas ambi\u00e7\u00f5es. E quem estava no governo? O PT e a chamada esquerda.&#8221;<\/p>\n<p>Para o professor Moys\u00e9s Pinto Neto, a esquerda n\u00e3o conseguiu se aproveitar do descontentamento mostrado nos protestos para engrossar suas fileiras. &#8220;O que aconteceu foi o inverso. A direita, que sempre foi o establishment, come\u00e7ou a se mostrar como cr\u00edtica ao sistema, como se estivesse fora dele e fosse a solu\u00e7\u00e3o para os problemas. Nos Estados Unidos, isso levou \u00e0 elei\u00e7\u00e3o de Donald Trump&#8221;, explica Pinto Neto.<\/p>\n<figure class=\"media-landscape has-caption full-width\"><span class=\"image-and-copyright-container\"><img data-recalc-dims=\"1\" loading=\"lazy\" decoding=\"async\" class=\"responsive-image__img js-image-replace\" src=\"https:\/\/i0.wp.com\/ichef-1.bbci.co.uk\/news\/624\/cpsprodpb\/1411F\/production\/_98770228_4403c613-43b0-456f-908b-2864b798ed98.jpg?resize=600%2C338&#038;ssl=1\" alt=\"Recep\u00e7\u00e3o a Bolsonaro no aerporto de Bel\u00e9m\" width=\"600\" height=\"338\" data-highest-encountered-width=\"624\" \/><\/span><figcaption class=\"media-caption\"><span class=\"media-caption__text\">Em outubro, milhares de jovens receberam Bolsonaro no aeroporto de Bel\u00e9m, onde ele participou de eventos com f\u00e3s<\/span><\/figcaption><\/figure>\n<p>Paulino afirma ainda que h\u00e1 uma &#8220;crise de representa\u00e7\u00e3o&#8221; da popula\u00e7\u00e3o brasileira em rela\u00e7\u00e3o aos pol\u00edticos. \u00c9 o tipo de ambiente favor\u00e1vel ao surgimento de &#8220;salvadores da p\u00e1tria&#8221;. &#8220;Esse v\u00e1cuo permitiu que figuras como Bolsonaro surgissem. Quando a pol\u00edtica n\u00e3o resolve, ideias simples para problemas complexos parecem a melhor solu\u00e7\u00e3o, apesar de, na pr\u00e1tica, elas nem sempre funcionarem&#8221;, diz.<\/p>\n<p>Com o slogan de &#8220;gestor&#8221; e &#8220;trabalhador&#8221;, o empres\u00e1rio Jo\u00e3o Doria tamb\u00e9m aproveitou esse sentimento antipol\u00edtico para vencer as elei\u00e7\u00f5es de 2016 e se tornar prefeito de S\u00e3o Paulo &#8211; ele \u00e9 pr\u00e9-candidato do PSDB \u00e0 Presid\u00eancia. O tucano tamb\u00e9m \u00e9 bastante popular nas redes sociais, publicando v\u00eddeos de suas a\u00e7\u00f5es e cr\u00edticas a advers\u00e1rios.<\/p>\n<h2 class=\"story-body__crosshead\">A queda do PT<\/h2>\n<p>No meio acad\u00eamico, uma das an\u00e1lises para a ascens\u00e3o da direita \u00e9 a de que, do outro lado do espectro pol\u00edtico, a esquerda partid\u00e1ria n\u00e3o ofereceu nenhum novo nome com alcance parecido ao de Bolsonaro. O principal expoente ainda \u00e9 Lula.<\/p>\n<p>Com os esc\u00e2ndalos de corrup\u00e7\u00e3o, o impeachment de Dilma Rousseff, a condena\u00e7\u00e3o do ex-presidente por corrup\u00e7\u00e3o passiva e o desgaste acumulado pelo PT, a maior parte dos militantes da esquerda se viu &#8220;\u00f3rf\u00e3&#8221; de nomes promissores, segundo an\u00e1lise de cientistas sociais.<\/p>\n<p>Nessa perspectiva, a esquerda sobrevive em grupos sociais que n\u00e3o t\u00eam rela\u00e7\u00e3o direta com partidos, como o movimento negro, o feminismo, o LGBT e os secundaristas.<\/p>\n<p>Paulino diz que jovens pobres, moradores de bairros de periferia, ainda preferem Lula por terem &#8220;medo de perder direitos&#8221;.<\/p>\n<p>Gabriel se classifica como &#8220;classe baixa&#8221;, mas afirma n\u00e3o votar no petista &#8220;de jeito nenhum&#8221;. Bolsista do Prouni, programa de bolsas em universidades particulares criado por Lula, ele diz que n\u00e3o h\u00e1 contradi\u00e7\u00e3o entre sua condi\u00e7\u00e3o econ\u00f4mica e o apoio a um candidato da direita. &#8220;Pobre quer crescer economicamente, melhorar de vida. A direita prega o crescimento econ\u00f4mico e liberdades individuais, a esquerda quer controlar sua vida&#8221;, afirma.<\/p>\n<figure class=\"media-landscape has-caption full-width\"><span class=\"image-and-copyright-container\"><img data-recalc-dims=\"1\" loading=\"lazy\" decoding=\"async\" class=\"responsive-image__img js-image-replace\" src=\"https:\/\/i0.wp.com\/ichef.bbci.co.uk\/news\/624\/cpsprodpb\/1682F\/production\/_98770229_e90a6637-f313-4e70-a509-894049915908.jpg?resize=600%2C338&#038;ssl=1\" alt=\"Lula em reuni\u00e3o da Executiva Nacional do Partido dos Trabalhadores (PT), em S\u00e3o Paulo, no in\u00edcio de setembro\" width=\"600\" height=\"338\" data-highest-encountered-width=\"624\" \/><\/span><figcaption class=\"media-caption\"><span class=\"media-caption__text\">O ex-presidente Lula aparece nas pesquisas como primeiro em inten\u00e7\u00f5es de voto (Foto: Ricardo Stuckert\/Instituto Lula)<\/span><\/figcaption><\/figure>\n<h2 class=\"story-body__crosshead\">A viol\u00eancia no Brasil e a ditadura militar<\/h2>\n<p>Outro motivo que levou Gabriel a apoiar Jair Bolsonaro \u00e9 a forma como o deputado encara a viol\u00eancia &#8211; ele prop\u00f5e, por exemplo, extinguir o estatuto do desarmamento como maneira de a popula\u00e7\u00e3o se defender de bandidos.<\/p>\n<p>&#8220;Precisa haver o armamento civil. O (estatuto do) desarmamento foi uma farsa, a viol\u00eancia s\u00f3 piorou, porque o cidad\u00e3o de bem ficou indefeso. O bandido continua com as armas&#8221;, diz Gabriel.<\/p>\n<p>J\u00e9ssica Melo, de 18 anos, cita o apoio de Bolsonaro ao regime militar que comandou o Brasil entre 1964 e 1985. &#8220;As pessoas dizem que era um tempo bom, que voc\u00ea podia ficar na frente de casa sem ser assaltado. As escolas eram tranquilas, hoje aluno bate em professor, as pessoas te roubam na sua casa&#8221;, diz.<\/p>\n<p>Para M\u00e1rcia Cavallari, do Ibope, jovens que n\u00e3o viveram o per\u00edodo da ditadura militar tendem a romantiz\u00e1-lo. &#8220;O regime \u00e9 uma coisa distante para elas, algo que n\u00e3o foi discutido a fundo. Com a corrup\u00e7\u00e3o e o medo da viol\u00eancia, os jovens procuram um discurso que promove a ordem, a lei e os bons costumes&#8221;, diz.<\/p>\n<p>J\u00e1 Paulino, do Datafolha, afirma que Bolsonaro se aproveita de um dos &#8220;maiores medos&#8221; da popula\u00e7\u00e3o, a viol\u00eancia, para alavancar seu apoio popular. &#8220;Principalmente entre a classe m\u00e9dia, h\u00e1 um aumento do apoio \u00e0 pena de morte e ao enfrentamento ao crime como forma de combater a viol\u00eancia. Essa \u00e9 a principal bandeira dele&#8221;, explica.<\/p>\n<h2 class=\"story-body__crosshead\">Youtubers influentes<\/h2>\n<p>Al\u00e9m das p\u00e1ginas do pr\u00f3prio deputado, outros canais nas redes tamb\u00e9m ajudaram a direita a chegar a mais jovens. O Movimento Brasil Livre (MBL), por exemplo, \u00e9 uma das p\u00e1ginas de maior influ\u00eancia no Facebook, com 2,5 milh\u00f5es de seguidores. Apesar de n\u00e3o declararem oficialmente apoio a Bolsonaro, os militantes do MBL tamb\u00e9m costumam repassar as propostas do parlamentar, como maior rigidez no combate ao crime.<\/p>\n<p>Outro &#8220;digital influencer&#8221; \u00e9 o metaleiro e professor de guitarra Nando Moura, o mais popular youtuber da extrema-direita brasileira &#8211; ele tem 1,5 milh\u00e3o de seguidores no site e 337 mil no Facebook. H\u00e1 outros com perfil parecido, mas com alcance menor.<\/p>\n<figure class=\"media-landscape has-caption full-width\"><span class=\"image-and-copyright-container\"><img data-recalc-dims=\"1\" loading=\"lazy\" decoding=\"async\" class=\"responsive-image__img js-image-replace\" src=\"https:\/\/i0.wp.com\/ichef-1.bbci.co.uk\/news\/624\/cpsprodpb\/16741\/production\/_98296919_bolsonaro_reza.jpg?resize=600%2C338&#038;ssl=1\" alt=\"Jair Bolsonaro\" width=\"600\" height=\"338\" data-highest-encountered-width=\"624\" \/><span class=\"off-screen\">Direito de imagem<\/span><span class=\"story-image-copyright\">GETTY IMAGES<\/span><\/span><figcaption class=\"media-caption\"><span class=\"off-screen\">Image caption<\/span><span class=\"media-caption__text\">Deputado Jair Bolsonaro teria que aumentar sua influ\u00eancia para al\u00e9m da juventude se quiser vencer as elei\u00e7\u00f5es do pr\u00f3ximo ano, segundo analistas<\/span><\/figcaption><\/figure>\n<p>Nas produ\u00e7\u00f5es de Moura, que chegam a ter um milh\u00e3o de visualiza\u00e7\u00f5es, ele comenta assuntos variados, como &#8220;ideologia de g\u00eanero&#8221;, desarmamento, arte moderna e hist\u00f3ria do Brasil e do Mundo &#8211; o vi\u00e9s \u00e9 sempre de cr\u00edticas \u00e0 esquerda e apoio a Bolsonaro.<\/p>\n<p>Para Moys\u00e9s Pinto Neto, a direita foi &#8220;vision\u00e1ria&#8221; e &#8220;competente&#8221; ao usar o Facebook, YouTube e Twitter. &#8220;H\u00e1 tamb\u00e9m uma est\u00e9tica do metaleiro youtuber, do gamer e do nerd de direita. Tamb\u00e9m usa-se a l\u00f3gica do linchamento virtual, que a esquerda tamb\u00e9m j\u00e1 usou muito, para atacar a reputa\u00e7\u00f5es dos seus inimigos p\u00fablicos&#8221;, diz.<\/p>\n<p>Em Bel\u00e9m, por exemplo, J\u00e9ssica Melo da Silva e outras 150 pessoas discutem diariamente propostas de Bolsonaro e ataques a advers\u00e1rios em um grupo de WhatsApp chamado &#8220;Direita Jovem Paraense&#8221;. Grupos parecidos s\u00e3o muito populares em outros Estados e tentam, cada vez mais, conseguir votos para o candidato.<\/p>\n<h2 class=\"story-body__crosshead\">&#8216;Um candidato mais ao centro deve vencer&#8217;<\/h2>\n<p>Os diretores dos institutos Datafolha e Ipsos acreditam que, em 2018, Bolsonaro deve perder for\u00e7a porque, na campanha, ele ter\u00e1 menos tempo de propaganda na TV e no r\u00e1dio do que seus advers\u00e1rios. &#8220;Apesar das redes sociais serem muito importantes, a televis\u00e3o ainda tem um peso gigantesco. Bolsonaro est\u00e1 num partido pequeno, ter\u00e1 poucos segundos&#8221;, diz Paulino.<\/p>\n<p>&#8220;A minha tese \u00e9 de que provavelmente v\u00e1 surgir um candidato mais ao centro, que consiga se equilibrar na polariza\u00e7\u00e3o entre esquerda e direita&#8221;, concorda Cersosimo, do Ipsos.<\/p>\n<p>Diretora do Ibope, M\u00e1rcia Cavallari afirma que, apesar de ser dif\u00edcil prever qual ser\u00e1 o impacto da internet nas elei\u00e7\u00f5es &#8211; que tem sido difuso em elei\u00e7\u00f5es passadas &#8211; ele n\u00e3o ser\u00e1 pequeno. &#8220;No Brasil, 102 milh\u00f5es de pessoas t\u00eam acesso a esses canais. Em 2013, eram 78 milh\u00f5es. As redes sociais v\u00e3o ser muito mais importantes do que foram nas \u00faltimas elei\u00e7\u00f5es&#8221;, diz.<\/p>\n<p>Pesquisa do Ibope deste ano apontou que 36% dos eleitores brasileiros acreditam que a internet ter\u00e1 &#8220;muita import\u00e2ncia&#8221; na hora de decidir o voto. Para 35%, a TV e o r\u00e1dio tamb\u00e9m ter\u00e3o influ\u00eancia.<\/p>\n<p>J\u00e1 o cientista pol\u00edtico Hilton Cesario Fernandes, da Fespsp, argumenta que o apoio da juventude n\u00e3o ser\u00e1 suficiente para a vit\u00f3ria da extrema-direita. &#8220;O discurso radical pega uma parcela da popula\u00e7\u00e3o espec\u00edfica, mas dificilmente convence a maior parte da popula\u00e7\u00e3o numa disputa majorit\u00e1ria, diz.<\/p>\n<p>Por outro lado, Bolsonaro vem crescendo em levantamentos do Datafolha desde dezembro de 2015, quando tinha 5% das inten\u00e7\u00f5es de voto. No \u00faltimo, em outubro deste ano, estava com 16%.<\/p>\n<p>Se depender de J\u00e9ssica Melo da Silva, 19, seu candidato conservador vai crescer ainda mais. &#8220;Fa\u00e7o campanha de gra\u00e7a para Bolsonaro&#8221;, diz ela, que gosta de andar com a camiseta do \u00eddolo pelas ruas de Bel\u00e9m e compartilhar material sobre ele em suas p\u00e1ginas nas redes sociais.<\/p>\n","protected":false},"excerpt":{"rendered":"<p>Da BBC Brasil em S\u00e3o Paulo, por\u00a0Leandro Machado &#8211; O estudante de administra\u00e7\u00e3o Gabriel Ara\u00fajo conheceu o deputado federal Jair Bolsonaro (PSC) em um meme no Facebook. Era final de 2013, e o jovem da Baixada Fluminense, hoje com 22 anos, estava desencantado com a pol\u00edtica e com o pa\u00eds. N\u00e3o acreditava em mais ningu\u00e9m&#8230;.<a class=\"more-link\" href=\"http:\/\/blogdalucianaoliveira.com.br\/blog\/2017\/11\/16\/por-que-60-dos-eleitores-de-bolsonaro-sao-jovens\/\">Continue a leitura <span class=\"meta-nav\">&raquo;<\/span><\/a><\/p>\n","protected":false},"author":1,"featured_media":0,"comment_status":"closed","ping_status":"open","sticky":false,"template":"","format":"standard","meta":{"_exactmetrics_skip_tracking":false,"_exactmetrics_sitenote_active":false,"_exactmetrics_sitenote_note":"","_exactmetrics_sitenote_category":0,"jetpack_post_was_ever_published":false,"_jetpack_newsletter_access":"","_jetpack_dont_email_post_to_subs":false,"_jetpack_newsletter_tier_id":0,"_jetpack_memberships_contains_paywalled_content":false,"_jetpack_memberships_contains_paid_content":false,"footnotes":"","jetpack_publicize_message":"","jetpack_publicize_feature_enabled":true,"jetpack_social_post_already_shared":true,"jetpack_social_options":{"image_generator_settings":{"template":"highway","enabled":false},"version":2}},"categories":[1],"tags":[],"class_list":["post-15021","post","type-post","status-publish","format-standard","hentry","category-notas"],"jetpack_publicize_connections":[],"jetpack_sharing_enabled":true,"jetpack_featured_media_url":"","jetpack_shortlink":"https:\/\/wp.me\/p7wKYW-3Uh","jetpack-related-posts":[],"_links":{"self":[{"href":"http:\/\/blogdalucianaoliveira.com.br\/blog\/wp-json\/wp\/v2\/posts\/15021","targetHints":{"allow":["GET"]}}],"collection":[{"href":"http:\/\/blogdalucianaoliveira.com.br\/blog\/wp-json\/wp\/v2\/posts"}],"about":[{"href":"http:\/\/blogdalucianaoliveira.com.br\/blog\/wp-json\/wp\/v2\/types\/post"}],"author":[{"embeddable":true,"href":"http:\/\/blogdalucianaoliveira.com.br\/blog\/wp-json\/wp\/v2\/users\/1"}],"replies":[{"embeddable":true,"href":"http:\/\/blogdalucianaoliveira.com.br\/blog\/wp-json\/wp\/v2\/comments?post=15021"}],"version-history":[{"count":1,"href":"http:\/\/blogdalucianaoliveira.com.br\/blog\/wp-json\/wp\/v2\/posts\/15021\/revisions"}],"predecessor-version":[{"id":15024,"href":"http:\/\/blogdalucianaoliveira.com.br\/blog\/wp-json\/wp\/v2\/posts\/15021\/revisions\/15024"}],"wp:attachment":[{"href":"http:\/\/blogdalucianaoliveira.com.br\/blog\/wp-json\/wp\/v2\/media?parent=15021"}],"wp:term":[{"taxonomy":"category","embeddable":true,"href":"http:\/\/blogdalucianaoliveira.com.br\/blog\/wp-json\/wp\/v2\/categories?post=15021"},{"taxonomy":"post_tag","embeddable":true,"href":"http:\/\/blogdalucianaoliveira.com.br\/blog\/wp-json\/wp\/v2\/tags?post=15021"}],"curies":[{"name":"wp","href":"https:\/\/api.w.org\/{rel}","templated":true}]}}