{"id":15026,"date":"2017-11-16T18:33:55","date_gmt":"2017-11-16T22:33:55","guid":{"rendered":"http:\/\/blogdalucianaoliveira.com.br\/blog\/?p=15026"},"modified":"2017-11-16T18:33:55","modified_gmt":"2017-11-16T22:33:55","slug":"ex-reitora-denuncia-calunia-e-diz-que-vai-doar-indenizacao-a-compra-de-livros-e-a-tratamento-de-cancer","status":"publish","type":"post","link":"http:\/\/blogdalucianaoliveira.com.br\/blog\/2017\/11\/16\/ex-reitora-denuncia-calunia-e-diz-que-vai-doar-indenizacao-a-compra-de-livros-e-a-tratamento-de-cancer\/","title":{"rendered":"Ex-reitora denuncia cal\u00fania e diz que vai doar indeniza\u00e7\u00e3o \u00e0 compra de livros e a tratamento de c\u00e2ncer"},"content":{"rendered":"<p><img data-recalc-dims=\"1\" loading=\"lazy\" decoding=\"async\" data-attachment-id=\"15027\" data-permalink=\"http:\/\/blogdalucianaoliveira.com.br\/blog\/2017\/11\/16\/ex-reitora-denuncia-calunia-e-diz-que-vai-doar-indenizacao-a-compra-de-livros-e-a-tratamento-de-cancer\/bere\/\" data-orig-file=\"https:\/\/i0.wp.com\/blogdalucianaoliveira.com.br\/blog\/wp-content\/uploads\/2017\/11\/bere.jpg?fit=1600%2C899\" data-orig-size=\"1600,899\" data-comments-opened=\"0\" data-image-meta=\"{&quot;aperture&quot;:&quot;0&quot;,&quot;credit&quot;:&quot;&quot;,&quot;camera&quot;:&quot;&quot;,&quot;caption&quot;:&quot;&quot;,&quot;created_timestamp&quot;:&quot;0&quot;,&quot;copyright&quot;:&quot;Copyright 2009&quot;,&quot;focal_length&quot;:&quot;0&quot;,&quot;iso&quot;:&quot;0&quot;,&quot;shutter_speed&quot;:&quot;0&quot;,&quot;title&quot;:&quot;&quot;,&quot;orientation&quot;:&quot;0&quot;}\" data-image-title=\"bere\" data-image-description=\"\" data-image-caption=\"\" data-medium-file=\"https:\/\/i0.wp.com\/blogdalucianaoliveira.com.br\/blog\/wp-content\/uploads\/2017\/11\/bere.jpg?fit=300%2C169\" data-large-file=\"https:\/\/i0.wp.com\/blogdalucianaoliveira.com.br\/blog\/wp-content\/uploads\/2017\/11\/bere.jpg?fit=600%2C337\" src=\"https:\/\/i0.wp.com\/blogdalucianaoliveira.com.br\/blog\/wp-content\/uploads\/2017\/11\/bere.jpg?resize=600%2C337\" alt=\"bere\" width=\"600\" height=\"337\" class=\"alignnone size-full wp-image-15027\" srcset=\"https:\/\/i0.wp.com\/blogdalucianaoliveira.com.br\/blog\/wp-content\/uploads\/2017\/11\/bere.jpg?w=1600 1600w, https:\/\/i0.wp.com\/blogdalucianaoliveira.com.br\/blog\/wp-content\/uploads\/2017\/11\/bere.jpg?resize=300%2C169 300w, https:\/\/i0.wp.com\/blogdalucianaoliveira.com.br\/blog\/wp-content\/uploads\/2017\/11\/bere.jpg?resize=768%2C432 768w, https:\/\/i0.wp.com\/blogdalucianaoliveira.com.br\/blog\/wp-content\/uploads\/2017\/11\/bere.jpg?resize=1024%2C575 1024w, https:\/\/i0.wp.com\/blogdalucianaoliveira.com.br\/blog\/wp-content\/uploads\/2017\/11\/bere.jpg?resize=534%2C300 534w, https:\/\/i0.wp.com\/blogdalucianaoliveira.com.br\/blog\/wp-content\/uploads\/2017\/11\/bere.jpg?w=1200 1200w\" sizes=\"auto, (max-width: 600px) 100vw, 600px\" \/><\/p>\n<p>Em carta dirigida a acad\u00eamicos e professores da Universidade Federal de Rond\u00f4nia (UNIR), a ex-reitora Profa. Maria Berenice Alho da Costa Tourinho, anunciou que moveu A\u00e7\u00e3o de Repara\u00e7\u00e3o de Danos contra tr\u00eas professores que a acusam de ter falsificado a revalida\u00e7\u00e3o do diploma de doutorado em ci\u00eancias psicol\u00f3gicas na Universidade de Bras\u00edlia (UnB), obtido em Cuba.<!--more--><\/p>\n<p>Di T\u00e1rique Barreto Crispim, Fabr\u00edcio Moraes de Almeida e Izan Fabr\u00edcio Neves Calderaro v\u00e3o responder por danos morais. <\/p>\n<p>Berenice Tourinho juntou provas da lisura do processo de revalida\u00e7\u00e3o e caso conquiste o direito \u00e0 repara\u00e7\u00e3o promete converter parte do valor (50 mil reais) em doa\u00e7\u00e3o para a UNIR, com aquisi\u00e7\u00e3o de livros, bem como doar para o Hospital do C\u00e2ncer de Rond\u00f4nia. <\/p>\n<p>Um dos que lan\u00e7aram d\u00favidas sobre a revalida\u00e7\u00e3o do diploma da ex-reitora \u00e9 o Doutor em f\u00edsica, Fabr\u00edcio Moraes de Almeida, que processou a jornalista respons\u00e1vel por este blog ao ter seu discurso de \u00f3dio aos mu\u00e7ulmanos denunciado e que j\u00e1 foi condenado por cal\u00fania contra o atual reitor em outra gest\u00e3o. <\/p>\n<p>Lembre o caso:<\/p>\n<blockquote class=\"wp-embedded-content\" data-secret=\"SqWcAWqVFh\"><p><a href=\"http:\/\/blogdalucianaoliveira.com.br\/blog\/2016\/12\/28\/avaliador-do-inepmec-em-rondonia-dissemina-odio-a-muculmanos-nas-redes-sociais\/\">AVALIADOR DO INEP\/MEC EM ROND\u00d4NIA DISSEMINA \u00d3DIO A MU\u00c7ULMANOS NAS REDES SOCIAIS<\/a><\/p><\/blockquote>\n<p><iframe loading=\"lazy\" class=\"wp-embedded-content\" sandbox=\"allow-scripts\" security=\"restricted\" style=\"position: absolute; clip: rect(1px, 1px, 1px, 1px);\" title=\"&#8220;AVALIADOR DO INEP\/MEC EM ROND\u00d4NIA DISSEMINA \u00d3DIO A MU\u00c7ULMANOS NAS REDES SOCIAIS&#8221; &#8212; Blog da Luciana Oliveira\" src=\"http:\/\/blogdalucianaoliveira.com.br\/blog\/2016\/12\/28\/avaliador-do-inepmec-em-rondonia-dissemina-odio-a-muculmanos-nas-redes-sociais\/embed\/#?secret=e1d9JPGdAB#?secret=SqWcAWqVFh\" data-secret=\"SqWcAWqVFh\" width=\"600\" height=\"338\" frameborder=\"0\" marginwidth=\"0\" marginheight=\"0\" scrolling=\"no\"><\/iframe><\/p>\n<blockquote class=\"wp-embedded-content\" data-secret=\"XEwAKmOhOa\"><p><a href=\"http:\/\/blogdalucianaoliveira.com.br\/blog\/2017\/08\/24\/247-jornalista-processada-por-reproduzir-intolerancia-religiosa-de-professor-recebe-solidariedade\/\">247: JORNALISTA PROCESSADA POR REPRODUZIR INTOLER\u00c2NCIA RELIGIOSA DE PROFESSOR RECEBE SOLIDARIEDADE<\/a><\/p><\/blockquote>\n<p><iframe loading=\"lazy\" class=\"wp-embedded-content\" sandbox=\"allow-scripts\" security=\"restricted\" style=\"position: absolute; clip: rect(1px, 1px, 1px, 1px);\" title=\"&#8220;247: JORNALISTA PROCESSADA POR REPRODUZIR INTOLER\u00c2NCIA RELIGIOSA DE PROFESSOR RECEBE SOLIDARIEDADE&#8221; &#8212; Blog da Luciana Oliveira\" src=\"http:\/\/blogdalucianaoliveira.com.br\/blog\/2017\/08\/24\/247-jornalista-processada-por-reproduzir-intolerancia-religiosa-de-professor-recebe-solidariedade\/embed\/#?secret=qqGJH5tRt0#?secret=XEwAKmOhOa\" data-secret=\"XEwAKmOhOa\" width=\"600\" height=\"338\" frameborder=\"0\" marginwidth=\"0\" marginheight=\"0\" scrolling=\"no\"><\/iframe><\/p>\n<p>Outro \u00e9 Izan Fabr\u00edcio Caldearo, que tamb\u00e9m moveu a\u00e7\u00e3o contra mat\u00e9ria deste blog, julgada improcedente em primeira inst\u00e2ncia. <\/p>\n<p>Confira a carta da ex-reitora na \u00edntegra:<\/p>\n<p>Colegas, Alunos e Amigos!! <\/p>\n<p>Escrevo a voc\u00eas para esclarecer e informar sobre as provid\u00eancias tomadas a respeito das cal\u00fanias que me impingem colegas da Unir. Com estas informa\u00e7\u00f5es cumpro com dever de cidad\u00e3, servidora p\u00fablica e com o respeito que devo aqueles que me prezam e reputam import\u00e2ncia ao meu trabalho acad\u00eamico. <!--more--><\/p>\n<p>Estes colegas n\u00e3o s\u00f3 me denunciaram como alardearam suspeitas, portanto sem provas, que o meu t\u00edtulo de doutorado defendido em Cuba (Universidad de La Habana &#8211; UH) era inexistente assim como colocaram sob suspei\u00e7\u00e3o de fraude a revalida\u00e7\u00e3o do mesmo pela UnB. Al\u00e9m disso culminaram por afirmar que eu como servidora p\u00fablica me beneficiei de tal \u201crevalida\u00e7\u00e3o, inclusive assumiu o cargo de Reitora da Universidade Federal de Rond\u00f4nia\u201d. <\/p>\n<p>\u00c9 deveras lastim\u00e1vel, dolosa, pr\u00f3pria para causar, como causou, d\u00favidas entre os professores t\u00e9cnicos e alunos da UNIR, al\u00e9m de amigos que souberam das inf\u00e2mias. Destaco acima apenas um trechos da a\u00e7\u00e3o judicial de repara\u00e7\u00e3o de danos morais (em breve irei para as insinua\u00e7\u00f5es maliciosas e caluniosas propostas, dolosamente, por eles devem ser espancadas pela Justi\u00e7a e que embora tentem enlamear a minha honra e a minha imagem, eles n\u00e3o conseguir\u00e3o. <\/p>\n<p>Ressalvei que a repetida postagem de uma mentira nas redes sociais \u00e9 amplificada para al\u00e9m da comunidade de interesse, tornando-se, qui\u00e7\u00e1 uma verdade. Somente agora se come\u00e7a a compreender, na integralidade, o efeito das chamadas fake news (not\u00edcias falsas) na destrui\u00e7\u00e3o de reputa\u00e7\u00f5es duramente conquistadas. <\/p>\n<p>Pedi, com base nas normas legais e, sobretudo, no preceito estabelecido no art. 5\u00b0, inciso X, da Constitui\u00e7\u00e3o Federal, que sejam eles condenados a me indenizarem pelos danos decorrentes da viola\u00e7\u00e3o. Registrei que o resultado do montante que eles venham ser condenados, reverterei parte em prol da aquisi\u00e7\u00e3o de livros, para a nossa Biblioteca Central\/UNIR, e parte doarei para o uma institui\u00e7\u00e3o de sa\u00fade que necessita atender a popula\u00e7\u00e3o, principalmente crian\u00e7as, com enfermidades graves. <\/p>\n<p>Todos voc\u00eas &#8211; colegas, alunos e amigos &#8211; sabem quanto \u00e0s maledic\u00eancias lan\u00e7adas contra mim, por meio de Representa\u00e7\u00f5es vazias, protocoladas na UNIR e no MEC (al\u00e9m de outros \u00f3rg\u00e3os p\u00fablicos, segundo os pr\u00f3prios), bem como a ampla divulga\u00e7\u00e3o nas redes sociais minaram o meu cotidiano acad\u00eamico, geraram desgosto, mas, por outro lado, me revestiram de for\u00e7a porque \u201c&#8230;hay que endurecer, pero sin perder la ternura jam\u00e1s! Hasta la vict\u00f3ria, siempre!<\/p>\n<p>Entretanto, por orienta\u00e7\u00e3o do meu advogado esperei, pacientemente, o momento pr\u00f3prio para a defesa, o que fa\u00e7o nesta oportunidade, bem como para o ataque, o que fiz no dia de hoje. A demora deu-se porque t\u00ednhamos que esperar as respostas quanto aos documentos solicitados de v\u00e1rios lugares, para cal\u00e7ar as afirma\u00e7\u00f5es e destronar os lab\u00e9us lan\u00e7ados contra mim. <\/p>\n<p>Estou, neste momento, feliz, respondendo por minhas atividades acad\u00eamicas no meu est\u00e1gio P\u00f3s-Doutoral, apoiada pelo meu Departamento Acad\u00eamico; tamb\u00e9m me sinto contemplada com o dever de informar a todos os que me respeitam como profissional, as medidas que tomei em minha defesa, porque entendo que para al\u00e9m de superar este ataque pessoal a minha dignidade profissional, devo continuar honrando o nome da Universidade Federal de Rond\u00f4nia. Renovo, encarecidamente, meus agradecimentos e aten\u00e7\u00e3o! <\/p>\n<p>Profa. Maria Berenice Alho da Costa Tourinho.<\/p>\n","protected":false},"excerpt":{"rendered":"<p>Em carta dirigida a acad\u00eamicos e professores da Universidade Federal de Rond\u00f4nia (UNIR), a ex-reitora Profa. Maria Berenice Alho da Costa Tourinho, anunciou que moveu A\u00e7\u00e3o de Repara\u00e7\u00e3o de Danos contra tr\u00eas professores que a acusam de ter falsificado a revalida\u00e7\u00e3o do diploma de doutorado em ci\u00eancias psicol\u00f3gicas na Universidade de Bras\u00edlia (UnB), obtido em&#8230;<a class=\"more-link\" href=\"http:\/\/blogdalucianaoliveira.com.br\/blog\/2017\/11\/16\/ex-reitora-denuncia-calunia-e-diz-que-vai-doar-indenizacao-a-compra-de-livros-e-a-tratamento-de-cancer\/\">Continue a leitura <span class=\"meta-nav\">&raquo;<\/span><\/a><\/p>\n","protected":false},"author":1,"featured_media":0,"comment_status":"closed","ping_status":"open","sticky":false,"template":"","format":"standard","meta":{"_exactmetrics_skip_tracking":false,"_exactmetrics_sitenote_active":false,"_exactmetrics_sitenote_note":"","_exactmetrics_sitenote_category":0,"jetpack_post_was_ever_published":false,"_jetpack_newsletter_access":"","_jetpack_dont_email_post_to_subs":false,"_jetpack_newsletter_tier_id":0,"_jetpack_memberships_contains_paywalled_content":false,"_jetpack_memberships_contains_paid_content":false,"footnotes":"","jetpack_publicize_message":"","jetpack_publicize_feature_enabled":true,"jetpack_social_post_already_shared":true,"jetpack_social_options":{"image_generator_settings":{"template":"highway","enabled":false},"version":2}},"categories":[1],"tags":[],"class_list":["post-15026","post","type-post","status-publish","format-standard","hentry","category-notas"],"jetpack_publicize_connections":[],"jetpack_sharing_enabled":true,"jetpack_featured_media_url":"","jetpack_shortlink":"https:\/\/wp.me\/p7wKYW-3Um","jetpack-related-posts":[],"_links":{"self":[{"href":"http:\/\/blogdalucianaoliveira.com.br\/blog\/wp-json\/wp\/v2\/posts\/15026","targetHints":{"allow":["GET"]}}],"collection":[{"href":"http:\/\/blogdalucianaoliveira.com.br\/blog\/wp-json\/wp\/v2\/posts"}],"about":[{"href":"http:\/\/blogdalucianaoliveira.com.br\/blog\/wp-json\/wp\/v2\/types\/post"}],"author":[{"embeddable":true,"href":"http:\/\/blogdalucianaoliveira.com.br\/blog\/wp-json\/wp\/v2\/users\/1"}],"replies":[{"embeddable":true,"href":"http:\/\/blogdalucianaoliveira.com.br\/blog\/wp-json\/wp\/v2\/comments?post=15026"}],"version-history":[{"count":1,"href":"http:\/\/blogdalucianaoliveira.com.br\/blog\/wp-json\/wp\/v2\/posts\/15026\/revisions"}],"predecessor-version":[{"id":15029,"href":"http:\/\/blogdalucianaoliveira.com.br\/blog\/wp-json\/wp\/v2\/posts\/15026\/revisions\/15029"}],"wp:attachment":[{"href":"http:\/\/blogdalucianaoliveira.com.br\/blog\/wp-json\/wp\/v2\/media?parent=15026"}],"wp:term":[{"taxonomy":"category","embeddable":true,"href":"http:\/\/blogdalucianaoliveira.com.br\/blog\/wp-json\/wp\/v2\/categories?post=15026"},{"taxonomy":"post_tag","embeddable":true,"href":"http:\/\/blogdalucianaoliveira.com.br\/blog\/wp-json\/wp\/v2\/tags?post=15026"}],"curies":[{"name":"wp","href":"https:\/\/api.w.org\/{rel}","templated":true}]}}