{"id":15030,"date":"2017-11-17T09:55:30","date_gmt":"2017-11-17T13:55:30","guid":{"rendered":"http:\/\/blogdalucianaoliveira.com.br\/blog\/?p=15030"},"modified":"2017-11-17T10:04:47","modified_gmt":"2017-11-17T14:04:47","slug":"centro-cultural-boliviano-realiza-festa-pelos-165-anos-do-beni","status":"publish","type":"post","link":"http:\/\/blogdalucianaoliveira.com.br\/blog\/2017\/11\/17\/centro-cultural-boliviano-realiza-festa-pelos-165-anos-do-beni\/","title":{"rendered":"CENTRO CULTURAL BOLIVIANO REALIZA FESTA PELOS 175 ANOS DO BENI"},"content":{"rendered":"<p><img data-recalc-dims=\"1\" loading=\"lazy\" decoding=\"async\" data-attachment-id=\"15031\" data-permalink=\"http:\/\/blogdalucianaoliveira.com.br\/blog\/2017\/11\/17\/centro-cultural-boliviano-realiza-festa-pelos-165-anos-do-beni\/beni\/\" data-orig-file=\"https:\/\/i0.wp.com\/blogdalucianaoliveira.com.br\/blog\/wp-content\/uploads\/2017\/11\/beni.jpg?fit=1280%2C1280\" data-orig-size=\"1280,1280\" data-comments-opened=\"0\" data-image-meta=\"{&quot;aperture&quot;:&quot;0&quot;,&quot;credit&quot;:&quot;&quot;,&quot;camera&quot;:&quot;&quot;,&quot;caption&quot;:&quot;&quot;,&quot;created_timestamp&quot;:&quot;0&quot;,&quot;copyright&quot;:&quot;&quot;,&quot;focal_length&quot;:&quot;0&quot;,&quot;iso&quot;:&quot;0&quot;,&quot;shutter_speed&quot;:&quot;0&quot;,&quot;title&quot;:&quot;&quot;,&quot;orientation&quot;:&quot;1&quot;}\" data-image-title=\"beni\" data-image-description=\"\" data-image-caption=\"\" data-medium-file=\"https:\/\/i0.wp.com\/blogdalucianaoliveira.com.br\/blog\/wp-content\/uploads\/2017\/11\/beni.jpg?fit=300%2C300\" data-large-file=\"https:\/\/i0.wp.com\/blogdalucianaoliveira.com.br\/blog\/wp-content\/uploads\/2017\/11\/beni.jpg?fit=600%2C600\" src=\"https:\/\/i0.wp.com\/blogdalucianaoliveira.com.br\/blog\/wp-content\/uploads\/2017\/11\/beni.jpg?resize=600%2C600\" alt=\"beni\" width=\"600\" height=\"600\" class=\"alignnone size-full wp-image-15031\" srcset=\"https:\/\/i0.wp.com\/blogdalucianaoliveira.com.br\/blog\/wp-content\/uploads\/2017\/11\/beni.jpg?w=1280 1280w, https:\/\/i0.wp.com\/blogdalucianaoliveira.com.br\/blog\/wp-content\/uploads\/2017\/11\/beni.jpg?resize=150%2C150 150w, https:\/\/i0.wp.com\/blogdalucianaoliveira.com.br\/blog\/wp-content\/uploads\/2017\/11\/beni.jpg?resize=300%2C300 300w, https:\/\/i0.wp.com\/blogdalucianaoliveira.com.br\/blog\/wp-content\/uploads\/2017\/11\/beni.jpg?resize=768%2C768 768w, https:\/\/i0.wp.com\/blogdalucianaoliveira.com.br\/blog\/wp-content\/uploads\/2017\/11\/beni.jpg?resize=1024%2C1024 1024w, https:\/\/i0.wp.com\/blogdalucianaoliveira.com.br\/blog\/wp-content\/uploads\/2017\/11\/beni.jpg?w=1200 1200w\" sizes=\"auto, (max-width: 600px) 100vw, 600px\" \/><\/p>\n<p>A tradicional festa ser\u00e1 no Clube da OAB neste domingo (19), a partir das 11 horas. A cultura boliviana estar\u00e1 representada com comidas t\u00edpicas e apresenta\u00e7\u00f5es musicais do pais vizinho.<\/p>\n<p>Um dos pratos mais procurados \u00e9 o &#8216;Pique a Lo Macho&#8217;, que re\u00fane carne e legumes e como acmopanhamento, o suco de p\u00eassego cozido, o &#8216;Mocochinchi&#8217;. <\/p>\n<p>Volunt\u00e1rios se dividem na cozinha, nas vendas, organiza\u00e7\u00e3o e limpeza da festa.<\/p>\n<p>Beni \u00e9 o estado da Bol\u00edvia que faz fronteira com Rond\u00f4nia e neste 18 de novembro comemora o cent\u00e9simo septuag\u00e9simo quinto anivers\u00e1rio de funda\u00e7\u00e3o. <!--more--><\/p>\n<p>O estado foi fundado em 1842 e a festa realizada desde 2012 atrai um p\u00fablico cada vez maior. <\/p>\n<p>O objetivo \u00e9 comemorar a data de funda\u00e7\u00e3o do Estado do Beni e manter a cultura boliviana, em especial a cultura boliviana amaz\u00f4nica. A organiza\u00e7\u00e3o \u00e9 feita por um grupo de amigos que todos os anos se re\u00fane com essa finalidade e tem o apoio do Centro Cultural Boliviano. <\/p>\n<p>N\u00e3o \u00e9 cobrada entrada.<\/p>\n<div class=\"fb-video\" data-allowfullscreen=\"true\" data-href=\"https:\/\/www.facebook.com\/luciana.oliveira.75457\/videos\/1219232198152681\/\"><\/div>\n","protected":false},"excerpt":{"rendered":"<p>A tradicional festa ser\u00e1 no Clube da OAB neste domingo (19), a partir das 11 horas. A cultura boliviana estar\u00e1 representada com comidas t\u00edpicas e apresenta\u00e7\u00f5es musicais do pais vizinho. Um dos pratos mais procurados \u00e9 o &#8216;Pique a Lo Macho&#8217;, que re\u00fane carne e legumes e como acmopanhamento, o suco de p\u00eassego cozido, o&#8230;<a class=\"more-link\" href=\"http:\/\/blogdalucianaoliveira.com.br\/blog\/2017\/11\/17\/centro-cultural-boliviano-realiza-festa-pelos-165-anos-do-beni\/\">Continue a leitura <span class=\"meta-nav\">&raquo;<\/span><\/a><\/p>\n","protected":false},"author":1,"featured_media":0,"comment_status":"closed","ping_status":"open","sticky":false,"template":"","format":"standard","meta":{"_exactmetrics_skip_tracking":false,"_exactmetrics_sitenote_active":false,"_exactmetrics_sitenote_note":"","_exactmetrics_sitenote_category":0,"jetpack_post_was_ever_published":false,"_jetpack_newsletter_access":"","_jetpack_dont_email_post_to_subs":false,"_jetpack_newsletter_tier_id":0,"_jetpack_memberships_contains_paywalled_content":false,"_jetpack_memberships_contains_paid_content":false,"footnotes":"","jetpack_publicize_message":"","jetpack_publicize_feature_enabled":true,"jetpack_social_post_already_shared":true,"jetpack_social_options":{"image_generator_settings":{"template":"highway","enabled":false},"version":2}},"categories":[1],"tags":[],"class_list":["post-15030","post","type-post","status-publish","format-standard","hentry","category-notas"],"jetpack_publicize_connections":[],"jetpack_sharing_enabled":true,"jetpack_featured_media_url":"","jetpack_shortlink":"https:\/\/wp.me\/p7wKYW-3Uq","jetpack-related-posts":[],"_links":{"self":[{"href":"http:\/\/blogdalucianaoliveira.com.br\/blog\/wp-json\/wp\/v2\/posts\/15030","targetHints":{"allow":["GET"]}}],"collection":[{"href":"http:\/\/blogdalucianaoliveira.com.br\/blog\/wp-json\/wp\/v2\/posts"}],"about":[{"href":"http:\/\/blogdalucianaoliveira.com.br\/blog\/wp-json\/wp\/v2\/types\/post"}],"author":[{"embeddable":true,"href":"http:\/\/blogdalucianaoliveira.com.br\/blog\/wp-json\/wp\/v2\/users\/1"}],"replies":[{"embeddable":true,"href":"http:\/\/blogdalucianaoliveira.com.br\/blog\/wp-json\/wp\/v2\/comments?post=15030"}],"version-history":[{"count":7,"href":"http:\/\/blogdalucianaoliveira.com.br\/blog\/wp-json\/wp\/v2\/posts\/15030\/revisions"}],"predecessor-version":[{"id":15038,"href":"http:\/\/blogdalucianaoliveira.com.br\/blog\/wp-json\/wp\/v2\/posts\/15030\/revisions\/15038"}],"wp:attachment":[{"href":"http:\/\/blogdalucianaoliveira.com.br\/blog\/wp-json\/wp\/v2\/media?parent=15030"}],"wp:term":[{"taxonomy":"category","embeddable":true,"href":"http:\/\/blogdalucianaoliveira.com.br\/blog\/wp-json\/wp\/v2\/categories?post=15030"},{"taxonomy":"post_tag","embeddable":true,"href":"http:\/\/blogdalucianaoliveira.com.br\/blog\/wp-json\/wp\/v2\/tags?post=15030"}],"curies":[{"name":"wp","href":"https:\/\/api.w.org\/{rel}","templated":true}]}}