{"id":15055,"date":"2017-11-17T10:49:37","date_gmt":"2017-11-17T14:49:37","guid":{"rendered":"http:\/\/blogdalucianaoliveira.com.br\/blog\/?p=15055"},"modified":"2017-11-17T10:49:37","modified_gmt":"2017-11-17T14:49:37","slug":"hoje-lancamento-do-filme-arpilleras-no-sesc","status":"publish","type":"post","link":"http:\/\/blogdalucianaoliveira.com.br\/blog\/2017\/11\/17\/hoje-lancamento-do-filme-arpilleras-no-sesc\/","title":{"rendered":"HOJE: Lan\u00e7amento do filme Arpilleras no Sesc"},"content":{"rendered":"<p><img data-recalc-dims=\"1\" loading=\"lazy\" decoding=\"async\" data-attachment-id=\"15056\" data-permalink=\"http:\/\/blogdalucianaoliveira.com.br\/blog\/2017\/11\/17\/hoje-lancamento-do-filme-arpilleras-no-sesc\/arpi\/\" data-orig-file=\"https:\/\/i0.wp.com\/blogdalucianaoliveira.com.br\/blog\/wp-content\/uploads\/2017\/11\/arpi.jpg?fit=960%2C343\" data-orig-size=\"960,343\" data-comments-opened=\"0\" data-image-meta=\"{&quot;aperture&quot;:&quot;0&quot;,&quot;credit&quot;:&quot;&quot;,&quot;camera&quot;:&quot;&quot;,&quot;caption&quot;:&quot;&quot;,&quot;created_timestamp&quot;:&quot;0&quot;,&quot;copyright&quot;:&quot;&quot;,&quot;focal_length&quot;:&quot;0&quot;,&quot;iso&quot;:&quot;0&quot;,&quot;shutter_speed&quot;:&quot;0&quot;,&quot;title&quot;:&quot;&quot;,&quot;orientation&quot;:&quot;0&quot;}\" data-image-title=\"arpi\" data-image-description=\"\" data-image-caption=\"\" data-medium-file=\"https:\/\/i0.wp.com\/blogdalucianaoliveira.com.br\/blog\/wp-content\/uploads\/2017\/11\/arpi.jpg?fit=300%2C107\" data-large-file=\"https:\/\/i0.wp.com\/blogdalucianaoliveira.com.br\/blog\/wp-content\/uploads\/2017\/11\/arpi.jpg?fit=600%2C214\" class=\"alignnone size-full wp-image-15056\" src=\"https:\/\/i0.wp.com\/blogdalucianaoliveira.com.br\/blog\/wp-content\/uploads\/2017\/11\/arpi.jpg?resize=600%2C214\" alt=\"arpi\" width=\"600\" height=\"214\" srcset=\"https:\/\/i0.wp.com\/blogdalucianaoliveira.com.br\/blog\/wp-content\/uploads\/2017\/11\/arpi.jpg?w=960 960w, https:\/\/i0.wp.com\/blogdalucianaoliveira.com.br\/blog\/wp-content\/uploads\/2017\/11\/arpi.jpg?resize=300%2C107 300w, https:\/\/i0.wp.com\/blogdalucianaoliveira.com.br\/blog\/wp-content\/uploads\/2017\/11\/arpi.jpg?resize=768%2C274 768w, https:\/\/i0.wp.com\/blogdalucianaoliveira.com.br\/blog\/wp-content\/uploads\/2017\/11\/arpi.jpg?resize=800%2C286 800w\" sizes=\"auto, (max-width: 600px) 100vw, 600px\" \/><\/p>\n<div class=\"_2qgs\">\n<div id=\"id_5a0ef63a1d1a42e26831413\" class=\"text_exposed_root text_exposed\">\nO filme \u201cArpilleras: atingidas por barragens bordando a resist\u00eancia\u201d conta a hist\u00f3ria de dez mulheres atingidas por barragens das cinco regi\u00f5es do Brasil que, por meio de uma t\u00e9cnica de bordado surgida no Chile durante a ditadura militar, costuraram seus relatos de dor, luta e supera\u00e7\u00e3o frente \u00e0s viola\u00e7\u00f5es sofridas em suas vidas cotidianas.<\/p>\n<p>A costura, que sempre foi vista como tarefa do lar, transformou-se numa ferramenta poderosa de resist\u00eancia, de den\u00fancia e empoderamento feminino. Por meio desse \u201cfio\u201d condutor, cada mulher bordou sua hist\u00f3ria, singular e coletiva, na respectiva regi\u00e3o do mapa do Brasil. No final das filmagens, formou-se um mosaico multifacetado de relatos de dor e supe<span class=\"text_exposed_show\">ra\u00e7\u00e3o. Estes bordados, que segundo Violeta Parra \u201cs\u00e3o can\u00e7\u00f5es que se pintam\u201d, trazem ao p\u00fablico uma reflex\u00e3o do que \u00e9 ser mulher atingida. Se l\u00e1, no Chile, \u00e9 seguir procurando suas mem\u00f3rias espalhadas como gr\u00e3os de areia no deserto, aqui \u00e9 buscar no fundo dos rios suas vidas alagadas, organizar-se, lutar e resistir.<\/p>\n<p>Servi\u00e7o<br \/>\nLan\u00e7amento do Filme Arpilleras<br \/>\nDia 17 \u00e1s 19h no Audicine do Sesc<\/p>\n<p>Oficina Arpilleras<br \/>\nDia 18 \u00e1s 14h no Museu da Mem\u00f3ria Rondoniense<br \/>\nContato: Bruna 69 9940-4196 e Manuela 69 9964-9690<\/p>\n<p>Apoio cultural: SESC e Museu da Memoria Rondoniense &#8211; MERO<\/span><\/div>\n<\/div>\n<p><!--more--><\/p>\n<div class=\"_1r51\"><\/div>\n","protected":false},"excerpt":{"rendered":"<p>O filme \u201cArpilleras: atingidas por barragens bordando a resist\u00eancia\u201d conta a hist\u00f3ria de dez mulheres atingidas por barragens das cinco regi\u00f5es do Brasil que, por meio de uma t\u00e9cnica de bordado surgida no Chile durante a ditadura militar, costuraram seus relatos de dor, luta e supera\u00e7\u00e3o frente \u00e0s viola\u00e7\u00f5es sofridas em suas vidas cotidianas. A&#8230;<a class=\"more-link\" href=\"http:\/\/blogdalucianaoliveira.com.br\/blog\/2017\/11\/17\/hoje-lancamento-do-filme-arpilleras-no-sesc\/\">Continue a leitura <span class=\"meta-nav\">&raquo;<\/span><\/a><\/p>\n","protected":false},"author":1,"featured_media":0,"comment_status":"closed","ping_status":"open","sticky":false,"template":"","format":"standard","meta":{"_exactmetrics_skip_tracking":false,"_exactmetrics_sitenote_active":false,"_exactmetrics_sitenote_note":"","_exactmetrics_sitenote_category":0,"jetpack_post_was_ever_published":false,"_jetpack_newsletter_access":"","_jetpack_dont_email_post_to_subs":false,"_jetpack_newsletter_tier_id":0,"_jetpack_memberships_contains_paywalled_content":false,"_jetpack_memberships_contains_paid_content":false,"footnotes":"","jetpack_publicize_message":"","jetpack_publicize_feature_enabled":true,"jetpack_social_post_already_shared":true,"jetpack_social_options":{"image_generator_settings":{"template":"highway","enabled":false},"version":2}},"categories":[1],"tags":[],"class_list":["post-15055","post","type-post","status-publish","format-standard","hentry","category-notas"],"jetpack_publicize_connections":[],"jetpack_sharing_enabled":true,"jetpack_featured_media_url":"","jetpack_shortlink":"https:\/\/wp.me\/p7wKYW-3UP","jetpack-related-posts":[],"_links":{"self":[{"href":"http:\/\/blogdalucianaoliveira.com.br\/blog\/wp-json\/wp\/v2\/posts\/15055","targetHints":{"allow":["GET"]}}],"collection":[{"href":"http:\/\/blogdalucianaoliveira.com.br\/blog\/wp-json\/wp\/v2\/posts"}],"about":[{"href":"http:\/\/blogdalucianaoliveira.com.br\/blog\/wp-json\/wp\/v2\/types\/post"}],"author":[{"embeddable":true,"href":"http:\/\/blogdalucianaoliveira.com.br\/blog\/wp-json\/wp\/v2\/users\/1"}],"replies":[{"embeddable":true,"href":"http:\/\/blogdalucianaoliveira.com.br\/blog\/wp-json\/wp\/v2\/comments?post=15055"}],"version-history":[{"count":1,"href":"http:\/\/blogdalucianaoliveira.com.br\/blog\/wp-json\/wp\/v2\/posts\/15055\/revisions"}],"predecessor-version":[{"id":15057,"href":"http:\/\/blogdalucianaoliveira.com.br\/blog\/wp-json\/wp\/v2\/posts\/15055\/revisions\/15057"}],"wp:attachment":[{"href":"http:\/\/blogdalucianaoliveira.com.br\/blog\/wp-json\/wp\/v2\/media?parent=15055"}],"wp:term":[{"taxonomy":"category","embeddable":true,"href":"http:\/\/blogdalucianaoliveira.com.br\/blog\/wp-json\/wp\/v2\/categories?post=15055"},{"taxonomy":"post_tag","embeddable":true,"href":"http:\/\/blogdalucianaoliveira.com.br\/blog\/wp-json\/wp\/v2\/tags?post=15055"}],"curies":[{"name":"wp","href":"https:\/\/api.w.org\/{rel}","templated":true}]}}