{"id":15069,"date":"2017-11-18T08:48:05","date_gmt":"2017-11-18T12:48:05","guid":{"rendered":"http:\/\/blogdalucianaoliveira.com.br\/blog\/?p=15069"},"modified":"2017-11-18T08:48:54","modified_gmt":"2017-11-18T12:48:54","slug":"judith-butler-responde-a-los-ataques-de-odio-sufridos-en-brasil","status":"publish","type":"post","link":"http:\/\/blogdalucianaoliveira.com.br\/blog\/2017\/11\/18\/judith-butler-responde-a-los-ataques-de-odio-sufridos-en-brasil\/","title":{"rendered":"Judith Butler responde a los ataques de odio sufridos en Brasil"},"content":{"rendered":"<p><img data-recalc-dims=\"1\" loading=\"lazy\" decoding=\"async\" data-attachment-id=\"15070\" data-permalink=\"http:\/\/blogdalucianaoliveira.com.br\/blog\/2017\/11\/18\/judith-butler-responde-a-los-ataques-de-odio-sufridos-en-brasil\/6eafe6d9-e151-44c7-a274-2ca1626991e4\/\" data-orig-file=\"https:\/\/i0.wp.com\/blogdalucianaoliveira.com.br\/blog\/wp-content\/uploads\/2017\/11\/6EAFE6D9-E151-44C7-A274-2CA1626991E4.jpeg?fit=640%2C426\" data-orig-size=\"640,426\" data-comments-opened=\"0\" data-image-meta=\"{&quot;aperture&quot;:&quot;0&quot;,&quot;credit&quot;:&quot;&quot;,&quot;camera&quot;:&quot;&quot;,&quot;caption&quot;:&quot;&quot;,&quot;created_timestamp&quot;:&quot;0&quot;,&quot;copyright&quot;:&quot;&quot;,&quot;focal_length&quot;:&quot;0&quot;,&quot;iso&quot;:&quot;0&quot;,&quot;shutter_speed&quot;:&quot;0&quot;,&quot;title&quot;:&quot;&quot;,&quot;orientation&quot;:&quot;0&quot;}\" data-image-title=\"6EAFE6D9-E151-44C7-A274-2CA1626991E4\" data-image-description=\"\" data-image-caption=\"\" data-medium-file=\"https:\/\/i0.wp.com\/blogdalucianaoliveira.com.br\/blog\/wp-content\/uploads\/2017\/11\/6EAFE6D9-E151-44C7-A274-2CA1626991E4.jpeg?fit=300%2C200\" data-large-file=\"https:\/\/i0.wp.com\/blogdalucianaoliveira.com.br\/blog\/wp-content\/uploads\/2017\/11\/6EAFE6D9-E151-44C7-A274-2CA1626991E4.jpeg?fit=600%2C399\" class=\"alignnone size-full wp-image-15070\" src=\"https:\/\/i0.wp.com\/blogdalucianaoliveira.com.br\/blog\/wp-content\/uploads\/2017\/11\/6EAFE6D9-E151-44C7-A274-2CA1626991E4.jpeg?resize=600%2C399\" alt=\"6EAFE6D9-E151-44C7-A274-2CA1626991E4\" width=\"600\" height=\"399\" srcset=\"https:\/\/i0.wp.com\/blogdalucianaoliveira.com.br\/blog\/wp-content\/uploads\/2017\/11\/6EAFE6D9-E151-44C7-A274-2CA1626991E4.jpeg?w=640 640w, https:\/\/i0.wp.com\/blogdalucianaoliveira.com.br\/blog\/wp-content\/uploads\/2017\/11\/6EAFE6D9-E151-44C7-A274-2CA1626991E4.jpeg?resize=300%2C200 300w, https:\/\/i0.wp.com\/blogdalucianaoliveira.com.br\/blog\/wp-content\/uploads\/2017\/11\/6EAFE6D9-E151-44C7-A274-2CA1626991E4.jpeg?resize=451%2C300 451w\" sizes=\"auto, (max-width: 600px) 100vw, 600px\" \/><\/p>\n<p>En v\u00eddeo, fil\u00f3sofa explica porque despierta incomodidad al discutir g\u00e9nero: &#8220;tenemos alegr\u00eda y libertad de nuestro lado&#8221;<!--more--><\/p>\n<p>Opera Mundi<br \/>\nS\u00e3o Paulo<\/p>\n<p>La fil\u00f3sofa norteamericana Judith Butler, que fue blanco de ataques de odio durante su paso por Brasil la semana pasada, respondi\u00f3 a las manifestaciones de intolerancia que sufri\u00f3 en los \u00faltimos d\u00edas. En v\u00eddeo publicado por la TV Boitempo, Butler comenta los discursos agresivos de los cuales fue v\u00edctima y se\u00f1ala la escalada conservadora mundial.<\/p>\n<p>&#8220;El mundo que los conservadores quieren destruir, el mundo gay y l\u00e9sbico, el mundo trans, el mundo feminista, ya es muy poderoso. Ellos no tienen ning\u00fan chance de destruirlo&#8221;, dijo la intelectual de 61 a\u00f1os. Butler tambi\u00e9n afirm\u00f3 que ese mundo &#8220;est\u00e1 siendo cada vez m\u00e1s aceptado y, mientras m\u00e1s se acepta, m\u00e1s se enfurecen ellos&#8221;.<\/p>\n<p>&#8220;Es muy dif\u00edcil para las personas que se han beneficiado de esa dominaci\u00f3n y se han beneficiado del car\u00e1cter hegem\u00f3nico del matrimonio heterosexual entender que otras personas que no son heterosexuales puedan quererse casar, o personas que no se quieren casar, pero quieren vivir juntas y tener hijos, o que mujeres puedan querer tener hijos por cuenta propia a trav\u00e9s del uso de tecnolog\u00eda reproductiva, o que trabajadoras del sexo puedan querer tener derechos por el trabajo que hacen y jubilaci\u00f3n cuando sean ancianas&#8221;, dijo Butler.<\/p>\n<p>&#8220;Todas esas reivindicaciones (\u2026) sacuden a la familia heterosexual&#8221;, afirm\u00f3 la fil\u00f3sofa que, entretanto, resalt\u00f3 que &#8220;existen heterosexuales casados y con hijos que tambi\u00e9n apoyan el matrimonio gay y l\u00e9sbico, o apoyan personas transexuales, o apoyan personas intersexo, o apoyan, madres solteras, o tecnolog\u00eda reproductiva, (\u2026) entonces ni todos los heterosexuales son tan defensivos, ni todas las familias heterosexuales piensan: &#8216;Ah, toda familia debe ser exactamente como la nuestra'&#8221;.<\/p>\n<p>Mire el v\u00eddeo completo, en ingl\u00e9s, publicado por la TV Boitempo:<br \/>\nIntolerancia<\/p>\n<div class=\"jetpack-video-wrapper\"><iframe loading=\"lazy\" title=\"Judith Butler no Brasil | Quem tem medo de falar sobre g\u00eanero? [legendado]\" width=\"600\" height=\"338\" src=\"https:\/\/www.youtube.com\/embed\/cozmjJpMakM?feature=oembed\" frameborder=\"0\" allow=\"accelerometer; autoplay; clipboard-write; encrypted-media; gyroscope; picture-in-picture; web-share\" referrerpolicy=\"strict-origin-when-cross-origin\" allowfullscreen><\/iframe><\/div>\n<p>Butler vino a Brasil para promover su m\u00e1s reciente libro publicado en aqu\u00ed, \u201cCaminos divergentes: juda\u00edsmo y cr\u00edtica al sionismo\u201d, lanzado por la editorial Boitempo este a\u00f1o, y para participar del seminario &#8220;Los Fines de la Democracia&#8221;, realizado en el Sesc Pompeia el martes \u00faltimo (07). Durante el seminario, manifestantes se reunieron frente al Sesc Pompeia para protestar contra la presencia y las ideas de Butler.<\/p>\n<p>Mientras otros manifestantes se juntaban para dar apoyo a la fil\u00f3sofa, afiches con discurso de odio e insultos eran proferidos por los conservadores, que tambi\u00e9n quemaron una mu\u00f1eca de trapo con el rostro de Butler.<\/p>\n<p>En la ma\u00f1ana del viernes \u00faltimo (10), Butler fue agredida al embarcar en el Aeropuerto de Congonhas, en S\u00e3o Paulo. Seg\u00fan relatos de testigos, la escritora estaba en el \u00e1rea de check-in cuando fue perseguida por una mujer que sosten\u00eda un afiche con la foto desfigurada de Butler y gritaba repetidos insultos, adem\u00e1s de empujarla con el afiche hecho de madera y cartulina.<\/p>\n<p>Edici\u00f3n: Opera Mundi | Traducci\u00f3n: Pilar Troya<\/p>\n","protected":false},"excerpt":{"rendered":"<p>En v\u00eddeo, fil\u00f3sofa explica porque despierta incomodidad al discutir g\u00e9nero: &#8220;tenemos alegr\u00eda y libertad de nuestro lado&#8221;<\/p>\n","protected":false},"author":1,"featured_media":0,"comment_status":"closed","ping_status":"open","sticky":false,"template":"","format":"standard","meta":{"_exactmetrics_skip_tracking":false,"_exactmetrics_sitenote_active":false,"_exactmetrics_sitenote_note":"","_exactmetrics_sitenote_category":0,"jetpack_post_was_ever_published":false,"_jetpack_newsletter_access":"","_jetpack_dont_email_post_to_subs":false,"_jetpack_newsletter_tier_id":0,"_jetpack_memberships_contains_paywalled_content":false,"_jetpack_memberships_contains_paid_content":false,"footnotes":"","jetpack_publicize_message":"","jetpack_publicize_feature_enabled":true,"jetpack_social_post_already_shared":true,"jetpack_social_options":{"image_generator_settings":{"template":"highway","enabled":false},"version":2}},"categories":[1],"tags":[],"class_list":["post-15069","post","type-post","status-publish","format-standard","hentry","category-notas"],"jetpack_publicize_connections":[],"jetpack_sharing_enabled":true,"jetpack_featured_media_url":"","jetpack_shortlink":"https:\/\/wp.me\/p7wKYW-3V3","jetpack-related-posts":[],"_links":{"self":[{"href":"http:\/\/blogdalucianaoliveira.com.br\/blog\/wp-json\/wp\/v2\/posts\/15069","targetHints":{"allow":["GET"]}}],"collection":[{"href":"http:\/\/blogdalucianaoliveira.com.br\/blog\/wp-json\/wp\/v2\/posts"}],"about":[{"href":"http:\/\/blogdalucianaoliveira.com.br\/blog\/wp-json\/wp\/v2\/types\/post"}],"author":[{"embeddable":true,"href":"http:\/\/blogdalucianaoliveira.com.br\/blog\/wp-json\/wp\/v2\/users\/1"}],"replies":[{"embeddable":true,"href":"http:\/\/blogdalucianaoliveira.com.br\/blog\/wp-json\/wp\/v2\/comments?post=15069"}],"version-history":[{"count":2,"href":"http:\/\/blogdalucianaoliveira.com.br\/blog\/wp-json\/wp\/v2\/posts\/15069\/revisions"}],"predecessor-version":[{"id":15072,"href":"http:\/\/blogdalucianaoliveira.com.br\/blog\/wp-json\/wp\/v2\/posts\/15069\/revisions\/15072"}],"wp:attachment":[{"href":"http:\/\/blogdalucianaoliveira.com.br\/blog\/wp-json\/wp\/v2\/media?parent=15069"}],"wp:term":[{"taxonomy":"category","embeddable":true,"href":"http:\/\/blogdalucianaoliveira.com.br\/blog\/wp-json\/wp\/v2\/categories?post=15069"},{"taxonomy":"post_tag","embeddable":true,"href":"http:\/\/blogdalucianaoliveira.com.br\/blog\/wp-json\/wp\/v2\/tags?post=15069"}],"curies":[{"name":"wp","href":"https:\/\/api.w.org\/{rel}","templated":true}]}}