{"id":1507,"date":"2016-06-07T11:20:13","date_gmt":"2016-06-07T15:20:13","guid":{"rendered":"http:\/\/blogdalucianaoliveira.com.br\/blog\/?p=1507"},"modified":"2016-06-07T11:20:13","modified_gmt":"2016-06-07T15:20:13","slug":"ha-dias-so-tem-sacanas","status":"publish","type":"post","link":"http:\/\/blogdalucianaoliveira.com.br\/blog\/2016\/06\/07\/ha-dias-so-tem-sacanas\/","title":{"rendered":"H\u00e1 dias s\u00f3 tem sacanas"},"content":{"rendered":"<p><img data-recalc-dims=\"1\" loading=\"lazy\" decoding=\"async\" data-attachment-id=\"1508\" data-permalink=\"http:\/\/blogdalucianaoliveira.com.br\/blog\/2016\/06\/07\/ha-dias-so-tem-sacanas\/img_4300-3\/\" data-orig-file=\"https:\/\/i0.wp.com\/blogdalucianaoliveira.com.br\/blog\/wp-content\/uploads\/2016\/06\/IMG_4300.jpg?fit=1200%2C576\" data-orig-size=\"1200,576\" data-comments-opened=\"0\" data-image-meta=\"{&quot;aperture&quot;:&quot;0&quot;,&quot;credit&quot;:&quot;&quot;,&quot;camera&quot;:&quot;&quot;,&quot;caption&quot;:&quot;&quot;,&quot;created_timestamp&quot;:&quot;0&quot;,&quot;copyright&quot;:&quot;&quot;,&quot;focal_length&quot;:&quot;0&quot;,&quot;iso&quot;:&quot;0&quot;,&quot;shutter_speed&quot;:&quot;0&quot;,&quot;title&quot;:&quot;&quot;,&quot;orientation&quot;:&quot;1&quot;}\" data-image-title=\"IMG_4300\" data-image-description=\"\" data-image-caption=\"\" data-medium-file=\"https:\/\/i0.wp.com\/blogdalucianaoliveira.com.br\/blog\/wp-content\/uploads\/2016\/06\/IMG_4300.jpg?fit=300%2C144\" data-large-file=\"https:\/\/i0.wp.com\/blogdalucianaoliveira.com.br\/blog\/wp-content\/uploads\/2016\/06\/IMG_4300.jpg?fit=600%2C288\" src=\"https:\/\/i0.wp.com\/blogdalucianaoliveira.com.br\/blog\/wp-content\/uploads\/2016\/06\/IMG_4300.jpg?resize=600%2C288\" alt=\"IMG_4300\" width=\"600\" height=\"288\" class=\"alignnone size-full wp-image-1508\" srcset=\"https:\/\/i0.wp.com\/blogdalucianaoliveira.com.br\/blog\/wp-content\/uploads\/2016\/06\/IMG_4300.jpg?w=1200 1200w, https:\/\/i0.wp.com\/blogdalucianaoliveira.com.br\/blog\/wp-content\/uploads\/2016\/06\/IMG_4300.jpg?resize=300%2C144 300w, https:\/\/i0.wp.com\/blogdalucianaoliveira.com.br\/blog\/wp-content\/uploads\/2016\/06\/IMG_4300.jpg?resize=768%2C369 768w, https:\/\/i0.wp.com\/blogdalucianaoliveira.com.br\/blog\/wp-content\/uploads\/2016\/06\/IMG_4300.jpg?resize=1024%2C492 1024w, https:\/\/i0.wp.com\/blogdalucianaoliveira.com.br\/blog\/wp-content\/uploads\/2016\/06\/IMG_4300.jpg?resize=625%2C300 625w\" sizes=\"auto, (max-width: 600px) 100vw, 600px\" \/><\/p>\n<p>As de hoje est\u00e3o sacanas.<!--more--><\/p>\n<p>In\u00fatil feito buzina de avi\u00e3o<br \/>\nFala s\u00e9rio! Um novo pedido de impeachment do prefeito Mauro Nazif, o quarto, h\u00e1 tr\u00eas meses da elei\u00e7\u00e3o?<br \/>\nTeriam que pedir consultoria do Eduardo Cunha pra acelerar o processo e mandar o Jair Montes botar aquela press\u00e3o na negocia\u00e7\u00e3o com os vereadores.<br \/>\nMe parece que isso s\u00f3 serve pra refor\u00e7ar que, apesar das cr\u00edticas justas ao prefeito, ele \u00e9 o advers\u00e1rio mais forte.  E olha que ele deve acreditar que ser\u00e1 moleza, porque do contr\u00e1rio como ousaria aumentar a tarifa de \u00f4nibus, tamb\u00e9m h\u00e1 tr\u00eas meses da elei\u00e7\u00e3o?<br \/>\nAlgu\u00e9m explica essas loucuras?<\/p>\n<p>N\u00e3o pula l\u00e1, pula aqui<br \/>\nA professora Victoria Angelo Bacon, se dedica a caluniar e difamar em grupos de whatsApp a respons\u00e1vel por este blog, toda vez que uma cr\u00edtica ao mandato da deputada Mariana Carvalho \u00e9 publicada. No \u00faltimo ataque gratuito e pat\u00e9tico ela postou uma foto da respons\u00e1vel por este canal de informa\u00e7\u00e3o independente com o deputado L\u00e9o Moraes no carnaval de rua, sugerindo que estaria a servi\u00e7o do simp\u00e1tico advers\u00e1rio na corrida pela prefeitura da Capital.<br \/>\nEsclare\u00e7o que n\u00e3o h\u00e1 apoio definido a candidato algum e deixo como sugest\u00e3o \u00e0 deputada, que ao inv\u00e9s de curtir a folia momesca s\u00f3 em grandes centros como faz h\u00e1 anos, que prestigie um carnaval na sua cidade, para tamb\u00e9m ser fotografada por seus eleitores ou amigos. <\/p>\n<p>Ellen Ruth pede licen\u00e7a pra ficar foragida<br \/>\nN\u00e3o \u00e9 de hoje que a Assembleia Legislativa do Estado de Rond\u00f4nia representa a imagem mais avacalhante do servi\u00e7o p\u00fablico.<br \/>\nO \u00faltimo fato burlesco que vemd e l\u00e1, \u00e9 a licen\u00e7a concedida at\u00e9 abril de 2019 pra ex-deputada Ellen Ruth continuar foragida. A \u2018super simp\u00e1tica\u2019 foi condenada a 9 anos e 2 meses de reclus\u00e3o em regime fechado por forma\u00e7\u00e3o de quadrilha e concuss\u00e3o no maior esc\u00e2ndalo da casa de leis, mas ainda cabe recurso.<br \/>\nN\u00e3o bastasse isso, o ex-deputado Marcos Donadon, tamb\u00e9m condenado e foragido, \u00e9 esposo da deputada Ros\u00e2ngela Donadon, que n\u00e3o sabe de seu paradeiro. Os colegas devem acreditar nisso e que n\u00e3o h\u00e1 tentativa de obstru\u00e7\u00e3o de justi\u00e7a. Podiam ao menos disfar\u00e7ar com a tradicional ora\u00e7\u00e3o evang\u00e9lica que acontece nos gabinetes que desejam que o marido da esposa abandonada seja encontrado.<br \/>\nSarney de tornozeleira?<br \/>\nSeria como ver Roberto Carlos de bermuda, um beliche de casal ou um genro com a foto da sogra na carteira.<br \/>\nPor ser idoso, apesar de estar mais pra c\u00e1 do que pr\u00e1 la, o pol\u00edtico mais experiente do pa\u00eds investigado na Lava Jato, escapou do pedido de pris\u00e3o feito pelo Procurador Geral da Rep\u00fablica, Rodrigo Janot por conta de di\u00e1logos que denunciam um plano pra barrar as investiga\u00e7\u00f5es do roubo monumental na Petrobras.  Pra cadeia, Janot pede que o ministro Teori Zavascki autorize sejam conduzidos o presidente do Senado, Renan Calheiros, o presidente afastado da C\u00e2mara, Eduardo Cunha e o senador Romero Juc\u00e1.<br \/>\nSe Teori agir r\u00e1pido como agiu com o pedido de pris\u00e3o de Delc\u00eddio, em dias veremos o sinal mais consistente de que o pa\u00eds caminha pra um processo ainda que t\u00edmido, de moraliza\u00e7\u00e3o na pol\u00edtica.<\/p>\n<p>CRI CRI CRI<br \/>\nSer\u00e1 dia 09, quinta-feira, na Assembl\u00e9ia Legislativa do Estado de Rond\u00f4nia, a Audi\u00eancia P\u00fablica para tratar do lit\u00edgio coletivo fundi\u00e1rio da linha 45, no munic\u00edpio de Candeias do Jamari.<br \/>\nA sociedade vai tomar ci\u00eancia do que ser o maior esc\u00e2ndalo de posse de terras no Estado. Um barril de p\u00f3lvora que amea\u00e7a o acampamento que se tornou uma cidade e que ficou armazenado no dep\u00f3sito do judici\u00e1rio por raz\u00f5es que a pr\u00f3pria raz\u00e3o desconhece.<\/p>\n","protected":false},"excerpt":{"rendered":"<p>As de hoje est\u00e3o sacanas.<\/p>\n","protected":false},"author":1,"featured_media":0,"comment_status":"closed","ping_status":"open","sticky":false,"template":"","format":"standard","meta":{"_exactmetrics_skip_tracking":false,"_exactmetrics_sitenote_active":false,"_exactmetrics_sitenote_note":"","_exactmetrics_sitenote_category":0,"jetpack_post_was_ever_published":false,"_jetpack_newsletter_access":"","_jetpack_dont_email_post_to_subs":false,"_jetpack_newsletter_tier_id":0,"_jetpack_memberships_contains_paywalled_content":false,"_jetpack_memberships_contains_paid_content":false,"footnotes":"","jetpack_publicize_message":"","jetpack_publicize_feature_enabled":true,"jetpack_social_post_already_shared":true,"jetpack_social_options":{"image_generator_settings":{"template":"highway","enabled":false},"version":2}},"categories":[1],"tags":[21,92,119,67,79,116],"class_list":["post-1507","post","type-post","status-publish","format-standard","hentry","category-notas","tag-corrupcao","tag-donadon","tag-ellen-rute","tag-juca","tag-renan","tag-sarney"],"jetpack_publicize_connections":[],"jetpack_sharing_enabled":true,"jetpack_featured_media_url":"","jetpack_shortlink":"https:\/\/wp.me\/p7wKYW-oj","jetpack-related-posts":[],"_links":{"self":[{"href":"http:\/\/blogdalucianaoliveira.com.br\/blog\/wp-json\/wp\/v2\/posts\/1507","targetHints":{"allow":["GET"]}}],"collection":[{"href":"http:\/\/blogdalucianaoliveira.com.br\/blog\/wp-json\/wp\/v2\/posts"}],"about":[{"href":"http:\/\/blogdalucianaoliveira.com.br\/blog\/wp-json\/wp\/v2\/types\/post"}],"author":[{"embeddable":true,"href":"http:\/\/blogdalucianaoliveira.com.br\/blog\/wp-json\/wp\/v2\/users\/1"}],"replies":[{"embeddable":true,"href":"http:\/\/blogdalucianaoliveira.com.br\/blog\/wp-json\/wp\/v2\/comments?post=1507"}],"version-history":[{"count":1,"href":"http:\/\/blogdalucianaoliveira.com.br\/blog\/wp-json\/wp\/v2\/posts\/1507\/revisions"}],"predecessor-version":[{"id":1509,"href":"http:\/\/blogdalucianaoliveira.com.br\/blog\/wp-json\/wp\/v2\/posts\/1507\/revisions\/1509"}],"wp:attachment":[{"href":"http:\/\/blogdalucianaoliveira.com.br\/blog\/wp-json\/wp\/v2\/media?parent=1507"}],"wp:term":[{"taxonomy":"category","embeddable":true,"href":"http:\/\/blogdalucianaoliveira.com.br\/blog\/wp-json\/wp\/v2\/categories?post=1507"},{"taxonomy":"post_tag","embeddable":true,"href":"http:\/\/blogdalucianaoliveira.com.br\/blog\/wp-json\/wp\/v2\/tags?post=1507"}],"curies":[{"name":"wp","href":"https:\/\/api.w.org\/{rel}","templated":true}]}}