{"id":15076,"date":"2017-11-18T14:42:38","date_gmt":"2017-11-18T18:42:38","guid":{"rendered":"http:\/\/blogdalucianaoliveira.com.br\/blog\/?p=15076"},"modified":"2017-11-18T14:43:21","modified_gmt":"2017-11-18T18:43:21","slug":"se-pudesse-rasgar-os-olhos-de-quem-ve-mas-nao-enxerga","status":"publish","type":"post","link":"http:\/\/blogdalucianaoliveira.com.br\/blog\/2017\/11\/18\/se-pudesse-rasgar-os-olhos-de-quem-ve-mas-nao-enxerga\/","title":{"rendered":"Se pudesse rasgar os olhos de quem v\u00ea, mas n\u00e3o enxerga&#8230;"},"content":{"rendered":"<p><img data-recalc-dims=\"1\" loading=\"lazy\" decoding=\"async\" data-attachment-id=\"15077\" data-permalink=\"http:\/\/blogdalucianaoliveira.com.br\/blog\/2017\/11\/18\/se-pudesse-rasgar-os-olhos-de-quem-ve-mas-nao-enxerga\/315277a4-6499-4101-8cfc-aacb93186ab3\/\" data-orig-file=\"https:\/\/i0.wp.com\/blogdalucianaoliveira.com.br\/blog\/wp-content\/uploads\/2017\/11\/315277A4-6499-4101-8CFC-AACB93186AB3.jpeg?fit=540%2C673\" data-orig-size=\"540,673\" data-comments-opened=\"0\" data-image-meta=\"{&quot;aperture&quot;:&quot;0&quot;,&quot;credit&quot;:&quot;&quot;,&quot;camera&quot;:&quot;&quot;,&quot;caption&quot;:&quot;&quot;,&quot;created_timestamp&quot;:&quot;0&quot;,&quot;copyright&quot;:&quot;&quot;,&quot;focal_length&quot;:&quot;0&quot;,&quot;iso&quot;:&quot;0&quot;,&quot;shutter_speed&quot;:&quot;0&quot;,&quot;title&quot;:&quot;&quot;,&quot;orientation&quot;:&quot;1&quot;}\" data-image-title=\"315277A4-6499-4101-8CFC-AACB93186AB3\" data-image-description=\"\" data-image-caption=\"\" data-medium-file=\"https:\/\/i0.wp.com\/blogdalucianaoliveira.com.br\/blog\/wp-content\/uploads\/2017\/11\/315277A4-6499-4101-8CFC-AACB93186AB3.jpeg?fit=241%2C300\" data-large-file=\"https:\/\/i0.wp.com\/blogdalucianaoliveira.com.br\/blog\/wp-content\/uploads\/2017\/11\/315277A4-6499-4101-8CFC-AACB93186AB3.jpeg?fit=540%2C673\" src=\"https:\/\/i0.wp.com\/blogdalucianaoliveira.com.br\/blog\/wp-content\/uploads\/2017\/11\/315277A4-6499-4101-8CFC-AACB93186AB3.jpeg?resize=540%2C673\" alt=\"315277A4-6499-4101-8CFC-AACB93186AB3\" width=\"540\" height=\"673\" class=\"alignnone size-full wp-image-15077\" srcset=\"https:\/\/i0.wp.com\/blogdalucianaoliveira.com.br\/blog\/wp-content\/uploads\/2017\/11\/315277A4-6499-4101-8CFC-AACB93186AB3.jpeg?w=540 540w, https:\/\/i0.wp.com\/blogdalucianaoliveira.com.br\/blog\/wp-content\/uploads\/2017\/11\/315277A4-6499-4101-8CFC-AACB93186AB3.jpeg?resize=241%2C300 241w\" sizes=\"auto, (max-width: 540px) 100vw, 540px\" \/><\/p>\n<p>Seria c\u00f4mico, n\u00e3o fosse tr\u00e1gico, ouvir que universidades est\u00e3o infectadas por ideologia de esquerda. <\/p>\n<p>Vou contar o que vi s\u00f3 este ano na UNIR. <!--more--><\/p>\n<p>&#8211; vi uma turba querer mudar na marra o resultado de uma elei\u00e7\u00e3o que aclamou o reitor por maioria. O derrotado inconformado n\u00e3o teve nem 7% dos votos. <\/p>\n<p>&#8211; vi um professor de direito de extrema-direita chamar uma advogada palestrante de vagabunda, sapat\u00e3o e coc\u00f4, ter seu est\u00e1gio probat\u00f3rio validado e ser punido com 90 dias de disponibilidade. <\/p>\n<p>&#8211; vi uma pequena parcela da UNIR se envolver em protestos contra as reformas desse governo golpista e corrupto. <\/p>\n<p>&#8211; outros dois professores de extrema-direita me processaram por opini\u00e3o. <\/p>\n<p>&#8211; vi tr\u00eas professores processados na justi\u00e7a, por questionarem a revalida\u00e7\u00e3o do diploma de uma ex-reitora progressista que os acusa por cal\u00fania. <\/p>\n<p>Ah, se eu pudesse dedetizar a UNIR contra as pragas da direita e extrema-direita&#8230;<\/p>\n","protected":false},"excerpt":{"rendered":"<p>Seria c\u00f4mico, n\u00e3o fosse tr\u00e1gico, ouvir que universidades est\u00e3o infectadas por ideologia de esquerda. Vou contar o que vi s\u00f3 este ano na UNIR.<\/p>\n","protected":false},"author":1,"featured_media":0,"comment_status":"closed","ping_status":"open","sticky":false,"template":"","format":"standard","meta":{"_exactmetrics_skip_tracking":false,"_exactmetrics_sitenote_active":false,"_exactmetrics_sitenote_note":"","_exactmetrics_sitenote_category":0,"jetpack_post_was_ever_published":false,"_jetpack_newsletter_access":"","_jetpack_dont_email_post_to_subs":false,"_jetpack_newsletter_tier_id":0,"_jetpack_memberships_contains_paywalled_content":false,"_jetpack_memberships_contains_paid_content":false,"footnotes":"","jetpack_publicize_message":"","jetpack_publicize_feature_enabled":true,"jetpack_social_post_already_shared":true,"jetpack_social_options":{"image_generator_settings":{"template":"highway","enabled":false},"version":2}},"categories":[1],"tags":[],"class_list":["post-15076","post","type-post","status-publish","format-standard","hentry","category-notas"],"jetpack_publicize_connections":[],"jetpack_sharing_enabled":true,"jetpack_featured_media_url":"","jetpack_shortlink":"https:\/\/wp.me\/p7wKYW-3Va","jetpack-related-posts":[],"_links":{"self":[{"href":"http:\/\/blogdalucianaoliveira.com.br\/blog\/wp-json\/wp\/v2\/posts\/15076","targetHints":{"allow":["GET"]}}],"collection":[{"href":"http:\/\/blogdalucianaoliveira.com.br\/blog\/wp-json\/wp\/v2\/posts"}],"about":[{"href":"http:\/\/blogdalucianaoliveira.com.br\/blog\/wp-json\/wp\/v2\/types\/post"}],"author":[{"embeddable":true,"href":"http:\/\/blogdalucianaoliveira.com.br\/blog\/wp-json\/wp\/v2\/users\/1"}],"replies":[{"embeddable":true,"href":"http:\/\/blogdalucianaoliveira.com.br\/blog\/wp-json\/wp\/v2\/comments?post=15076"}],"version-history":[{"count":2,"href":"http:\/\/blogdalucianaoliveira.com.br\/blog\/wp-json\/wp\/v2\/posts\/15076\/revisions"}],"predecessor-version":[{"id":15079,"href":"http:\/\/blogdalucianaoliveira.com.br\/blog\/wp-json\/wp\/v2\/posts\/15076\/revisions\/15079"}],"wp:attachment":[{"href":"http:\/\/blogdalucianaoliveira.com.br\/blog\/wp-json\/wp\/v2\/media?parent=15076"}],"wp:term":[{"taxonomy":"category","embeddable":true,"href":"http:\/\/blogdalucianaoliveira.com.br\/blog\/wp-json\/wp\/v2\/categories?post=15076"},{"taxonomy":"post_tag","embeddable":true,"href":"http:\/\/blogdalucianaoliveira.com.br\/blog\/wp-json\/wp\/v2\/tags?post=15076"}],"curies":[{"name":"wp","href":"https:\/\/api.w.org\/{rel}","templated":true}]}}