{"id":15080,"date":"2017-11-19T09:22:22","date_gmt":"2017-11-19T13:22:22","guid":{"rendered":"http:\/\/blogdalucianaoliveira.com.br\/blog\/?p=15080"},"modified":"2017-11-19T09:23:37","modified_gmt":"2017-11-19T13:23:37","slug":"bom-dia-da-bandeira","status":"publish","type":"post","link":"http:\/\/blogdalucianaoliveira.com.br\/blog\/2017\/11\/19\/bom-dia-da-bandeira\/","title":{"rendered":"Bom dia da bandeira!"},"content":{"rendered":"<p><img data-recalc-dims=\"1\" loading=\"lazy\" decoding=\"async\" data-attachment-id=\"15081\" data-permalink=\"http:\/\/blogdalucianaoliveira.com.br\/blog\/2017\/11\/19\/bom-dia-da-bandeira\/b7494fb1-175a-4b81-9f05-e6e03a6d35ab\/\" data-orig-file=\"https:\/\/i0.wp.com\/blogdalucianaoliveira.com.br\/blog\/wp-content\/uploads\/2017\/11\/B7494FB1-175A-4B81-9F05-E6E03A6D35AB.jpeg?fit=600%2C350\" data-orig-size=\"600,350\" data-comments-opened=\"0\" data-image-meta=\"{&quot;aperture&quot;:&quot;0&quot;,&quot;credit&quot;:&quot;&quot;,&quot;camera&quot;:&quot;&quot;,&quot;caption&quot;:&quot;&quot;,&quot;created_timestamp&quot;:&quot;0&quot;,&quot;copyright&quot;:&quot;&quot;,&quot;focal_length&quot;:&quot;0&quot;,&quot;iso&quot;:&quot;0&quot;,&quot;shutter_speed&quot;:&quot;0&quot;,&quot;title&quot;:&quot;&quot;,&quot;orientation&quot;:&quot;0&quot;}\" data-image-title=\"B7494FB1-175A-4B81-9F05-E6E03A6D35AB\" data-image-description=\"\" data-image-caption=\"\" data-medium-file=\"https:\/\/i0.wp.com\/blogdalucianaoliveira.com.br\/blog\/wp-content\/uploads\/2017\/11\/B7494FB1-175A-4B81-9F05-E6E03A6D35AB.jpeg?fit=300%2C175\" data-large-file=\"https:\/\/i0.wp.com\/blogdalucianaoliveira.com.br\/blog\/wp-content\/uploads\/2017\/11\/B7494FB1-175A-4B81-9F05-E6E03A6D35AB.jpeg?fit=600%2C350\" src=\"https:\/\/i0.wp.com\/blogdalucianaoliveira.com.br\/blog\/wp-content\/uploads\/2017\/11\/B7494FB1-175A-4B81-9F05-E6E03A6D35AB.jpeg?resize=600%2C350\" alt=\"B7494FB1-175A-4B81-9F05-E6E03A6D35AB\" width=\"600\" height=\"350\" class=\"alignnone size-full wp-image-15081\" srcset=\"https:\/\/i0.wp.com\/blogdalucianaoliveira.com.br\/blog\/wp-content\/uploads\/2017\/11\/B7494FB1-175A-4B81-9F05-E6E03A6D35AB.jpeg?w=600 600w, https:\/\/i0.wp.com\/blogdalucianaoliveira.com.br\/blog\/wp-content\/uploads\/2017\/11\/B7494FB1-175A-4B81-9F05-E6E03A6D35AB.jpeg?resize=300%2C175 300w, https:\/\/i0.wp.com\/blogdalucianaoliveira.com.br\/blog\/wp-content\/uploads\/2017\/11\/B7494FB1-175A-4B81-9F05-E6E03A6D35AB.jpeg?resize=514%2C300 514w\" sizes=\"auto, (max-width: 600px) 100vw, 600px\" \/><\/p>\n<p>Adotada no dia 19 de novembro de 1889, quatro dias depois da Proclama\u00e7\u00e3o da Rep\u00fablica, teve arte criada pelo pintor D\u00e9cio Villares a partir do projeto de Raimundo Teixeira Mendes e Miguel Lemos. Foi inspirada na que era utilizada no Imp\u00e9rio, desenhada em 1822.<!--more--><\/p>\n<p>Mas, Rui Barbosa prop\u00f4s uma nova bandeira com aspecto da bandeira dos Estados Unidos. <\/p>\n<p>O que lemos na faixa sobre a esfera azul foi inspirado no lema positivista de Auguste Comte. <\/p>\n<p>S\u00f3 que tiraram a palavra AMOR. <\/p>\n<p>E quem lembrou o lema completo com a m\u00fasica Positivismo, foi a dupla Noel Rosa e Orestes Barbosa, interpretada por Jards Macal\u00e9 no \u00e1lbum Amor, Ordem &#038; Progresso: &#8220;O amor vem por princ\u00edpio, a ordem por base \/ O progresso \u00e9 que deve vir por fim \/ Desprezastes esta lei de Augusto Comte \/ E fostes ser feliz longe de mim&#8221;.<\/p>\n<p>\u00c9&#8230;<br \/>\nMuito por falta de amor verdadeiro, o aspecto da nossa bandeira n\u00e3o condiz com o sentimento de desgosto de seu povo.<\/p>\n<p>\u201cA intriga nasce num caf\u00e9 pequeno<br \/>\nQue se toma pra ver quem vai pagar<br \/>\nPara n\u00e3o sentir mais o teu veneno<br \/>\nFoi que eu j\u00e1 resolvi me envenenar.\u201d<\/p>\n<div class=\"jetpack-video-wrapper\"><span class=\"embed-youtube\" style=\"text-align:center; display: block;\"><iframe loading=\"lazy\" class=\"youtube-player\" width=\"600\" height=\"338\" src=\"https:\/\/www.youtube.com\/embed\/0LPjOgXLY5A?version=3&#038;rel=1&#038;showsearch=0&#038;showinfo=1&#038;iv_load_policy=1&#038;fs=1&#038;hl=pt-BR&#038;autohide=2&#038;wmode=transparent\" allowfullscreen=\"true\" style=\"border:0;\" sandbox=\"allow-scripts allow-same-origin allow-popups allow-presentation allow-popups-to-escape-sandbox\"><\/iframe><\/span><\/div>\n","protected":false},"excerpt":{"rendered":"<p>Adotada no dia 19 de novembro de 1889, quatro dias depois da Proclama\u00e7\u00e3o da Rep\u00fablica, teve arte criada pelo pintor D\u00e9cio Villares a partir do projeto de Raimundo Teixeira Mendes e Miguel Lemos. Foi inspirada na que era utilizada no Imp\u00e9rio, desenhada em 1822.<\/p>\n","protected":false},"author":1,"featured_media":0,"comment_status":"closed","ping_status":"open","sticky":false,"template":"","format":"standard","meta":{"_exactmetrics_skip_tracking":false,"_exactmetrics_sitenote_active":false,"_exactmetrics_sitenote_note":"","_exactmetrics_sitenote_category":0,"jetpack_post_was_ever_published":false,"_jetpack_newsletter_access":"","_jetpack_dont_email_post_to_subs":false,"_jetpack_newsletter_tier_id":0,"_jetpack_memberships_contains_paywalled_content":false,"_jetpack_memberships_contains_paid_content":false,"footnotes":"","jetpack_publicize_message":"","jetpack_publicize_feature_enabled":true,"jetpack_social_post_already_shared":true,"jetpack_social_options":{"image_generator_settings":{"template":"highway","enabled":false},"version":2}},"categories":[1],"tags":[],"class_list":["post-15080","post","type-post","status-publish","format-standard","hentry","category-notas"],"jetpack_publicize_connections":[],"jetpack_sharing_enabled":true,"jetpack_featured_media_url":"","jetpack_shortlink":"https:\/\/wp.me\/p7wKYW-3Ve","jetpack-related-posts":[],"_links":{"self":[{"href":"http:\/\/blogdalucianaoliveira.com.br\/blog\/wp-json\/wp\/v2\/posts\/15080","targetHints":{"allow":["GET"]}}],"collection":[{"href":"http:\/\/blogdalucianaoliveira.com.br\/blog\/wp-json\/wp\/v2\/posts"}],"about":[{"href":"http:\/\/blogdalucianaoliveira.com.br\/blog\/wp-json\/wp\/v2\/types\/post"}],"author":[{"embeddable":true,"href":"http:\/\/blogdalucianaoliveira.com.br\/blog\/wp-json\/wp\/v2\/users\/1"}],"replies":[{"embeddable":true,"href":"http:\/\/blogdalucianaoliveira.com.br\/blog\/wp-json\/wp\/v2\/comments?post=15080"}],"version-history":[{"count":2,"href":"http:\/\/blogdalucianaoliveira.com.br\/blog\/wp-json\/wp\/v2\/posts\/15080\/revisions"}],"predecessor-version":[{"id":15083,"href":"http:\/\/blogdalucianaoliveira.com.br\/blog\/wp-json\/wp\/v2\/posts\/15080\/revisions\/15083"}],"wp:attachment":[{"href":"http:\/\/blogdalucianaoliveira.com.br\/blog\/wp-json\/wp\/v2\/media?parent=15080"}],"wp:term":[{"taxonomy":"category","embeddable":true,"href":"http:\/\/blogdalucianaoliveira.com.br\/blog\/wp-json\/wp\/v2\/categories?post=15080"},{"taxonomy":"post_tag","embeddable":true,"href":"http:\/\/blogdalucianaoliveira.com.br\/blog\/wp-json\/wp\/v2\/tags?post=15080"}],"curies":[{"name":"wp","href":"https:\/\/api.w.org\/{rel}","templated":true}]}}