{"id":15089,"date":"2017-11-19T10:34:10","date_gmt":"2017-11-19T14:34:10","guid":{"rendered":"http:\/\/blogdalucianaoliveira.com.br\/blog\/?p=15089"},"modified":"2017-11-19T10:34:10","modified_gmt":"2017-11-19T14:34:10","slug":"o-discurso-do-odio-que-esta-envenenando-o-brasil","status":"publish","type":"post","link":"http:\/\/blogdalucianaoliveira.com.br\/blog\/2017\/11\/19\/o-discurso-do-odio-que-esta-envenenando-o-brasil\/","title":{"rendered":"O discurso do \u00f3dio que est\u00e1 envenenando o Brasil"},"content":{"rendered":"<p><img data-recalc-dims=\"1\" loading=\"lazy\" decoding=\"async\" data-attachment-id=\"15090\" data-permalink=\"http:\/\/blogdalucianaoliveira.com.br\/blog\/2017\/11\/19\/o-discurso-do-odio-que-esta-envenenando-o-brasil\/odio-3\/\" data-orig-file=\"https:\/\/i0.wp.com\/blogdalucianaoliveira.com.br\/blog\/wp-content\/uploads\/2017\/11\/odio.jpg?fit=1960%2C1189\" data-orig-size=\"1960,1189\" data-comments-opened=\"0\" data-image-meta=\"{&quot;aperture&quot;:&quot;0&quot;,&quot;credit&quot;:&quot;&quot;,&quot;camera&quot;:&quot;&quot;,&quot;caption&quot;:&quot;&quot;,&quot;created_timestamp&quot;:&quot;0&quot;,&quot;copyright&quot;:&quot;&quot;,&quot;focal_length&quot;:&quot;0&quot;,&quot;iso&quot;:&quot;0&quot;,&quot;shutter_speed&quot;:&quot;0&quot;,&quot;title&quot;:&quot;&quot;,&quot;orientation&quot;:&quot;0&quot;}\" data-image-title=\"odio\" data-image-description=\"\" data-image-caption=\"\" data-medium-file=\"https:\/\/i0.wp.com\/blogdalucianaoliveira.com.br\/blog\/wp-content\/uploads\/2017\/11\/odio.jpg?fit=300%2C182\" data-large-file=\"https:\/\/i0.wp.com\/blogdalucianaoliveira.com.br\/blog\/wp-content\/uploads\/2017\/11\/odio.jpg?fit=600%2C364\" src=\"https:\/\/i0.wp.com\/blogdalucianaoliveira.com.br\/blog\/wp-content\/uploads\/2017\/11\/odio.jpg?resize=600%2C364\" alt=\"odio\" width=\"600\" height=\"364\" class=\"alignnone size-full wp-image-15090\" srcset=\"https:\/\/i0.wp.com\/blogdalucianaoliveira.com.br\/blog\/wp-content\/uploads\/2017\/11\/odio.jpg?w=1960 1960w, https:\/\/i0.wp.com\/blogdalucianaoliveira.com.br\/blog\/wp-content\/uploads\/2017\/11\/odio.jpg?resize=300%2C182 300w, https:\/\/i0.wp.com\/blogdalucianaoliveira.com.br\/blog\/wp-content\/uploads\/2017\/11\/odio.jpg?resize=768%2C466 768w, https:\/\/i0.wp.com\/blogdalucianaoliveira.com.br\/blog\/wp-content\/uploads\/2017\/11\/odio.jpg?resize=1024%2C621 1024w, https:\/\/i0.wp.com\/blogdalucianaoliveira.com.br\/blog\/wp-content\/uploads\/2017\/11\/odio.jpg?resize=495%2C300 495w, https:\/\/i0.wp.com\/blogdalucianaoliveira.com.br\/blog\/wp-content\/uploads\/2017\/11\/odio.jpg?w=1200 1200w, https:\/\/i0.wp.com\/blogdalucianaoliveira.com.br\/blog\/wp-content\/uploads\/2017\/11\/odio.jpg?w=1800 1800w\" sizes=\"auto, (max-width: 600px) 100vw, 600px\" \/><\/p>\n<p>A ca\u00e7a \u00e0s bruxas de grupos radicais contra artistas, professores, feministas e jornalistas se estende pelo pa\u00eds. Mas as pesquisas dizem que os brasileiros n\u00e3o s\u00e3o mais conservadores<!--more--><\/p>\n<p>No El Pa\u00eds, por XOS\u00c9 HERMIDA &#8211; Artistas e feministas fomentam a pedofilia. O ex-presidente Fernando Henrique Cardoso e o bilion\u00e1rio norte-americano George Soros patrocinam o comunismo. As escolas p\u00fablicas, a universidade e a maioria dos meios de comunica\u00e7\u00e3o est\u00e3o dominados por uma \u201cpatrulha ideol\u00f3gica\u201d de inspira\u00e7\u00e3o bolivariana. At\u00e9 o nazismo foi inven\u00e7\u00e3o da esquerda. Bem-vindos ao Brasil, segunda d\u00e9cada do s\u00e9culo XXI, um pa\u00eds onde um candidato a presidente que faz com que Donald Trump at\u00e9 pare\u00e7a moderado tem 20% das inten\u00e7\u00f5es de voto.<\/p>\n<p>No Brasil de hoje mensagens assim martelam diariamente as redes sociais e mobilizam exaltados como os que tentaram agredir em S\u00e3o Paulo a fil\u00f3sofa feminista Judith Butler, ao grito de \u201cqueimem a bruxa\u201d. Neste pa\u00eds sacudido pela corrup\u00e7\u00e3o e a crise pol\u00edtica, que come\u00e7a a sair da depress\u00e3o econ\u00f4mica, \u00e9 perfeitamente poss\u00edvel que a pol\u00edcia se apresente em um museu para apreender uma obra. Ou que o curador de uma exposi\u00e7\u00e3o espere a chegada da PF para conduzi-lo a depor for\u00e7ado ante uma comiss\u00e3o parlamentar que investiga os maus-tratos \u00e0 inf\u00e2ncia.<\/p>\n<p>\u201cIsto era impens\u00e1vel at\u00e9 tr\u00eas anos atr\u00e1s. Nem na ditadura aconteceu isto.\u201d Depois de uma vida dedicada a organizar exposi\u00e7\u00f5es art\u00edsticas, Gaud\u00eancio Fidelis, de 53 anos, se viu estigmatizado quase como um delinquente. Seu crime foi organizar em Porto Alegre a exposi\u00e7\u00e3o QueerMuseu, na qual artistas conhecidos apresentaram obras que convidavam \u00e0 reflex\u00e3o sobre o sexo. Nas redes sociais se organizou tal alvoro\u00e7o durante dias, com o argumento de que era uma apologia \u00e0 pedofilia e \u00e0 zoofilia, que o patrocinador, o Banco Santander, ante a amea\u00e7a de um boicote de clientes, decidiu fech\u00e1-la. \u201cN\u00e3o conhe\u00e7o outro caso no mundo de uma exposi\u00e7\u00e3o destas dimens\u00f5es que tenha sido encerrada\u201d, diz Fidelis.<\/p>\n<p>O calv\u00e1rio do curador da QueerMuseu n\u00e3o terminou com a suspens\u00e3o da mostra. O senador Magno Malta (PR-ES), pastor evang\u00e9lico conhecido por suas rea\u00e7\u00f5es espalhafatosas e posi\u00e7\u00f5es extremistas, decidiu convoc\u00e1-lo para depor na CPI que investiga os abusos contra crian\u00e7a. Gaud\u00eancio se recusou em um primeiro momento e entrou com um pedido de habeas corpus no STF que foi parcialmente deferido. Magno Malta emitiu ent\u00e3o \u00e0 Pol\u00edcia Federal um mandado de condu\u00e7\u00e3o coercitiva do curador. Gaud\u00eancio se mostrou disposto a comparecer, embora entendesse que, mais que como testemunha, pretendiam lev\u00e1-lo ao Senado como investigado. Ao mesmo tempo, entrou com um novo pedido de habeas corpus no Supremo para frear o mandado de condu\u00e7\u00e3o coercitiva. A solicita\u00e7\u00e3o foi indeferida na sexta-feira passada pelo ministro Alexandre de Moraes. Portanto, a qualquer momento Gaud\u00eancio espera a chegada da PF para lev\u00e1-lo \u00e0 for\u00e7a para Bras\u00edlia.<\/p>\n<p>\u201cO senador Magno Malta recorre a expedientes t\u00edpicos de terrorismo de Estado como meio de continuar criminalizando a produ\u00e7\u00e3o art\u00edstica e os artistas\u201d, denuncia o curador. Ele tamb\u00e9m tem palavras muito duras para Alexandre de Moraes, at\u00e9 h\u00e1 alguns meses ministro da Justi\u00e7a do Governo Michel Temer, por lhe negar o \u00faltimo pedido de habeas corpus: \u201cA decis\u00e3o do ministro consolida mais um ato autorit\u00e1rio de um estado de exce\u00e7\u00e3o que estamos vivendo e deve ser vista como um sinal de extrema gravidade\u201d. Fidelis lembra que o pr\u00f3prio Minist\u00e9rio P\u00fablico de Porto Alegre certificou que a exposi\u00e7\u00e3o n\u00e3o continha nenhum elemento que incitasse \u00e0 pedofilia e que at\u00e9 recomendou sua reabertura.<\/p>\n<p>Entre as pessoas chamadas \u00e0 CPI do Senado tamb\u00e9m est\u00e3o o diretor do Museu de Arte Moderna de S\u00e3o Paulo e o artista que protagonizou ali uma performance em que aparecia nu. Foi dias depois do fechamento do QueerMuseu e os grupos ultraconservadores voltaram a organizar um esc\u00e2ndalo nas redes, difundindo as imagens de uma menina, que estava entre o p\u00fablico com sua m\u00e3e e que tocou no p\u00e9 do artista. \u201cPedofilia\u201d, bramaram de novo. O Minist\u00e9rio P\u00fablico de S\u00e3o Paulo abriu um inqu\u00e9rito e o pr\u00f3prio prefeito da cidade, Jo\u00e3o Doria (PSDB), se uniu \u00e0s vozes escandalizadas.<\/p>\n<p>Se n\u00e3o h\u00e1 nenhum fato da atualidade que justifique esse tipo de campanha, os guardi\u00f5es da moral remontam a muitos anos atr\u00e1s. Assim aconteceu com Caetano Veloso, de quem se desenterrou um velho epis\u00f3dio para recordar que havia come\u00e7ado um relacionamento com a que depois foi sua esposa, Paula Lavigne, quando ela ainda era menor de idade. \u201c#CaetanoPedofilo\u201d se tornou trending topic. Mas neste caso a Justi\u00e7a amparou o m\u00fasico baiano e ordenou que parassem com os ataques.<\/p>\n<p>A atividade de grupos radicais evang\u00e9licos e de sua poderosa bancada parlamentar (198 deputados e 4 senadores, segundo o registro do pr\u00f3prio Congresso) para desencadear esse tipo de campanha j\u00e1 vem de muito tempo. S\u00e3o provavelmente os mesmos que fizeram picha\u00e7\u00f5es recentes no Rio de Janeiro com o slogan \u201cB\u00edblia sim, Constitui\u00e7\u00e3o, n\u00e3o\u201d. Mas o verdadeiramente novo \u00e9 o aparecimento de um \u201cconservadorismo laico\u201d, como o define Pablo Ortellado, fil\u00f3sofo e professor de Gest\u00e3o de Pol\u00edticas P\u00fablicas da USP. Porque os principais instigadores da campanha contra o Queermuseu n\u00e3o tinham nada a ver com a religi\u00e3o. O protagonismo, como em muitos outros casos, foi assumido por aquele grupo na faixa dos 20 anos que durante as maci\u00e7as mobiliza\u00e7\u00f5es para pedir a destitui\u00e7\u00e3o da presidenta Dilma Rousseff conseguiu deslumbrar boa parte do pa\u00eds.<\/p>\n<p>Com sua desenvoltura juvenil e seu ar pop, os rapazes do Movimento Brasil Livre (MBL) pareciam representar a cara de um pa\u00eds novo que rejeitava a corrup\u00e7\u00e3o e defendia o liberalismo econ\u00f4mico. Da noite para o dia se transformaram em figuras nacionais. Em pouco mais de um ano seu rosto mudou por completo. O que se apresentava como um movimento de regenera\u00e7\u00e3o democr\u00e1tica \u00e9 agora um potente maquin\u00e1rio que explora sua habilidade nas redes para difundir campanhas contra artistas, hostilizar jornalistas e professores apontados como de extrema esquerda ou defender a venda de armas. No intervalo de poucos dias o MBL busca um alvo novo e o repisa sem parar. O mais recente \u00e9 o jornalista Guga Chacra, da TV Globo, agora tamb\u00e9m  classificada de &#8220;extrema esquerda&#8221;. O rep\u00f3rter \u00e9 v\u00edtima de uma campanha por se atrever a desqualificar -em termos muito parecidos aos empregados pela maioria dos meios de comunica\u00e7\u00e3o de todo o mundo-, 20.000 ultradireitistas poloneses que h\u00e1 alguns dias se manifestaram na capital do pais exigindo uma \u201cEuropa branca e cat\u00f3lica\u201d.<\/p>\n<p>Al\u00e9m de sua mil\u00edcia de internautas, o MBL conta com alguns apoios de renome. Na pol\u00edtica, os prefeitos de S\u00e3o Paulo, Jo\u00e3o Doria, e de Porto Alegre, Nelson Marchezan Jr., assim como o at\u00e9 h\u00e1 pouco ministro das Cidades, Bruno Ara\u00fajo, os tr\u00eas do PSDB. No \u00e2mbito intelectual, fil\u00f3sofos que se consideram liberais, como Luiz Felipe Pond\u00e9. Entre os empres\u00e1rios, o dono da Riachuelo, Fl\u00e1vio Rocha, que se somou aos ataques contra os artistas com um artigo na Folha de S. Paulo no qual afirmava que esse tipo de exposi\u00e7\u00e3o faz parte de um \u201cplano urdido nas esferas mais sofisticadas do esquerdismo\u201d. O objetivo seria conquistar a \u201chegemonia cultural como meio de chegar ao comunismo\u201d, uma estrat\u00e9gia diante da qual \u201cLenin e companhia parecem um tanto ing\u00eanuos\u201d, segundo escreveu Rocha em um artigo intitulado O comunista est\u00e1 nu.<\/p>\n<p>\u201cN\u00e3o \u00e9 algo espec\u00edfico do Brasil\u201d, observa o professor Pablo Ortellado. \u201cEste tipo de guerras culturais est\u00e1 ocorrendo em todo o mundo, sobretudo nos EUA, embora aqui tenha cores pr\u00f3prias\u201d. Um desses elementos peculiares \u00e9 que parte desses grupos, como o MBL, se alimentou das mobiliza\u00e7\u00f5es pelo impeachment e agora \u201caproveita os canais de comunica\u00e7\u00e3o ent\u00e3o criados, sobretudo no Facebook\u201d, explica Ortellado. \u201cA mobiliza\u00e7\u00e3o pelo impeachment foi transversal \u00e0 sociedade brasileira, s\u00f3 a esquerda ficou \u00e0 margem. Mas agora, surfando nessa onda, criou-se um novo movimento conservador com um discurso antiestablishment e muito oportunista, porque nem eles mesmos acreditam em muitas das coisas que dizem\u201d. A pauta inicial, a luta contra a corrup\u00e7\u00e3o, foi abandonada \u201ctendo em vista de que o atual governo \u00e9 t\u00e3o ou mais corrupto que o anterior\u201d. Ent\u00e3o se buscaram temas novos, desde a condena\u00e7\u00e3o do Estatuto do Desarmamento \u00e0s campanhas morais, que estavam completamente ausentes no in\u00edcio de grupos como o MBL e que est\u00e3o criando um clima envenenado no pa\u00eds. \u201c\u00c9 extremamente preocupante. Tenho 43 anos e nunca tinha vivido uma coisa assim\u201d, confessa Ortellado. \u201cNem sequer no final da ditadura se produziu algo parecido. Naquele momento, o povo brasileiro estava unido.\u201d<\/p>\n<p>O estranho \u00e9 que a intensidade desses esc\u00e2ndalos est\u00e1 oferecendo uma imagem enganosa do que na realidade pensa o conjunto dos brasileiros. Porque, apesar desse ru\u00eddo ensurdecedor, as pesquisas desmentem a impress\u00e3o de que o pa\u00eds tenha sucumbido a uma onda de ultraconservadorismo. Um estudo do instituto Ideia Big Data, encomendado pelo Movimento Agora! e publicado pelo jornal Valor Econ\u00f4mico, revela que a maioria dos brasileiros, em cifras acima dos 60%, defendem os direitos humanos, inclusive para bandidos, o casamento gay com op\u00e7\u00e3o de adotar crian\u00e7as e o aborto. \u201cEm quest\u00f5es comportamentais, nada indica que os brasileiros tenham se tornado mais conservadores\u201d, reafirma Mauro Paulino, diretor do Datafolha. Os dados de seu instituto tamb\u00e9m s\u00e3o claros: os brasileiros que apoiam os direitos dos gays cresceram nos \u00faltimos quatro anos de 67% para 74%. Paulino explica que \u201csempre houve um setor da classe m\u00e9dia em posi\u00e7\u00f5es conservadoras\u201d e que agora \u201cse tornou mais barulhento\u201d.<\/p>\n<p>As investiga\u00e7\u00f5es do Datafolha s\u00f3 detectaram um deslocamento para posi\u00e7\u00f5es mais conservadoras em um aspecto: seguran\u00e7a. \u201cA\u00ed sim h\u00e1 uma tend\u00eancia que se alimenta do medo crescente que se instalou em parte da sociedade\u201d, afirma Paulino. Aos quase 60.000 assassinatos ao ano se somam 60% de pessoas que confessam viver em um territ\u00f3rio sob controle de alguma fac\u00e7\u00e3o criminosa. Em quatro anos, os que defendem o direito \u00e0 posse de armas cresceu de forma not\u00f3ria, de 30% a 43%. \u00c9 esse medo o que impulsiona o sucesso de um candidato extremista como Jair Bolsonaro, que promete pulso firme sem contempla\u00e7\u00f5es contra a delinqu\u00eancia.<\/p>\n<p>Causou muito impacto a revela\u00e7\u00e3o de que 60% dos potenciais eleitores de Bolsonaro t\u00eam menos de 34 anos, segundo os estudos do instituto de opini\u00e3o. Apesar de que esse dado tamb\u00e9m deve ser ponderado: nessa mesma faixa et\u00e1ria, Lula continua sendo o preferido, inclusive com uma porcentagem maior (39%) do que a m\u00e9dia da popula\u00e7\u00e3o (35%). \u201cOs jovens de classe m\u00e9dia apoiam Bolsonaro, e os pobres, Lula\u201d, conclui Paulino. Diante da imagem de um pa\u00eds muito ideologizado, a maioria dos eleitores se move na verdade \u201cpelo pragmatismo, seja apoiando os que lhe prometem seguran\u00e7a ou em algu\u00e9m no que acreditam que lhes vai garantir que n\u00e3o perder\u00e3o direitos sociais\u201d.<\/p>\n<p>Apesar de tudo, a ofensiva ultraconservadora est\u00e1 conseguindo mudar o clima do pa\u00eds e alguns setores se dizem intimidados. \u201cO profundo avan\u00e7o do fundamentalismo est\u00e1 criando um Brasil completamente diferente\u201d, afirma Gaud\u00eancio Fidelis. \u201cMuita gente est\u00e1 assustada e impressionada.\u201d Um clima muito carregado no qual, em um ano, os brasileiros dever\u00e3o escolher novo presidente. O professor Ortellado teme que tudo piore \u201ccom uma campanha violenta em um pa\u00eds superpolarizado\u201d.<\/p>\n","protected":false},"excerpt":{"rendered":"<p>A ca\u00e7a \u00e0s bruxas de grupos radicais contra artistas, professores, feministas e jornalistas se estende pelo pa\u00eds. Mas as pesquisas dizem que os brasileiros n\u00e3o s\u00e3o mais conservadores<\/p>\n","protected":false},"author":1,"featured_media":0,"comment_status":"closed","ping_status":"open","sticky":false,"template":"","format":"standard","meta":{"_exactmetrics_skip_tracking":false,"_exactmetrics_sitenote_active":false,"_exactmetrics_sitenote_note":"","_exactmetrics_sitenote_category":0,"jetpack_post_was_ever_published":false,"_jetpack_newsletter_access":"","_jetpack_dont_email_post_to_subs":false,"_jetpack_newsletter_tier_id":0,"_jetpack_memberships_contains_paywalled_content":false,"_jetpack_memberships_contains_paid_content":false,"footnotes":"","jetpack_publicize_message":"","jetpack_publicize_feature_enabled":true,"jetpack_social_post_already_shared":true,"jetpack_social_options":{"image_generator_settings":{"template":"highway","enabled":false},"version":2}},"categories":[1],"tags":[],"class_list":["post-15089","post","type-post","status-publish","format-standard","hentry","category-notas"],"jetpack_publicize_connections":[],"jetpack_sharing_enabled":true,"jetpack_featured_media_url":"","jetpack_shortlink":"https:\/\/wp.me\/p7wKYW-3Vn","jetpack-related-posts":[],"_links":{"self":[{"href":"http:\/\/blogdalucianaoliveira.com.br\/blog\/wp-json\/wp\/v2\/posts\/15089","targetHints":{"allow":["GET"]}}],"collection":[{"href":"http:\/\/blogdalucianaoliveira.com.br\/blog\/wp-json\/wp\/v2\/posts"}],"about":[{"href":"http:\/\/blogdalucianaoliveira.com.br\/blog\/wp-json\/wp\/v2\/types\/post"}],"author":[{"embeddable":true,"href":"http:\/\/blogdalucianaoliveira.com.br\/blog\/wp-json\/wp\/v2\/users\/1"}],"replies":[{"embeddable":true,"href":"http:\/\/blogdalucianaoliveira.com.br\/blog\/wp-json\/wp\/v2\/comments?post=15089"}],"version-history":[{"count":1,"href":"http:\/\/blogdalucianaoliveira.com.br\/blog\/wp-json\/wp\/v2\/posts\/15089\/revisions"}],"predecessor-version":[{"id":15091,"href":"http:\/\/blogdalucianaoliveira.com.br\/blog\/wp-json\/wp\/v2\/posts\/15089\/revisions\/15091"}],"wp:attachment":[{"href":"http:\/\/blogdalucianaoliveira.com.br\/blog\/wp-json\/wp\/v2\/media?parent=15089"}],"wp:term":[{"taxonomy":"category","embeddable":true,"href":"http:\/\/blogdalucianaoliveira.com.br\/blog\/wp-json\/wp\/v2\/categories?post=15089"},{"taxonomy":"post_tag","embeddable":true,"href":"http:\/\/blogdalucianaoliveira.com.br\/blog\/wp-json\/wp\/v2\/tags?post=15089"}],"curies":[{"name":"wp","href":"https:\/\/api.w.org\/{rel}","templated":true}]}}