{"id":15095,"date":"2017-11-20T09:44:40","date_gmt":"2017-11-20T13:44:40","guid":{"rendered":"http:\/\/blogdalucianaoliveira.com.br\/blog\/?p=15095"},"modified":"2017-11-20T09:45:21","modified_gmt":"2017-11-20T13:45:21","slug":"no-dia-da-consciencia-negra-polemicas-evidenciam-racismo-enraizado-no-pais","status":"publish","type":"post","link":"http:\/\/blogdalucianaoliveira.com.br\/blog\/2017\/11\/20\/no-dia-da-consciencia-negra-polemicas-evidenciam-racismo-enraizado-no-pais\/","title":{"rendered":"No Dia da Consci\u00eancia Negra, pol\u00eamicas evidenciam racismo &#8216;enraizado&#8217; no pa\u00eds"},"content":{"rendered":"<article>\n<div id=\"HOTWordsTxt\">\n<hgroup>\n<h2><img data-recalc-dims=\"1\" loading=\"lazy\" decoding=\"async\" data-attachment-id=\"15096\" data-permalink=\"http:\/\/blogdalucianaoliveira.com.br\/blog\/2017\/11\/20\/no-dia-da-consciencia-negra-polemicas-evidenciam-racismo-enraizado-no-pais\/prto\/\" data-orig-file=\"https:\/\/i0.wp.com\/blogdalucianaoliveira.com.br\/blog\/wp-content\/uploads\/2017\/11\/prto.jpg?fit=625%2C415\" data-orig-size=\"625,415\" data-comments-opened=\"0\" data-image-meta=\"{&quot;aperture&quot;:&quot;0&quot;,&quot;credit&quot;:&quot;&quot;,&quot;camera&quot;:&quot;&quot;,&quot;caption&quot;:&quot;&quot;,&quot;created_timestamp&quot;:&quot;0&quot;,&quot;copyright&quot;:&quot;&quot;,&quot;focal_length&quot;:&quot;0&quot;,&quot;iso&quot;:&quot;0&quot;,&quot;shutter_speed&quot;:&quot;0&quot;,&quot;title&quot;:&quot;&quot;,&quot;orientation&quot;:&quot;0&quot;}\" data-image-title=\"prto\" data-image-description=\"\" data-image-caption=\"\" data-medium-file=\"https:\/\/i0.wp.com\/blogdalucianaoliveira.com.br\/blog\/wp-content\/uploads\/2017\/11\/prto.jpg?fit=300%2C199\" data-large-file=\"https:\/\/i0.wp.com\/blogdalucianaoliveira.com.br\/blog\/wp-content\/uploads\/2017\/11\/prto.jpg?fit=600%2C398\" class=\"alignnone size-full wp-image-15096\" src=\"https:\/\/i0.wp.com\/blogdalucianaoliveira.com.br\/blog\/wp-content\/uploads\/2017\/11\/prto.jpg?resize=600%2C398\" alt=\"prto\" width=\"600\" height=\"398\" srcset=\"https:\/\/i0.wp.com\/blogdalucianaoliveira.com.br\/blog\/wp-content\/uploads\/2017\/11\/prto.jpg?w=625 625w, https:\/\/i0.wp.com\/blogdalucianaoliveira.com.br\/blog\/wp-content\/uploads\/2017\/11\/prto.jpg?resize=300%2C199 300w, https:\/\/i0.wp.com\/blogdalucianaoliveira.com.br\/blog\/wp-content\/uploads\/2017\/11\/prto.jpg?resize=452%2C300 452w\" sizes=\"auto, (max-width: 600px) 100vw, 600px\" \/><\/h2>\n<h2>Acad\u00eamicos falam como o caso William Waack revela um &#8216;problema estrutural&#8217;<!--more--><\/p>\n<\/h2>\n<\/hgroup>\n<div class=\"infobar\"><\/div>\n<p>No Jornal do Brasil, por <em id=\"autor\" class=\"author\">Felipe Gelani <\/em>&#8211; Nesta segunda-feira (20), data na qual se comemora o dia da Consci\u00eancia Negra no pa\u00eds, a quest\u00e3o do racismo ganha protagonismo com um combust\u00edvel a mais: a recente pol\u00eamica envolvendo o jornalista William Waack, da Rede Globo, que ganhou propor\u00e7\u00f5es internacionais ap\u00f3s ser gravado falando frases racistas durante grava\u00e7\u00f5es. O comportamento do jornalista, e as repercuss\u00f5es nas redes sociais, levantam a quest\u00e3o sobre o combate ao racismo, e quanto o pa\u00eds avan\u00e7ou, ou regrediu, nesse sentido.<\/p>\n<p>O\u00a0professor de Antropologia da Universidade Federal Fluminense (UFF), J\u00falio Cesar de Souza Tavares,\u00a0lembrou que o fato \u00e9 uma mostra de que o problema do racismo \u00e9 estrutural, com uma solu\u00e7\u00e3o ainda distante. \u201cO racismo n\u00e3o vai acabar, pois ele \u00e9 instrumentalizado pelo capitalismo. Esse sistema econ\u00f4mico favorece privil\u00e9gios, ele promove a ascens\u00e3o de certos grupos em detrimento de outros. Essa \u00e9 uma quest\u00e3o fundamental. N\u00e3o \u00e9 \u00e0 toa que, quanto mais elitizada a \u00e1rea, menos negros, como no nosso Judici\u00e1rio.\u201d<\/p>\n<p>J\u00falio Cesar \u2013 tamb\u00e9m um ativista contra o racismo no pa\u00eds \u2013 comentou ainda a decis\u00e3o da emissora, de afastar o jornalista.\u00a0 \u201cWaack \u00e9 uma figura respeitada, um porta-voz importante da pr\u00f3pria dire\u00e7\u00e3o da institui\u00e7\u00e3o. Demiti-lo, em vez de afast\u00e1-lo, seria uma postura muito radical.\u201d Neste caso, a empresa teria adotado uma \u201cpostura conservadora\u201d.<\/p>\n<p>Julio Cesar acrescenta ainda que Waack seria\u00a0\u201capenas um agente da voca\u00e7\u00e3o racista que existe no Brasil\u201d. Para o professor, \u201cele apenas manifesta uma condi\u00e7\u00e3o enraizada na cultura. Ningu\u00e9m \u00e9 racista individualmente\u201d.<\/p>\n<p>O cientista pol\u00edtico e professor da Universidade do Estado do Rio de Janeiro (Uerj), Jorge da Silva, por sua vez, questiona a ideia de que o Brasil n\u00e3o seria um pa\u00eds racista. Ao comentar o epis\u00f3dio de William Waack, ele reflete: \u201cTemos pessoas que narram a na\u00e7\u00e3o brasileira. Temos te\u00f3ricos que sempre insistiram na ideia de que o Brasil \u00e9 uma democracia racial. Isso criou um problema s\u00e9rio: essa concep\u00e7\u00e3o tenta nos fazer imaginar que o racismo \u00e9 algo inexistente\u201d.<\/p>\n<figure class=\"inline foto horizontal float-none\"><img data-recalc-dims=\"1\" decoding=\"async\" title=\"Foto: Divulga\u00e7\u00e3o \/ TV Globo\" src=\"https:\/\/i0.wp.com\/www.jb.com.br\/media\/fotos\/2017\/11\/19\/627w\/jornalista-foi-afastado-apos-declaracoes-racistas.jpg?w=600\" alt=\"Jornalista foi afastado ap\u00f3s declara\u00e7\u00f5es racistas\" \/><figcaption>Jornalista foi afastado ap\u00f3s declara\u00e7\u00f5es racistas<\/figcaption><\/figure>\n<p>No entanto, tanto J\u00falio Cesar quanto Jorge reconhecem que nos \u00faltimos anos a conscientiza\u00e7\u00e3o da popula\u00e7\u00e3o em rela\u00e7\u00e3o \u00e0 quest\u00e3o negra cresceu. \u201cE n\u00e3o diria que \u00e9 uma conscientiza\u00e7\u00e3o maior apenas do movimento negro, mas de toda a sociedade. As pessoas lutam cada vez mais pelos seus direitos\u201d, comentou o professor da Uerj, que tamb\u00e9m \u00e9 autor do livro\u00a0<i>Viol\u00eancia e Racismo<\/i>, que discute pol\u00edticas p\u00fablicas com o objetivo de melhorar a qualidade de vida da popula\u00e7\u00e3o.<\/p>\n<p>\u201cA consci\u00eancia cresceu. De cinquenta anos para c\u00e1, temos a demonstra\u00e7\u00e3o demogr\u00e1fica de um n\u00famero cada vez maior de pessoas que se assumem como negros. Se reconhecer como negro \u00e9 um posicionamento pol\u00edtico\u201d, lembrou o professor, ressaltando que, atualmente, quase 54% da popula\u00e7\u00e3o brasileira se considera negra ou parda.<\/p>\n<p>\u201cOutro exemplo claro desse processo \u00e9 o crescente movimento de organiza\u00e7\u00e3o de uma nova consci\u00eancia pol\u00edtica entre m\u00e9dicos, advogados e engenheiros negros, assim como na pr\u00f3pria classe trabalhadora. Os empreendedores negros tamb\u00e9m est\u00e3o se organizando\u201d, complementou J\u00falio Cesar.<\/p>\n<p>E, segundo o professor, essa conquista de espa\u00e7os sociopol\u00edticos incomoda. Ele citou a viol\u00eancia contra os terreiros de religi\u00f5es de matriz africanas como exemplo desse processo. \u201cNesses locais as pessoas est\u00e3o debatendo pol\u00edtica, profissionaliza\u00e7\u00e3o, buscam melhorar suas condi\u00e7\u00f5es. Isso incomoda uma parte da popula\u00e7\u00e3o acostumada com a escraviza\u00e7\u00e3o do negro.\u201d<\/p>\n<p><iframe loading=\"lazy\" class=\"inline video\" title=\"YouTube video player\" src=\"http:\/\/www.youtube.com\/embed\/yhzgqDdbm4Q\" width=\"627\" height=\"400\" frameborder=\"0\" allowfullscreen=\"allowfullscreen\" data-mce-fragment=\"1\"><\/iframe>Para o professor da UFF, a conscientiza\u00e7\u00e3o gera uma resposta f\u00edsica, uma rea\u00e7\u00e3o. \u201cA consci\u00eancia n\u00e3o \u00e9 uma coisa metaf\u00edsica, e sim f\u00edsica. Com a amplia\u00e7\u00e3o da consci\u00eancia, voc\u00ea aumenta a presen\u00e7a social dessas pessoas. Elas v\u00e3o se armar de instrumentos, editais e verbas para ampliar o leque de atividades do terreiro. Ele passa a ser de fato um templo de dissemina\u00e7\u00e3o da cultura pol\u00edtica\u201d, complementou. No entanto, ele lamentou: \u201cS\u00e3o mais de 600 templos apedrejados, e isso passa batido na m\u00eddia\u201d, afirmou.<\/p>\n<p>O professor J\u00falio Cesar ainda lembrou os coment\u00e1rios do abolicionista Joaquim Nabuco, que, para ele, se aplicam muito bem ao momento atual do pa\u00eds. \u201cNabuco disse que, mesmo com o fim da escravid\u00e3o, a mentalidade escravocrata permanecer\u00e1 por muito tempo como a caracter\u00edstica nacional do Brasil\u201d, concluiu.<\/p>\n<p><b>Uerj promove M\u00eas da Consci\u00eancia Negra<\/b><\/p>\n<p>A Uerj, a partir do dia 20 de novembro, dia da Consci\u00eancia Negra, promove uma intensa programa\u00e7\u00e3o cultural at\u00e9 o dia 28.<\/p>\n<p>Um dos destaques \u00e9 a apresenta\u00e7\u00e3o, no dia\u00a021, \u00e0s 19h, da Orquestra de Solistas do Rio de Janeiro e convidados, no Teatro Odylo Costa, filho. Al\u00e9m da OSRJ, o concerto conta com a participa\u00e7\u00e3o\u00a0de jovens m\u00fasicos da Orquestra de Cordas da Grota (Niter\u00f3i) e da Camerata Laranjeiras, ambos projetos socioculturais desenvolvidos em comunidades carentes. No programa, obras de diversos g\u00eanios da m\u00fasica, como Moacir Santos, Nelson Cavaquinho, Cartola e Baden Powell.<\/p>\n<p>&gt;&gt;\u00a0<a href=\"http:\/\/www.jb.com.br\/ciencia-e-tecnologia\/noticias\/2017\/11\/04\/sbprj-promove-debates-sobre-racismo-no-mes-da-consciencia-negra\/\" target=\"_blank\" rel=\"nofollow\">SBPRJ promove debates sobre racismo no\u00a0m\u00eas da Consci\u00eancia Negra\u00a0<\/a><\/p>\n<figure class=\"inline foto horizontal float-none\"><img data-recalc-dims=\"1\" decoding=\"async\" title=\"Foto: Divulga\u00e7\u00e3o\" src=\"https:\/\/i0.wp.com\/www.jb.com.br\/media\/fotos\/2017\/11\/19\/627w\/universidade-promove-eventos-culturais-relacionados-ao-dia-da-conscienci.jpg?w=600\" alt=\"Universidade promove eventos culturais relacionados ao dia da Consci\u00eancia Negra\" \/><figcaption>Universidade promove eventos culturais relacionados ao dia da Consci\u00eancia Negra<\/figcaption><\/figure>\n<p>Outro ponto alto do evento \u00e9 a exposi\u00e7\u00e3o\u00a0Amewa, palavra da l\u00edngua iorub\u00e1 cujo significado corresponde, em linhas gerais, a &#8220;aquele que conhece a beleza&#8221;. Parte do I Congresso de Filosofia Africana e Afrodiasp\u00f3rica da Uerj, a mostra coletiva apresenta a diversidade do olhar sobre o mundo de artistas afrodescendentes, sendo pelo vi\u00e9s do ativismo pol\u00edtico ou da religiosidade. A exposi\u00e7\u00e3o abre no dia\u00a023, \u00e0s 17h, na\u00a0Galeria Gustavo Schnoor, e pode ser visitada at\u00e9 30 de novembro.<\/p>\n<p>A Uerj \u00e9\u00a0pioneira na ado\u00e7\u00e3o de pol\u00edticas de a\u00e7\u00e3o afirmativa para ingresso na educa\u00e7\u00e3o superior, contando com cerca de 9 mil alunos provenientes do sistema de reserva de vagas. A entrada para os eventos culturais \u00e9 franca.<\/p>\n<p><i>* do projeto de est\u00e1gio do JB<\/i><\/p>\n<\/div>\n<\/article>\n<p>&nbsp;<\/p>\n","protected":false},"excerpt":{"rendered":"<p>Acad\u00eamicos falam como o caso William Waack revela um &#8216;problema estrutural&#8217;<\/p>\n","protected":false},"author":1,"featured_media":0,"comment_status":"closed","ping_status":"open","sticky":false,"template":"","format":"standard","meta":{"_exactmetrics_skip_tracking":false,"_exactmetrics_sitenote_active":false,"_exactmetrics_sitenote_note":"","_exactmetrics_sitenote_category":0,"jetpack_post_was_ever_published":false,"_jetpack_newsletter_access":"","_jetpack_dont_email_post_to_subs":false,"_jetpack_newsletter_tier_id":0,"_jetpack_memberships_contains_paywalled_content":false,"_jetpack_memberships_contains_paid_content":false,"footnotes":"","jetpack_publicize_message":"","jetpack_publicize_feature_enabled":true,"jetpack_social_post_already_shared":true,"jetpack_social_options":{"image_generator_settings":{"template":"highway","enabled":false},"version":2}},"categories":[1],"tags":[],"class_list":["post-15095","post","type-post","status-publish","format-standard","hentry","category-notas"],"jetpack_publicize_connections":[],"jetpack_sharing_enabled":true,"jetpack_featured_media_url":"","jetpack_shortlink":"https:\/\/wp.me\/p7wKYW-3Vt","jetpack-related-posts":[],"_links":{"self":[{"href":"http:\/\/blogdalucianaoliveira.com.br\/blog\/wp-json\/wp\/v2\/posts\/15095","targetHints":{"allow":["GET"]}}],"collection":[{"href":"http:\/\/blogdalucianaoliveira.com.br\/blog\/wp-json\/wp\/v2\/posts"}],"about":[{"href":"http:\/\/blogdalucianaoliveira.com.br\/blog\/wp-json\/wp\/v2\/types\/post"}],"author":[{"embeddable":true,"href":"http:\/\/blogdalucianaoliveira.com.br\/blog\/wp-json\/wp\/v2\/users\/1"}],"replies":[{"embeddable":true,"href":"http:\/\/blogdalucianaoliveira.com.br\/blog\/wp-json\/wp\/v2\/comments?post=15095"}],"version-history":[{"count":2,"href":"http:\/\/blogdalucianaoliveira.com.br\/blog\/wp-json\/wp\/v2\/posts\/15095\/revisions"}],"predecessor-version":[{"id":15098,"href":"http:\/\/blogdalucianaoliveira.com.br\/blog\/wp-json\/wp\/v2\/posts\/15095\/revisions\/15098"}],"wp:attachment":[{"href":"http:\/\/blogdalucianaoliveira.com.br\/blog\/wp-json\/wp\/v2\/media?parent=15095"}],"wp:term":[{"taxonomy":"category","embeddable":true,"href":"http:\/\/blogdalucianaoliveira.com.br\/blog\/wp-json\/wp\/v2\/categories?post=15095"},{"taxonomy":"post_tag","embeddable":true,"href":"http:\/\/blogdalucianaoliveira.com.br\/blog\/wp-json\/wp\/v2\/tags?post=15095"}],"curies":[{"name":"wp","href":"https:\/\/api.w.org\/{rel}","templated":true}]}}