{"id":15099,"date":"2017-11-20T09:49:22","date_gmt":"2017-11-20T13:49:22","guid":{"rendered":"http:\/\/blogdalucianaoliveira.com.br\/blog\/?p=15099"},"modified":"2017-11-20T09:49:22","modified_gmt":"2017-11-20T13:49:22","slug":"chico-buarque-condena-o-racismo-nao-existe-branco-puro-no-brasil","status":"publish","type":"post","link":"http:\/\/blogdalucianaoliveira.com.br\/blog\/2017\/11\/20\/chico-buarque-condena-o-racismo-nao-existe-branco-puro-no-brasil\/","title":{"rendered":"CHICO BUARQUE CONDENA O RACISMO: &#8216;N\u00c3O EXISTE BRANCO PURO NO BRASIL&#8217;"},"content":{"rendered":"<p><img data-recalc-dims=\"1\" loading=\"lazy\" decoding=\"async\" data-attachment-id=\"15100\" data-permalink=\"http:\/\/blogdalucianaoliveira.com.br\/blog\/2017\/11\/20\/chico-buarque-condena-o-racismo-nao-existe-branco-puro-no-brasil\/chico-3\/\" data-orig-file=\"https:\/\/i0.wp.com\/blogdalucianaoliveira.com.br\/blog\/wp-content\/uploads\/2017\/11\/chico.jpg?fit=1000%2C357\" data-orig-size=\"1000,357\" data-comments-opened=\"0\" data-image-meta=\"{&quot;aperture&quot;:&quot;0&quot;,&quot;credit&quot;:&quot;&quot;,&quot;camera&quot;:&quot;&quot;,&quot;caption&quot;:&quot;&quot;,&quot;created_timestamp&quot;:&quot;0&quot;,&quot;copyright&quot;:&quot;&quot;,&quot;focal_length&quot;:&quot;0&quot;,&quot;iso&quot;:&quot;0&quot;,&quot;shutter_speed&quot;:&quot;0&quot;,&quot;title&quot;:&quot;&quot;,&quot;orientation&quot;:&quot;0&quot;}\" data-image-title=\"chico\" data-image-description=\"\" data-image-caption=\"\" data-medium-file=\"https:\/\/i0.wp.com\/blogdalucianaoliveira.com.br\/blog\/wp-content\/uploads\/2017\/11\/chico.jpg?fit=300%2C107\" data-large-file=\"https:\/\/i0.wp.com\/blogdalucianaoliveira.com.br\/blog\/wp-content\/uploads\/2017\/11\/chico.jpg?fit=600%2C214\" src=\"https:\/\/i0.wp.com\/blogdalucianaoliveira.com.br\/blog\/wp-content\/uploads\/2017\/11\/chico.jpg?resize=600%2C214\" alt=\"chico\" width=\"600\" height=\"214\" class=\"alignnone size-full wp-image-15100\" srcset=\"https:\/\/i0.wp.com\/blogdalucianaoliveira.com.br\/blog\/wp-content\/uploads\/2017\/11\/chico.jpg?w=1000 1000w, https:\/\/i0.wp.com\/blogdalucianaoliveira.com.br\/blog\/wp-content\/uploads\/2017\/11\/chico.jpg?resize=300%2C107 300w, https:\/\/i0.wp.com\/blogdalucianaoliveira.com.br\/blog\/wp-content\/uploads\/2017\/11\/chico.jpg?resize=768%2C274 768w, https:\/\/i0.wp.com\/blogdalucianaoliveira.com.br\/blog\/wp-content\/uploads\/2017\/11\/chico.jpg?resize=800%2C286 800w\" sizes=\"auto, (max-width: 600px) 100vw, 600px\" \/><\/p>\n<p>247 &#8211; Circula nas redes sociais um v\u00eddeo com entrevista do cantor e compositor Chico Buarque em que ele critica o racismo no Brasil. Chico lembra que a filha Helena Buarque foi casa com o m\u00fasico Carlinhos Brown e diz que j\u00e1 ouviu por v\u00e1rias ocasi\u00f5es coment\u00e1rios preconceituosos sobre o assunto. <!--more--><\/p>\n<p>&#8220;Primeiro, as pessoas pensam que s\u00e3o brancas, pensam que eu sou branco. S\u00f3 no Brasil eu vi isso, que eu sou branco e que minha filha \u00e9 branca&#8221;, disse Chico no v\u00eddeo. <\/p>\n<p>Chico diz que \u00e9 imposs\u00edvel imaginar que ao longo das gera\u00e7\u00f5es, os antepassados n\u00e3o tenham se misturado no Brasil. &#8220;Voc\u00ea tem quatro av\u00f3s, oito bisav\u00f3s, 16 tatarav\u00f3s, chega no s\u00e9culo 19, voc\u00ea tem 128 antepassados, e esses 128 n\u00e3o podem ser s\u00f3 brancos&#8221;, diz o m\u00fasico. <\/p>\n<p>Assista abaixo: <\/p>\n<div class=\"jetpack-video-wrapper\"><span class=\"embed-youtube\" style=\"text-align:center; display: block;\"><iframe loading=\"lazy\" class=\"youtube-player\" width=\"600\" height=\"338\" src=\"https:\/\/www.youtube.com\/embed\/tNk6HMzTty4?version=3&#038;rel=1&#038;showsearch=0&#038;showinfo=1&#038;iv_load_policy=1&#038;fs=1&#038;hl=pt-BR&#038;autohide=2&#038;wmode=transparent\" allowfullscreen=\"true\" style=\"border:0;\" sandbox=\"allow-scripts allow-same-origin allow-popups allow-presentation allow-popups-to-escape-sandbox\"><\/iframe><\/span><\/div>\n","protected":false},"excerpt":{"rendered":"<p>247 &#8211; Circula nas redes sociais um v\u00eddeo com entrevista do cantor e compositor Chico Buarque em que ele critica o racismo no Brasil. Chico lembra que a filha Helena Buarque foi casa com o m\u00fasico Carlinhos Brown e diz que j\u00e1 ouviu por v\u00e1rias ocasi\u00f5es coment\u00e1rios preconceituosos sobre o assunto.<\/p>\n","protected":false},"author":1,"featured_media":0,"comment_status":"closed","ping_status":"open","sticky":false,"template":"","format":"standard","meta":{"_exactmetrics_skip_tracking":false,"_exactmetrics_sitenote_active":false,"_exactmetrics_sitenote_note":"","_exactmetrics_sitenote_category":0,"jetpack_post_was_ever_published":false,"_jetpack_newsletter_access":"","_jetpack_dont_email_post_to_subs":false,"_jetpack_newsletter_tier_id":0,"_jetpack_memberships_contains_paywalled_content":false,"_jetpack_memberships_contains_paid_content":false,"footnotes":"","jetpack_publicize_message":"","jetpack_publicize_feature_enabled":true,"jetpack_social_post_already_shared":true,"jetpack_social_options":{"image_generator_settings":{"template":"highway","enabled":false},"version":2}},"categories":[1],"tags":[],"class_list":["post-15099","post","type-post","status-publish","format-standard","hentry","category-notas"],"jetpack_publicize_connections":[],"jetpack_sharing_enabled":true,"jetpack_featured_media_url":"","jetpack_shortlink":"https:\/\/wp.me\/p7wKYW-3Vx","jetpack-related-posts":[],"_links":{"self":[{"href":"http:\/\/blogdalucianaoliveira.com.br\/blog\/wp-json\/wp\/v2\/posts\/15099","targetHints":{"allow":["GET"]}}],"collection":[{"href":"http:\/\/blogdalucianaoliveira.com.br\/blog\/wp-json\/wp\/v2\/posts"}],"about":[{"href":"http:\/\/blogdalucianaoliveira.com.br\/blog\/wp-json\/wp\/v2\/types\/post"}],"author":[{"embeddable":true,"href":"http:\/\/blogdalucianaoliveira.com.br\/blog\/wp-json\/wp\/v2\/users\/1"}],"replies":[{"embeddable":true,"href":"http:\/\/blogdalucianaoliveira.com.br\/blog\/wp-json\/wp\/v2\/comments?post=15099"}],"version-history":[{"count":1,"href":"http:\/\/blogdalucianaoliveira.com.br\/blog\/wp-json\/wp\/v2\/posts\/15099\/revisions"}],"predecessor-version":[{"id":15101,"href":"http:\/\/blogdalucianaoliveira.com.br\/blog\/wp-json\/wp\/v2\/posts\/15099\/revisions\/15101"}],"wp:attachment":[{"href":"http:\/\/blogdalucianaoliveira.com.br\/blog\/wp-json\/wp\/v2\/media?parent=15099"}],"wp:term":[{"taxonomy":"category","embeddable":true,"href":"http:\/\/blogdalucianaoliveira.com.br\/blog\/wp-json\/wp\/v2\/categories?post=15099"},{"taxonomy":"post_tag","embeddable":true,"href":"http:\/\/blogdalucianaoliveira.com.br\/blog\/wp-json\/wp\/v2\/tags?post=15099"}],"curies":[{"name":"wp","href":"https:\/\/api.w.org\/{rel}","templated":true}]}}