{"id":151,"date":"2016-05-04T07:22:56","date_gmt":"2016-05-04T11:22:56","guid":{"rendered":"http:\/\/blogdalucianaoliveira.com.br\/blog\/?p=151"},"modified":"2016-05-04T07:22:56","modified_gmt":"2016-05-04T11:22:56","slug":"a-galera-do-nunca-houve-tanta-corrupcao","status":"publish","type":"post","link":"http:\/\/blogdalucianaoliveira.com.br\/blog\/2016\/05\/04\/a-galera-do-nunca-houve-tanta-corrupcao\/","title":{"rendered":"A galera do &#8216;nunca houve tanta corrup\u00e7\u00e3o&#8217;"},"content":{"rendered":"<p><img data-recalc-dims=\"1\" loading=\"lazy\" decoding=\"async\" data-attachment-id=\"152\" data-permalink=\"http:\/\/blogdalucianaoliveira.com.br\/blog\/2016\/05\/04\/a-galera-do-nunca-houve-tanta-corrupcao\/image-14\/\" data-orig-file=\"https:\/\/i0.wp.com\/blogdalucianaoliveira.com.br\/blog\/wp-content\/uploads\/2016\/05\/image-11.jpeg?fit=341%2C364\" data-orig-size=\"341,364\" data-comments-opened=\"0\" data-image-meta=\"{&quot;aperture&quot;:&quot;0&quot;,&quot;credit&quot;:&quot;&quot;,&quot;camera&quot;:&quot;&quot;,&quot;caption&quot;:&quot;&quot;,&quot;created_timestamp&quot;:&quot;0&quot;,&quot;copyright&quot;:&quot;&quot;,&quot;focal_length&quot;:&quot;0&quot;,&quot;iso&quot;:&quot;0&quot;,&quot;shutter_speed&quot;:&quot;0&quot;,&quot;title&quot;:&quot;&quot;,&quot;orientation&quot;:&quot;0&quot;}\" data-image-title=\"image\" data-image-description=\"\" data-image-caption=\"\" data-medium-file=\"https:\/\/i0.wp.com\/blogdalucianaoliveira.com.br\/blog\/wp-content\/uploads\/2016\/05\/image-11.jpeg?fit=281%2C300\" data-large-file=\"https:\/\/i0.wp.com\/blogdalucianaoliveira.com.br\/blog\/wp-content\/uploads\/2016\/05\/image-11.jpeg?fit=341%2C364\" class=\"alignnone size-full wp-image-152\" src=\"https:\/\/i0.wp.com\/blogdalucianaoliveira.com.br\/blog\/wp-content\/uploads\/2016\/05\/image-11.jpeg?resize=341%2C364\" alt=\"image\" width=\"341\" height=\"364\" srcset=\"https:\/\/i0.wp.com\/blogdalucianaoliveira.com.br\/blog\/wp-content\/uploads\/2016\/05\/image-11.jpeg?w=341 341w, https:\/\/i0.wp.com\/blogdalucianaoliveira.com.br\/blog\/wp-content\/uploads\/2016\/05\/image-11.jpeg?resize=281%2C300 281w\" sizes=\"auto, (max-width: 341px) 100vw, 341px\" \/><\/p>\n<p>Os indignados da boca para fora, e os desesperados da boca para o est\u00f4mago<\/p>\n<p>Jornal do Brasil<br \/>\n03\/05 \u00e0s 15h01 &#8211; Atualizada em 03\/05 \u00e0s 23h09<br \/>\nA profunda crise pol\u00edtica brasileira, com o comprometimento moral e \u00e9tico de seus alicerces, nos leva a uma profunda reflex\u00e3o sobre a trajet\u00f3ria deste pa\u00eds. E a conclus\u00e3o que se chega \u00e9 que o pa\u00eds n\u00e3o conseguir\u00e1 resgatar sua dignidade punindo apenas os ladr\u00f5es do presente. \u00c9 preciso acertar as contas tamb\u00e9m com os ladr\u00f5es do passado.<\/p>\n<p>Uma popula\u00e7\u00e3o com 80 milh\u00f5es de jovens n\u00e3o se d\u00e1 conta do que aconteceu num Brasil de d\u00e9cadas atr\u00e1s: uma sequ\u00eancia assustadora de esc\u00e2ndalos, roubos e corrup\u00e7\u00e3o sem contudo que houvesse punidos. O que est\u00e1 sendo feito no Brasil hoje j\u00e1 deveria ter sido feito h\u00e1 muito tempo. Mas lamentavelmente n\u00e3o foi.<!--more--><\/p>\n<p>No fim dos anos 1980, o esc\u00e2ndalo dos An\u00f5es do Or\u00e7amento ganhou destaque: sete deputados da Comiss\u00e3o de Or\u00e7amento do Congresso faziam emendas de lei remetendo dinheiro a entidades filantr\u00f3picas ligadas a parentes e cobravam propinas de empreiteiras para a inclus\u00e3o de verbas em grandes obras.<\/p>\n<p>Ainda nos anos 1980, o jornalista J\u00e2nio de Freitas, em um furo de reportagem publicado na Folha de S. Paulo, revelava que havia sido fraudulenta corrupta a concorr\u00eancia p\u00fablica para constru\u00e7\u00e3o da ferrovia Maranh\u00e3o-Bras\u00edlia (ou Norte-Sul).<\/p>\n<p>E como n\u00e3o lembrar o caso Sunamam (Superintend\u00eancia Nacional da Marinha Mercante), que era encarregada de gerir o Fundo de Marinha Mercante. No final do governo do ex-presidente Jo\u00e3o Figueiredo (1979-1985) foram descobertos ind\u00edcios de irregularidades nos repasses de recursos do \u00f3rg\u00e3o aos estaleiros. Uma das suspeitas era de que as empresas descontavam, com aval da Sunamam, duplicatas de obras n\u00e3o realizadas, gerando a express\u00e3o &#8220;navios de papel&#8221;. Na \u00e9poca, estimaram-se as perdas do governo em cerca de US$ 545 milh\u00f5es.<\/p>\n<p>Tamb\u00e9m nos anos 80 houve o caso Montepio, no qual foram investigados v\u00e1rios atos de corrup\u00e7\u00e3o envolvendo a Agropecu\u00e1ria Capemi, contratada para extrair e comercializar toda a madeira da \u00e1rea que seria inundada com a constru\u00e7\u00e3o da Usina Hidrel\u00e9trica de Tucuru\u00ed.<\/p>\n<p>Nos anos 90, esc\u00e2ndalo envolvendo a Andrade Gutierrez veio \u00e0 tona, na constru\u00e7\u00e3o da nova sede da Eletropaulo, no governo de Luiz Antonio Fleury Filho, sucessor de Orestes Qu\u00e9rcia. Tamb\u00e9m nos anos 90, as privatiza\u00e7\u00f5es foram a t\u00f4nica, em negocia\u00e7\u00f5es nebulosas alvo de den\u00fancias e especula\u00e7\u00f5es.<\/p>\n<p>E como n\u00e3o lembrar dos esc\u00e2ndalos envolvendo bancos. Um dos mais not\u00f3rios foi o do Banco Econ\u00f4mico, de \u00c2ngelo Calmon de S\u00e1, e os famosos cheques sem fundo. E ainda do Banco Marka que, endividado, acabou favorecido pelo Banco Central. Ali\u00e1s, vem da\u00ed tamb\u00e9m o pol\u00eamico Proer (Programa de Est\u00edmulo \u00e0 Reestrutura\u00e7\u00e3o e ao Fortalecimento do Sistema Financeiro Nacional), que promovia socorro aos bancos com dinheiro p\u00fablico.<\/p>\n<p>O Proer gastou R$ 37,76 bilh\u00f5es com os bancos em funcionamento no pa\u00eds. Este valor foi apurado pela CPI dos Bancos, do Senado Federal, e consta do relat\u00f3rio final da comiss\u00e3o. O grosso dos recursos do Proer foi distribu\u00eddo para salvar bancos falidos recebendo em troca t\u00edtulos &#8220;podres&#8221; como forma de pagamentos e para dar garantia a grupos estrangeiros para comprar bancos brasileiros.<\/p>\n<p>O mensal\u00e3o tucano apontava para caso de peculato e lavagem de dinheiro na campanha para a reelei\u00e7\u00e3o de Eduardo Azeredo (PSDB-MG) ao governo de Minas Gerais em 1998. De acordo com a pol\u00edcia, seis empreiteiras doaram R$ 8,2 milh\u00f5es para a campanha de Azeredo sem declarar essas doa\u00e7\u00f5es \u00e0 Justi\u00e7a Eleitoral, o que \u00e9 obrigat\u00f3rio por lei.<\/p>\n<p>Em artigo publicado no JB, o jornalista Mauro Santayana lembrou: &#8220;Em dezembro de 2014, um estudo feito pelo instituto Avante Brasil, que, com certeza n\u00e3o defende a \u201csitua\u00e7\u00e3o\u201d, levantou os 31 maiores esc\u00e2ndalos de corrup\u00e7\u00e3o dos \u00faltimos 20 anos.<\/p>\n<p>Nesse estudo, o \u201cmensal\u00e3o\u201d &#8211; o nacional, n\u00e3o o \u201cmineiro\u201d &#8211; acabou ficando em d\u00e9cimo-oitavo lugar no ranking, tendo envolvido menos da metade dos recursos do \u201ctrensal\u00e3o\u201dtucano de S\u00e3o Paulo e uma parcela duzentas vezes menor que a cifra relacionada ao esc\u00e2ndalo do Banestado, que, em primeir\u00edssimo lugar, envolveu, segundo o levantamento, em valores atualizados, aproximadamente 60 bilh\u00f5es de reais.<\/p>\n<p>E ningu\u00e9m, absolutamente ningu\u00e9m, que dizia ser o mensal\u00e3o o maior dos esc\u00e2ndalos da hist\u00f3ria do Brasil, tomou a iniciativa de tocar, sequer, no tema &#8211; apesar do \u201cdoleiro\u201d do caso Petrobras, Alberto Youssef, ser o mesmo do caso Banestado &#8211; at\u00e9 agora.<\/p>\n<p>Em 2009, uma opera\u00e7\u00e3o da PF, batizada de Castelo de Areia, trouxe \u00e0 tona novamente caso envolvendo pol\u00edticos e empreiteiras. Deste vez era a Camargo Correia e mais de 200 pol\u00edticos dos mais variados partidos relacionados com supostos crimes financeiros, lavagem de dinheiro, superfaturamento de contratos, fraudes em concorr\u00eancias e pagamento de propinas.<\/p>\n<p>Mais recentemente, o caso Alston, do metr\u00f4 de S\u00e3o Paulo: uma s\u00e9rie de den\u00fancias de pagamento de propina feitos pela empresa francesa Alstom a v\u00e1rios pol\u00edticos do estado de S\u00e3o Paulo. De acordo com o que consta de documentos enviados ao Minist\u00e9rio da Justi\u00e7a do Brasil pelo Minist\u00e9rio P\u00fablico da Su\u00ed\u00e7a, no per\u00edodo de 1998 a 2001 pelo menos 34 milh\u00f5es de francos franceses teriam sido pagos em propinas a autoridades do Governo do Estado de S\u00e3o Paulo e a pol\u00edticos paulistas utilizando-se empresas offshore.<\/p>\n<p>No ano passado tivemos tamb\u00e9m a Opera\u00e7\u00e3o Zelotes &#8211; um dos maiores esquemas de sonega\u00e7\u00e3o fiscal j\u00e1 descobertos no pa\u00eds, no qual quadrilhas atuavam junto ao Conselho Administrativo de Recursos Fiscais, \u00f3rg\u00e3o ligado ao Minist\u00e9rio da Fazenda, revertendo ou anulando multas milion\u00e1rias de grandes empresas. Entre as citadas est\u00e3o RBS, Gerdau, Ford, Mitsubishi, BR Foods, Camargo Corr\u00eaa, Light, Petrobras e os bancos Bradesco, Santander, BankBoston, Pactual e Safra. A opera\u00e7\u00e3o Zelotes ainda est\u00e1 em curso, e at\u00e9 agora o preju\u00edzo aos cofres p\u00fablicos j\u00e1 chega a R$ 20 bilh\u00f5es.<\/p>\n<p>Ali\u00e1s o Banco Safra do banqueiro Joseph Yacoub Safra &#8211; um dos homens mais ricos do pa\u00eds &#8211; citado na Opera\u00e7\u00e3o Zelotes, tamb\u00e9m aparece nas investiga\u00e7\u00f5es da Opera\u00e7\u00e3o Lava Jato, sob suspeita de ter cometido crime financeiro e ajudado na lavagem de dinheiro do doleiro Alberto Youssef.<\/p>\n<p>Vendo no retrovisor esta cole\u00e7\u00e3o intermin\u00e1vel de esc\u00e2ndalos, muitas perguntas ficam no ar: Onde est\u00e3o os culpados? Quem foi preso? Os cofres p\u00fablicos foram ressarcidos?<\/p>\n<p>As cifras de todos estes esc\u00e2ndalos chegam a n\u00edveis incalcul\u00e1veis. S\u00f3 os preju\u00edzos causados pelos esquemas descobertos na Opera\u00e7\u00e3o da Lava Jato tiveram como consequ\u00eancia uma profunda crise econ\u00f4mica e a retra\u00e7\u00e3o de 3,8% do PIB brasileiro em 2015, uma redu\u00e7\u00e3o de R$ 380 bilh\u00f5es em rela\u00e7\u00e3o a 2014. Diante deste montante, \u00e9 simples chegar \u00e0 conclus\u00e3o de que n\u00e3o ser\u00e1 resgatando as comiss\u00f5es de 1% ou 2% recebidas pelos corruptos presos que o pa\u00eds recuperar\u00e1 todo o gigantesco preju\u00edzo causado pelos roubos.<\/p>\n<p>Se hoje vemos l\u00edderes pol\u00edticos se acusando e quase chegando ao confronto f\u00edsico em pleno Senado, como se ali fosse um ringue de UFC &#8211; como aconteceu na segunda-feira (2) com os senadores Lindbergh Farias (PT) e Ronaldo Caiado (DEM) &#8211; o que pode acontecer com o pa\u00eds? O que pode acontecer quando o povo v\u00ea lideran\u00e7as entrando em combate, como numa guerra entre fazendeiros e posseiros?<\/p>\n<p>A polariza\u00e7\u00e3o e o clima b\u00e9lico t\u00eam verdadeiro potencial de combust\u00edvel para uma massa de mais de 10 milh\u00f5es de desempregados no pa\u00eds. Neste clima de guerra, o que se teme \u00e9 que o Brasil se transforme num Oriente, com o caos e a destrui\u00e7\u00e3o imperando.<\/p>\n<p>O que esses l\u00edderes n\u00e3o est\u00e3o avaliando \u00e9 que, pelo agravamento da pobreza que assola o pa\u00eds, o desespero n\u00e3o \u00e9 s\u00f3 da boca para fora para os milh\u00f5es de pobres, desempregados e servidores sem sal\u00e1rio. \u00c9 principalmente da boca para o est\u00f4mago.<\/p>\n<p>E os que est\u00e3o desesperados da boca para o est\u00f4mago s\u00e3o, com certeza, seis vezes mais numerosos do que os que gritam da boca para fora. Diante deste quadro assolador, o que esperar desse pa\u00eds se essas lideran\u00e7as arrastarem seus liderados para um confronto aberto?<\/p>\n","protected":false},"excerpt":{"rendered":"<p>Os indignados da boca para fora, e os desesperados da boca para o est\u00f4mago Jornal do Brasil 03\/05 \u00e0s 15h01 &#8211; Atualizada em 03\/05 \u00e0s 23h09 A profunda crise pol\u00edtica brasileira, com o comprometimento moral e \u00e9tico de seus alicerces, nos leva a uma profunda reflex\u00e3o sobre a trajet\u00f3ria deste pa\u00eds. E a conclus\u00e3o que&#8230;<a class=\"more-link\" href=\"http:\/\/blogdalucianaoliveira.com.br\/blog\/2016\/05\/04\/a-galera-do-nunca-houve-tanta-corrupcao\/\">Continue a leitura <span class=\"meta-nav\">&raquo;<\/span><\/a><\/p>\n","protected":false},"author":1,"featured_media":0,"comment_status":"closed","ping_status":"open","sticky":false,"template":"","format":"standard","meta":{"_exactmetrics_skip_tracking":false,"_exactmetrics_sitenote_active":false,"_exactmetrics_sitenote_note":"","_exactmetrics_sitenote_category":0,"jetpack_post_was_ever_published":false,"_jetpack_newsletter_access":"","_jetpack_dont_email_post_to_subs":false,"_jetpack_newsletter_tier_id":0,"_jetpack_memberships_contains_paywalled_content":false,"_jetpack_memberships_contains_paid_content":false,"footnotes":"","jetpack_publicize_message":"","jetpack_publicize_feature_enabled":true,"jetpack_social_post_already_shared":false,"jetpack_social_options":{"image_generator_settings":{"template":"highway","enabled":false},"version":2}},"categories":[1],"tags":[],"class_list":["post-151","post","type-post","status-publish","format-standard","hentry","category-notas"],"jetpack_publicize_connections":[],"jetpack_sharing_enabled":true,"jetpack_featured_media_url":"","jetpack_shortlink":"https:\/\/wp.me\/p7wKYW-2r","jetpack-related-posts":[],"_links":{"self":[{"href":"http:\/\/blogdalucianaoliveira.com.br\/blog\/wp-json\/wp\/v2\/posts\/151","targetHints":{"allow":["GET"]}}],"collection":[{"href":"http:\/\/blogdalucianaoliveira.com.br\/blog\/wp-json\/wp\/v2\/posts"}],"about":[{"href":"http:\/\/blogdalucianaoliveira.com.br\/blog\/wp-json\/wp\/v2\/types\/post"}],"author":[{"embeddable":true,"href":"http:\/\/blogdalucianaoliveira.com.br\/blog\/wp-json\/wp\/v2\/users\/1"}],"replies":[{"embeddable":true,"href":"http:\/\/blogdalucianaoliveira.com.br\/blog\/wp-json\/wp\/v2\/comments?post=151"}],"version-history":[{"count":2,"href":"http:\/\/blogdalucianaoliveira.com.br\/blog\/wp-json\/wp\/v2\/posts\/151\/revisions"}],"predecessor-version":[{"id":154,"href":"http:\/\/blogdalucianaoliveira.com.br\/blog\/wp-json\/wp\/v2\/posts\/151\/revisions\/154"}],"wp:attachment":[{"href":"http:\/\/blogdalucianaoliveira.com.br\/blog\/wp-json\/wp\/v2\/media?parent=151"}],"wp:term":[{"taxonomy":"category","embeddable":true,"href":"http:\/\/blogdalucianaoliveira.com.br\/blog\/wp-json\/wp\/v2\/categories?post=151"},{"taxonomy":"post_tag","embeddable":true,"href":"http:\/\/blogdalucianaoliveira.com.br\/blog\/wp-json\/wp\/v2\/tags?post=151"}],"curies":[{"name":"wp","href":"https:\/\/api.w.org\/{rel}","templated":true}]}}